{"id":1258187,"date":"2023-11-22T16:52:36","date_gmt":"2023-11-22T22:52:36","guid":{"rendered":"https:\/\/www.acapulcopress.com\/?p=1258187"},"modified":"2023-11-22T16:52:36","modified_gmt":"2023-11-22T22:52:36","slug":"acapulco-otis-prioridad-alimentos-agua-y-reactivacion-economica-evelyn-salgado","status":"publish","type":"post","link":"https:\/\/www.acapulcopress.com\/index.php\/2023\/11\/22\/acapulco-otis-prioridad-alimentos-agua-y-reactivacion-economica-evelyn-salgado\/","title":{"rendered":"Acapulco Otis | Prioridad: alimentos, agua y reactivaci\u00f3n econ\u00f3mica | Evelyn Salgado"},"content":{"rendered":"<p style=\"text-align: justify;\">ACAPULCO * Noviembre 22, 2023.<br \/>\n<em>) Gobierno de Guerrero<\/em><br \/>\n<img loading=\"lazy\" decoding=\"async\" class=\"alignleft size-medium wp-image-1258194\" src=\"https:\/\/www.acapulcopress.com\/wp-content\/uploads\/2023\/11\/OTIS-RECONS6-375x250.jpg\" alt=\"\" width=\"375\" height=\"250\" \/>Para acelerar la reconstrucci\u00f3n del puerto de Acapulco, la gobernadora <a href=\"https:\/\/www.facebook.com\/EvelynSalgadoP\" target=\"_blank\" rel=\"noopener\">Evelyn Salgado Pineda<\/a> evalu\u00f3 el trabajo para intensificar las acciones estrat\u00e9gicas de atenci\u00f3n a la poblaci\u00f3n con alimentaci\u00f3n en los m\u00e1s de 60 comedores instaladores donde se atienden a 35 mil personas diariamente, adem\u00e1s de reactivar la econom\u00eda con la apertura de 25 tiendas comerciales y 25 sucursales bancarias, adem\u00e1s se restablece el sistema de agua potable que, al d\u00eda de hoy, bombea 3 mil 585 litros de agua por segundo a la ciudad, lo que representa el 80 por ciento de la capacidad, superior a lo que ten\u00eda el puerto antes de \u201cOtis\u201d.<\/p>\n<p style=\"text-align: justify;\">\u201cVamos a continuar con todo este trabajo, con los comedores, con la entrega de agua, con los diferentes apoyos, con la reactivaci\u00f3n econ\u00f3mica que tambi\u00e9n es muy importante, <img loading=\"lazy\" decoding=\"async\" class=\"alignleft size-medium wp-image-1258193\" src=\"https:\/\/www.acapulcopress.com\/wp-content\/uploads\/2023\/11\/OTIS-RECONS5-375x667.jpg\" alt=\"\" width=\"375\" height=\"667\" \/>vamos a tener visitas a comunidades y colonias, despu\u00e9s de los recorridos vamos a estar atendiendo otros temas, vamos a seguir trabajando; hay m\u00e1s de 2 mil 500 servidores p\u00fablicos trabajando d\u00eda y noche en la limpieza que es fundamental. Vamos a seguir trabajando por este maravilloso puerto, Acapulco tiene que seguir de pie y volver a brillar como siempre lo ha hecho\u201d, puntualiz\u00f3 la gobernadora.<\/p>\n<p style=\"text-align: justify;\">Como uno de los temas prioritarios de atenci\u00f3n, el secretario de Planeaci\u00f3n y Desarrollo Regional, Ren\u00e9 Vargas Pineda, indic\u00f3 que se han brindado, a la fecha, m\u00e1s de un mill\u00f3n 500 mil raciones de desayunos y comidas diarias en lo que va de la contingencia a trav\u00e9s de la instalaci\u00f3n de 62 comedores comunitarios y seis refugios temporales en operaci\u00f3n donde m\u00e1s de 250 personas se encuentran recibiendo atenci\u00f3n integral en sus diferentes afectaciones, atendiendo a personas con discapacidad con aparatos funcionales para que puedan tener una estancia digna en los refugios.<\/p>\n<p style=\"text-align: justify;\">Dijo que gracias a la estrategia implementada por la gobernadora se han atendido a las colonias donde hubo una mayor afectaci\u00f3n y tambi\u00e9n las localidades donde el grado de vulnerabilidad es alto por los estragos del hurac\u00e1n \u201cOtis\u201d, brindando salud, alimentaci\u00f3n y atenci\u00f3n psicol\u00f3gica donde se requiera.<\/p>\n<p style=\"text-align: justify;\"><img loading=\"lazy\" decoding=\"async\" class=\"alignleft size-medium wp-image-1258192\" src=\"https:\/\/www.acapulcopress.com\/wp-content\/uploads\/2023\/11\/OTIS-RECONS4-375x211.jpg\" alt=\"\" width=\"375\" height=\"211\" \/>Por su parte, la secretaria de Fomento y Desarrollo Econ\u00f3mico, Teodora Ram\u00edrez Vega, dijo que para la gobernadora Evelyn Salgado era muy importante la reactivaci\u00f3n de la actividad econ\u00f3mica en una primera fase por ello se logr\u00f3 contactar a los grupos empresariales y cadenas comerciales que tienen presencia en Acapulco y que en su totalidad suman m\u00e1s de 10 mil empleos directos tan solo en Acapulco.<\/p>\n<p style=\"text-align: justify;\">Destac\u00f3 que, al d\u00eda de hoy se han reaperturado 23 tiendas de autoservicio y 25 sucursales bancarias, atendiendo dos de las preocupaciones a la ciudadan\u00eda de tener acceso a su liquidez y tener donde comprar. Agreg\u00f3 que las grandes empresas han encontrado en el gobierno de Evelyn Salgado las condiciones de refrendar su compromiso de seguir <img loading=\"lazy\" decoding=\"async\" class=\"alignleft size-medium wp-image-1258191\" src=\"https:\/\/www.acapulcopress.com\/wp-content\/uploads\/2023\/11\/OTIS-RECONS3-375x250.jpg\" alt=\"\" width=\"375\" height=\"250\" \/>invirtiendo en Acapulco y reaperturar el cien por ciento de sus unidades de negocio, dando certeza al empleo y a la preocupaci\u00f3n de las familias de tener un lugar donde surtir sus despensas.<\/p>\n<p style=\"text-align: justify;\">En el tema de agua potable, el titular de la CAPASEG, Facundo Gastelum, precis\u00f3 que \u201cOtis\u201d dej\u00f3 fuera de operaci\u00f3n las seis principales fuentes de abastecimiento que alimentan la ciudad, sin embargo, en estrecha coordinaci\u00f3n con el gobierno federal Conagua y personal de CAPAMA, as\u00ed como el valioso apoyo de la CFE se ha logrado restablecer e incrementar, de cero litros que hab\u00eda en la red, al d\u00eda de hoy se est\u00e1n bombeando 3 mil 585 litros de agua por segundo a la ciudad, esto significa el 80 por ciento de la capacidad instalada en las seis fuentes de Acapulco, que comparado, antes del <img loading=\"lazy\" decoding=\"async\" class=\"alignleft size-medium wp-image-1258190\" src=\"https:\/\/www.acapulcopress.com\/wp-content\/uploads\/2023\/11\/OTIS-RECONS2-375x250.jpg\" alt=\"\" width=\"375\" height=\"250\" \/>hurac\u00e1n se bombeaba al 50 por ciento de la capacidad instalada.<\/p>\n<p style=\"text-align: justify;\">A\u00f1adi\u00f3 que se trabaja a marchas forzadas para restablecer de manera r\u00e1pida este servicio vital y de primera necesidad para la poblaci\u00f3n revisando la red el\u00e9ctrica, con limpieza desazolves y se espera que en breve se pueda incrementar esta cobertura de agua potable, que tiene un 65 por ciento de cobertura en toda la zona urbana y conurbada de Acapulco, con la instrucci\u00f3n puntual de la gobernadora de que el servicio de agua potable en Acapulco est\u00e9 mejor que antes de la presencia de \u201cOtis\u201d.<\/p>\n<p style=\"text-align: justify;\">Destac\u00f3 que en los primeros d\u00edas de la emergencia por instrucciones de la gobernadora Evelyn Salgado se implement\u00f3 un plan emergente de entrega de agua en pipas a domicilio totalmente gratuita, que, al d\u00eda de hoy, suma una cantidad cercana a los 20 millones de litros de agua entregada en colonias y comunidades y el compromiso contin\u00faa.<\/p>\n<p><img loading=\"lazy\" decoding=\"async\" class=\"alignnone wp-image-1258189 size-large\" src=\"https:\/\/www.acapulcopress.com\/wp-content\/uploads\/2023\/11\/OTIS-RECONS-840x560.jpg\" alt=\"\" width=\"696\" height=\"464\" \/><\/p>\n<p><em>] S\u00edguenos en Facebook.com\/<a href=\"https:\/\/www.facebook.com\/acapulcopress.news\" target=\"_blank\" rel=\"noopener\">acapulcopress.news<\/a><\/em><br \/>\n<em>] S\u00edguenos en Facebook.com\/<a href=\"https:\/\/www.facebook.com\/angelblanco.press\" target=\"_blank\" rel=\"noopener\">angelblanco.press<\/a><\/em><br \/>\n<em>] Visita nuestro sitio web acapulcopress.com<\/em><\/p>\n","protected":false},"excerpt":{"rendered":"<p>ACAPULCO * Noviembre 22, 2023. ) Gobierno de Guerrero Para acelerar la reconstrucci\u00f3n del puerto de Acapulco, la gobernadora Evelyn Salgado Pineda evalu\u00f3 el trabajo para intensificar las acciones estrat\u00e9gicas de atenci\u00f3n a la poblaci\u00f3n con alimentaci\u00f3n en los m\u00e1s de 60 comedores instaladores donde se atienden a 35 mil personas diariamente, adem\u00e1s de reactivar&#8230;<\/p>\n","protected":false},"author":2,"featured_media":1258188,"comment_status":"closed","ping_status":"closed","sticky":false,"template":"","format":"standard","meta":{"footnotes":""},"categories":[1972,1983,18561],"tags":[8251,9302],"class_list":["post-1258187","post","type-post","status-publish","format-standard","has-post-thumbnail","hentry","category-special","category-guerrerogob","category-society-politics","tag-evelyn-salgado-pineda","tag-gobierno-de-guerrero"],"_links":{"self":[{"href":"https:\/\/www.acapulcopress.com\/index.php\/wp-json\/wp\/v2\/posts\/1258187","targetHints":{"allow":["GET"]}}],"collection":[{"href":"https:\/\/www.acapulcopress.com\/index.php\/wp-json\/wp\/v2\/posts"}],"about":[{"href":"https:\/\/www.acapulcopress.com\/index.php\/wp-json\/wp\/v2\/types\/post"}],"author":[{"embeddable":true,"href":"https:\/\/www.acapulcopress.com\/index.php\/wp-json\/wp\/v2\/users\/2"}],"replies":[{"embeddable":true,"href":"https:\/\/www.acapulcopress.com\/index.php\/wp-json\/wp\/v2\/comments?post=1258187"}],"version-history":[{"count":0,"href":"https:\/\/www.acapulcopress.com\/index.php\/wp-json\/wp\/v2\/posts\/1258187\/revisions"}],"wp:featuredmedia":[{"embeddable":true,"href":"https:\/\/www.acapulcopress.com\/index.php\/wp-json\/"}],"wp:attachment":[{"href":"https:\/\/www.acapulcopress.com\/index.php\/wp-json\/wp\/v2\/media?parent=1258187"}],"wp:term":[{"taxonomy":"category","embeddable":true,"href":"https:\/\/www.acapulcopress.com\/index.php\/wp-json\/wp\/v2\/categories?post=1258187"},{"taxonomy":"post_tag","embeddable":true,"href":"https:\/\/www.acapulcopress.com\/index.php\/wp-json\/wp\/v2\/tags?post=1258187"}],"curies":[{"name":"wp","href":"https:\/\/api.w.org\/{rel}","templated":true}]}}