{"id":1258197,"date":"2023-11-22T17:18:41","date_gmt":"2023-11-22T23:18:41","guid":{"rendered":"https:\/\/www.acapulcopress.com\/?p=1258197"},"modified":"2023-11-22T17:18:41","modified_gmt":"2023-11-22T23:18:41","slug":"entre-congreso-y-damnificados-divide-jacko-badillo-su-agenda-legislativa","status":"publish","type":"post","link":"https:\/\/www.acapulcopress.com\/index.php\/2023\/11\/22\/entre-congreso-y-damnificados-divide-jacko-badillo-su-agenda-legislativa\/","title":{"rendered":"Entre Congreso y damnificados divide Jacko Badillo su agenda legislativa"},"content":{"rendered":"<p style=\"text-align: justify;\">ACAPULCO * Noviembre 22, 2023.<br \/>\n) <em>Especial<\/em><br \/>\n<img loading=\"lazy\" decoding=\"async\" class=\"alignleft size-medium wp-image-1258202\" src=\"https:\/\/www.acapulcopress.com\/wp-content\/uploads\/2023\/11\/JACKO-BADILLO2-375x281.jpg\" alt=\"\" width=\"375\" height=\"281\" \/>Consciente de que no solamente la parte urbana y suburbana de Acapulco sufri\u00f3 graves afectaciones por el hurac\u00e1n Otis, sino tambi\u00e9n la zona rural, el diputado local Joaqu\u00edn \u00abJacko\u00bb Badillo Escamilla enfil\u00f3 apoyo alimentario hacia las comunidades.<\/p>\n<p style=\"text-align: justify;\">El legislador acapulque\u00f1o por Morena se\u00f1al\u00f3 que en los pueblos tambi\u00e9n hubo da\u00f1os, muchos hogares quedaron sin techo, algunos de sus sembrad\u00edos se perdieron parcial o completamente, de igual forma sus hatos de ganado o animales de corral, afectando seriamente a sus familias.<\/p>\n<p style=\"text-align: justify;\">Al respecto, Jacko Badillo recorri\u00f3 a\u00fan por la noche, despu\u00e9s de cumplir sus funciones como diputado en Chilpancingo, las comunidades de Ejido Nuevo y colonia El Jobero, en las inmediaciones de El Treinta, llevando v\u00edveres y el mensaje de que \u00abAcapulco no est\u00e1 solo, lo vamos a levantar entre todos y pronto estar\u00e1 de pie y m\u00e1s fuerte que nunca\u00bb, expres\u00f3.<\/p>\n<p><img loading=\"lazy\" decoding=\"async\" class=\"alignnone wp-image-1258200 size-large\" src=\"https:\/\/www.acapulcopress.com\/wp-content\/uploads\/2023\/11\/IMG-20231122-WA0040-840x630.jpg\" alt=\"\" width=\"696\" height=\"522\" \/><\/p>\n<p><img loading=\"lazy\" decoding=\"async\" class=\"alignnone wp-image-1258203 size-large\" src=\"https:\/\/www.acapulcopress.com\/wp-content\/uploads\/2023\/11\/JACKO-BADILLO3-840x630.jpg\" alt=\"\" width=\"696\" height=\"522\" \/><br \/>\n<em>] S\u00edguenos en Facebook.com\/<a href=\"https:\/\/www.facebook.com\/acapulcopress.news\" target=\"_blank\" rel=\"noopener\">acapulcopress.news<\/a><\/em><br \/>\n<em>] S\u00edguenos en Facebook.com\/<a href=\"https:\/\/www.facebook.com\/angelblanco.press\" target=\"_blank\" rel=\"noopener\">angelblanco.press<\/a><\/em><br \/>\n<em>] Visita nuestro sitio web acapulcopress.com<\/em><\/p>\n","protected":false},"excerpt":{"rendered":"<p>ACAPULCO * Noviembre 22, 2023. ) Especial Consciente de que no solamente la parte urbana y suburbana de Acapulco sufri\u00f3 graves afectaciones por el hurac\u00e1n Otis, sino tambi\u00e9n la zona rural, el diputado local Joaqu\u00edn \u00abJacko\u00bb Badillo Escamilla enfil\u00f3 apoyo alimentario hacia las comunidades. El legislador acapulque\u00f1o por Morena se\u00f1al\u00f3 que en los pueblos tambi\u00e9n&#8230;<\/p>\n","protected":false},"author":2,"featured_media":1258201,"comment_status":"closed","ping_status":"closed","sticky":false,"template":"","format":"standard","meta":{"footnotes":""},"categories":[61,18561],"tags":[2745,9987],"class_list":["post-1258197","post","type-post","status-publish","format-standard","has-post-thumbnail","hentry","category-legislacion","category-society-politics","tag-jacko-badillo","tag-huracan-otis"],"_links":{"self":[{"href":"https:\/\/www.acapulcopress.com\/index.php\/wp-json\/wp\/v2\/posts\/1258197","targetHints":{"allow":["GET"]}}],"collection":[{"href":"https:\/\/www.acapulcopress.com\/index.php\/wp-json\/wp\/v2\/posts"}],"about":[{"href":"https:\/\/www.acapulcopress.com\/index.php\/wp-json\/wp\/v2\/types\/post"}],"author":[{"embeddable":true,"href":"https:\/\/www.acapulcopress.com\/index.php\/wp-json\/wp\/v2\/users\/2"}],"replies":[{"embeddable":true,"href":"https:\/\/www.acapulcopress.com\/index.php\/wp-json\/wp\/v2\/comments?post=1258197"}],"version-history":[{"count":0,"href":"https:\/\/www.acapulcopress.com\/index.php\/wp-json\/wp\/v2\/posts\/1258197\/revisions"}],"wp:featuredmedia":[{"embeddable":true,"href":"https:\/\/www.acapulcopress.com\/index.php\/wp-json\/"}],"wp:attachment":[{"href":"https:\/\/www.acapulcopress.com\/index.php\/wp-json\/wp\/v2\/media?parent=1258197"}],"wp:term":[{"taxonomy":"category","embeddable":true,"href":"https:\/\/www.acapulcopress.com\/index.php\/wp-json\/wp\/v2\/categories?post=1258197"},{"taxonomy":"post_tag","embeddable":true,"href":"https:\/\/www.acapulcopress.com\/index.php\/wp-json\/wp\/v2\/tags?post=1258197"}],"curies":[{"name":"wp","href":"https:\/\/api.w.org\/{rel}","templated":true}]}}