{"id":1258272,"date":"2023-11-23T18:14:25","date_gmt":"2023-11-24T00:14:25","guid":{"rendered":"https:\/\/www.acapulcopress.com\/?p=1258272"},"modified":"2023-11-23T18:14:25","modified_gmt":"2023-11-24T00:14:25","slug":"tianguis-mextenis-y-convencion-bancaria-confirmados-para-2024","status":"publish","type":"post","link":"https:\/\/www.acapulcopress.com\/index.php\/2023\/11\/23\/tianguis-mextenis-y-convencion-bancaria-confirmados-para-2024\/","title":{"rendered":"Tianguis, Mextenis y Convenci\u00f3n Bancaria, confirmados para 2024"},"content":{"rendered":"<p style=\"text-align: justify;\">ACAPULCO * Noviembre 23, 2023.<br \/>\n<em>) Gobierno de Guerrero<\/em><br \/>\nDurante la presentaci\u00f3n de la primera etapa del Plan General de Reconstrucci\u00f3n y Apoyo a la Poblaci\u00f3n Afectada en Acapulco y Coyuca de Ben\u00edtez por el Hurac\u00e1n Otis, que encabeza la gobernadora <a href=\"https:\/\/www.facebook.com\/EvelynSalgadoP\" target=\"_blank\" rel=\"noopener\">Evelyn Salgado Pineda<\/a> junto al presidente de la Rep\u00fablica, <a href=\"https:\/\/www.facebook.com\/lopezobrador.org.mx\" target=\"_blank\" rel=\"noopener\">Andr\u00e9s Manuel L\u00f3pez Obrador<\/a>, se reafirm\u00f3 que Acapulco ser\u00e1 la sede del Tianguis Tur\u00edstico del 2024, se <img loading=\"lazy\" decoding=\"async\" class=\"alignleft wp-image-1258267 size-medium\" src=\"https:\/\/www.acapulcopress.com\/wp-content\/uploads\/2023\/11\/tianguis-mextenis-evelyn2-375x250.jpg\" alt=\"\" width=\"375\" height=\"250\" \/>confirm\u00f3 la realizaci\u00f3n del Abierto Mexicano de Tenis y se anunci\u00f3 que la Convenci\u00f3n Bancaria regresa a este destino.<\/p>\n<p style=\"text-align: justify;\">Este esfuerzo conjunto busca reactivar lo m\u00e1s pronto posible a este emblem\u00e1tico puerto con el apoyo de los diferentes \u00f3rdenes de gobierno y la participaci\u00f3n de la iniciativa privada.<\/p>\n<p style=\"text-align: justify;\">En voz de la secretaria de Gobernaci\u00f3n, Luisa Mar\u00eda Alcalde Luj\u00e1n se reafirm\u00f3 el compromiso con Acapulco para la realizaci\u00f3n de la edici\u00f3n 48 del Tianguis Tur\u00edstico, as\u00ed como la confirmaci\u00f3n para el mes de febrero de la realizaci\u00f3n del Abierto Mexicano de Tenis, lo que es un gran aliciente para impulsar a la principal actividad econ\u00f3mica del puerto.<\/p>\n<p style=\"text-align: justify;\">\u201cHemos llegado a un acuerdo con empresarios para continuar con el Tianguis Tur\u00edstico 2024, la 48 edici\u00f3n, que va a celebrarse aqu\u00ed, en este bello puerto, del 8 al 12 de abril. Por eso estamos trabajando de manera conjunta, para tener para esa fecha por lo menos 3 mil 500 habitaciones listas. Tambi\u00e9n vamos a mantener la celebraci\u00f3n del Abierto Mexicano de Tenis para febrero del 2024\u201d, dijo.<\/p>\n<p style=\"text-align: justify;\">En este contexto, el presidente del Consejo Coordinador Empresarial (CCE), Francisco Cervantes D\u00edaz anunci\u00f3 que, como parte de todo este trabajo conjunto entre los diferentes \u00f3rdenes de gobierno y el sector privado, se acord\u00f3 el regreso de la Convenci\u00f3n Bancaria para el mes de abril. \u201cEmpezamos a promover que se hagan convenciones aqu\u00ed y la buena noticia que ayer, en una reuni\u00f3n que tuvimos en seguimiento con el se\u00f1or presidente y su gobierno, los bancos anuncian que van a hacer en abril, acto seguido del Tianguis Tur\u00edstico, viene la Convenci\u00f3n Bancaria\u201d, enfatiz\u00f3.<\/p>\n<p style=\"text-align: justify;\">A la par, el presidente del Consejo de Grupo Autofin M\u00e9xico y Mundo Imperial, Juan Antonio Hern\u00e1ndez Venegas expres\u00f3 su reconocimiento a la labor de la gobernadora Evelyn Salgado y coincidi\u00f3 que es prioritario poder impulsar el turismo de convenciones, por lo que se redoblar\u00e1n esfuerzos a fin de que Acapulco est\u00e9 listo para recibir a los visitantes. Dijo que a partir del pr\u00f3ximo 15 de diciembre se espera tener una operatividad en cuanto hospedaje del 20 por ciento y previo a la Semana Santa de entre el 40 y 50 por ciento.<\/p>\n<p style=\"text-align: justify;\">\u201cHa sido duro y lo va a ser m\u00e1s. Pero es un reto muy importante donde todas y todos debemos demostrar de lo que somos capaces. Vamos a actuar con coraje, con conocimiento, con experiencia, pero principalmente con amor y con compromiso\u201d, se\u00f1al\u00f3 el empresario.<\/p>\n<p style=\"text-align: justify;\">A\u00f1adi\u00f3 que en este camino de la recuperaci\u00f3n se ha reafirmado la confianza de los convencionistas para seguir visitando el puerto, de tal manera que se tienen confirmados para el pr\u00f3ximo a\u00f1o eventos deportivos de box, lucha libre, paddle, futbol de playa, triatl\u00f3n, Tour de France, as\u00ed como eventos de resistencia como Spartan Race y Ironman. Tambi\u00e9n se tiene prevista la realizaci\u00f3n de 16 espect\u00e1culos en F\u00f3rum Mundo Imperial y la Arena GNP, entre los que destacan los dos conciertos que ofrecer\u00e1 Luis Miguel. Adem\u00e1s de que realiz\u00f3 la gesti\u00f3n para que, por primera vez, las f\u00e1bricas de autom\u00f3viles, camiones y autobuses realicen sus eventos, reuniones de trabajo y convenciones en este destino.<\/p>\n<p style=\"text-align: justify;\">Adicionalmente se mantiene la generaci\u00f3n de proyectos en los que se trabaja para su consolidaci\u00f3n como son la Gala Mundial del Mariachi, el Parque de las Personalidades, Barco Tur\u00edstico, Festival Internacional de Cine, Acapulco Sol y Luna, Acapulco desde el cielo, Campeonato Mundial de Clavados de Altura, un Aut\u00f3dromo, entre otros.<\/p>\n<p style=\"text-align: justify;\">Para finalizar dijo que esto ser\u00e1 en beneficio de todos para lograr abastecer la demanda de habitaciones y servicios que ser\u00e1n\u00a0requeridos.<\/p>\n<div style=\"width: 848px;\" class=\"wp-video\"><video class=\"wp-video-shortcode\" id=\"video-1258272-1\" width=\"848\" height=\"480\" preload=\"metadata\" controls=\"controls\"><source type=\"video\/mp4\" src=\"https:\/\/www.acapulcopress.com\/wp-content\/uploads\/2023\/11\/TIANGUIS-Y-MEXTENIS-24.mp4?_=1\" \/><a href=\"https:\/\/www.acapulcopress.com\/wp-content\/uploads\/2023\/11\/TIANGUIS-Y-MEXTENIS-24.mp4\">https:\/\/www.acapulcopress.com\/wp-content\/uploads\/2023\/11\/TIANGUIS-Y-MEXTENIS-24.mp4<\/a><\/video><\/div>\n<p style=\"text-align: justify;\"><em>\u00a0<\/em><\/p>\n<div style=\"width: 848px;\" class=\"wp-video\"><video class=\"wp-video-shortcode\" id=\"video-1258272-2\" width=\"848\" height=\"480\" preload=\"metadata\" controls=\"controls\"><source type=\"video\/mp4\" src=\"https:\/\/www.acapulcopress.com\/wp-content\/uploads\/2023\/11\/Juan-Antonio-Hernandez-Venegas.mp4?_=2\" \/><a href=\"https:\/\/www.acapulcopress.com\/wp-content\/uploads\/2023\/11\/Juan-Antonio-Hernandez-Venegas.mp4\">https:\/\/www.acapulcopress.com\/wp-content\/uploads\/2023\/11\/Juan-Antonio-Hernandez-Venegas.mp4<\/a><\/video><\/div>\n<p style=\"text-align: justify;\"><em><br \/>\n] S\u00edguenos en Facebook.com\/<a href=\"https:\/\/www.facebook.com\/acapulcopress.news\" target=\"_blank\" rel=\"noopener\">acapulcopress.news<\/a><\/em><br \/>\n<em>] S\u00edguenos en Facebook.com\/<a href=\"https:\/\/www.facebook.com\/angelblanco.press\" target=\"_blank\" rel=\"noopener\">angelblanco.press<\/a><\/em><br \/>\n<em>] Visita nuestro sitio web acapulcopress.com<\/em><\/p>\n","protected":false},"excerpt":{"rendered":"<p>ACAPULCO * Noviembre 23, 2023. ) Gobierno de Guerrero Durante la presentaci\u00f3n de la primera etapa del Plan General de Reconstrucci\u00f3n y Apoyo a la Poblaci\u00f3n Afectada en Acapulco y Coyuca de Ben\u00edtez por el Hurac\u00e1n Otis, que encabeza la gobernadora Evelyn Salgado Pineda junto al presidente de la Rep\u00fablica, Andr\u00e9s Manuel L\u00f3pez Obrador, se&#8230;<\/p>\n","protected":false},"author":2,"featured_media":1258268,"comment_status":"closed","ping_status":"closed","sticky":false,"template":"","format":"standard","meta":{"footnotes":""},"categories":[1972,1988,18562],"tags":[3896,8251,9987],"class_list":["post-1258272","post","type-post","status-publish","format-standard","has-post-thumbnail","hentry","category-special","category-lifestyles","category-turism","tag-andres-manuel-lopez-obrador","tag-evelyn-salgado-pineda","tag-huracan-otis"],"_links":{"self":[{"href":"https:\/\/www.acapulcopress.com\/index.php\/wp-json\/wp\/v2\/posts\/1258272","targetHints":{"allow":["GET"]}}],"collection":[{"href":"https:\/\/www.acapulcopress.com\/index.php\/wp-json\/wp\/v2\/posts"}],"about":[{"href":"https:\/\/www.acapulcopress.com\/index.php\/wp-json\/wp\/v2\/types\/post"}],"author":[{"embeddable":true,"href":"https:\/\/www.acapulcopress.com\/index.php\/wp-json\/wp\/v2\/users\/2"}],"replies":[{"embeddable":true,"href":"https:\/\/www.acapulcopress.com\/index.php\/wp-json\/wp\/v2\/comments?post=1258272"}],"version-history":[{"count":0,"href":"https:\/\/www.acapulcopress.com\/index.php\/wp-json\/wp\/v2\/posts\/1258272\/revisions"}],"wp:featuredmedia":[{"embeddable":true,"href":"https:\/\/www.acapulcopress.com\/index.php\/wp-json\/"}],"wp:attachment":[{"href":"https:\/\/www.acapulcopress.com\/index.php\/wp-json\/wp\/v2\/media?parent=1258272"}],"wp:term":[{"taxonomy":"category","embeddable":true,"href":"https:\/\/www.acapulcopress.com\/index.php\/wp-json\/wp\/v2\/categories?post=1258272"},{"taxonomy":"post_tag","embeddable":true,"href":"https:\/\/www.acapulcopress.com\/index.php\/wp-json\/wp\/v2\/tags?post=1258272"}],"curies":[{"name":"wp","href":"https:\/\/api.w.org\/{rel}","templated":true}]}}