{"id":1258284,"date":"2023-11-23T19:34:27","date_gmt":"2023-11-24T01:34:27","guid":{"rendered":"https:\/\/www.acapulcopress.com\/?p=1258284"},"modified":"2023-11-23T19:34:27","modified_gmt":"2023-11-24T01:34:27","slug":"el-nini-otra-ofrenda-de-amlo-a-estados-unidos","status":"publish","type":"post","link":"https:\/\/www.acapulcopress.com\/index.php\/2023\/11\/23\/el-nini-otra-ofrenda-de-amlo-a-estados-unidos\/","title":{"rendered":"&#8216;El Nini&#8217;, \u00bfotra ofrenda de AMLO a Estados Unidos?"},"content":{"rendered":"<p style=\"text-align: justify;\">WASHINGTON * Noviembre 23, 2023.<br \/>\n<em>) <a href=\"https:\/\/www.proceso.com.mx\/\" target=\"_blank\" rel=\"noopener\">Apro<\/a><\/em><\/p>\n<p style=\"text-align: justify;\">El presidente de Estados Unidos, <a href=\"https:\/\/web.facebook.com\/joebiden\" target=\"_blank\" rel=\"noopener\">Joe Biden<\/a>, calific\u00f3 la captura de N\u00e9stor Isidro P\u00e9rez Salas, \u201cEl Nini\u201d, como un \u201ctestamento\u201d del compromiso y cooperaci\u00f3n de su pa\u00eds y M\u00e9xico por <img loading=\"lazy\" decoding=\"async\" class=\"alignleft wp-image-1258285 size-medium\" src=\"https:\/\/www.acapulcopress.com\/wp-content\/uploads\/2023\/11\/AMLO-Y-BIDEN-375x211.webp\" alt=\"\" width=\"375\" height=\"211\" \/>combatir al narcotr\u00e1fico y la narcoviolencia.<\/p>\n<p style=\"text-align: justify;\">En referencia tambi\u00e9n a la reciente extradici\u00f3n de M\u00e9xico a Estados Unidos de Ovidio Guzm\u00e1n L\u00f3pez, hijo de Joaqu\u00edn \u201cEl Chapo\u201d Guzm\u00e1n Loera, exl\u00edder de una de las fracciones del C\u00e1rtel de Sinaloa, Biden agradeci\u00f3 las acciones al presidente Andr\u00e9s Manuel L\u00f3pez Obrador.<\/p>\n<p style=\"text-align: justify;\">\u201cEstos arrestos son un testamento del compromiso entre Estados Unidos y M\u00e9xico para resguardar a nuestras comunidades contra la violencia, contrarrestar a los c\u00e1rteles y poner fin al azote del fentanilo que est\u00e1 da\u00f1ando a muchas familias\u201d, acot\u00f3 Biden en un comunicado.<\/p>\n<p style=\"text-align: justify;\">Se trata de una inusual reacci\u00f3n del presidente de Estados Unidos a la captura o eliminaci\u00f3n de alg\u00fan integrante importante del narcotr\u00e1fico mexicano ya que las reacciones oficiales del gobierno estadunidense las hacen las agencias federales.<\/p>\n<p style=\"text-align: justify;\">\u201cSeguiremos trabajando como fuertes aliados para hacer lo que sea posible para responsabilizar a los criminales que ponen en riesgo la salud p\u00fablica y la seguridad de nuestras naciones. Como se lo dije al presidente L\u00f3pez Obrador cuando nos reunimos en San Francisco el 17 de noviembre, nada est\u00e1 fuera de nuestro alcance cuando M\u00e9xico y Estados Unidos se unen\u201d, subray\u00f3 Biden.<\/p>\n<p style=\"text-align: justify;\">Bajo las leyes contra el crimen organizado, el gobierno de Estados Unidos design\u00f3 a \u201cEl Nini\u201d, como narcotraficante significativo y ofrec\u00eda una recompensa de tres millones de d\u00f3lares por informaci\u00f3n que conllevara a su ubicaci\u00f3n y captura.<\/p>\n<p style=\"text-align: justify;\">Este mi\u00e9rcoles 22 de noviembre en Culiac\u00e1n, Sinaloa, las fuerzas de seguridad de M\u00e9xico capturaron a \u201cEl Nini\u201d.<\/p>\n<p style=\"text-align: justify;\">P\u00e9rez Salas es considerado como uno de los sicarios m\u00e1s crueles y violentos de la fracci\u00f3n del C\u00e1rtel de Sinaloa que comandan los hijos del Chapo Guzm\u00e1n, conocida como \u201cLos Chapitos\u201d.<\/p>\n<p style=\"text-align: justify;\">Al Nini, presunto jefe de seguridad de la organizaci\u00f3n de los v\u00e1stagos de Guzm\u00e1n Loera, le achacan la estrategia de ataque contra las fuerzas armadas del 17 de octubre de 2017 en Culiac\u00e1n, cuando militares mexicanos ubicaron y capturaron a Ovidio y luego lo dejaron en libertad por la incidencia de violencia y amenaza de Los Chapitos.<\/p>\n<p style=\"text-align: justify;\">\u201cQuiero agradecer al presidente L\u00f3pez Obrador, al Ej\u00e9rcito y Fuerzas Especiales de M\u00e9xico por la captura efectiva del \u2018Nini\u2019 y, expresar nuestro aprecio por la valent\u00eda de las mujeres y hombres mexicanos de las fuerzas de seguridad que llevaron a cabo la operaci\u00f3n\u201d, a\u00f1adi\u00f3 Biden en su comunicado.<\/p>\n<p style=\"text-align: justify;\">En la reacci\u00f3n por escrito del mandatario estadunidense que difundi\u00f3 la Casa Blanca a los medios de comunicaci\u00f3n, se resalta que, por un lapso de tres a\u00f1os, \u201cEl Nini\u201d fue uno de los criminales m\u00e1s buscados por la justicia.<\/p>\n<p style=\"text-align: justify;\">\u201cPor su papel en la perpetraci\u00f3n de violencia y tr\u00e1fico de fentanilo a Estados Unidos, los dos pa\u00edses ahora est\u00e1n m\u00e1s seguros con \u00e9l tras las rejas para enfrentar a la justicia por sus cr\u00edmenes\u201d, concluy\u00f3 Biden.<\/p>\n<p style=\"text-align: justify;\">Aunque no lo expone la Casa Blanca en la declaraci\u00f3n por escrito del titular del Ejecutivo, el gobierno estadunidense solicitar\u00e1 al de M\u00e9xico la extradici\u00f3n del Nini.<\/p>\n<p style=\"text-align: justify;\"><em>] S\u00edguenos en Facebook.com\/<a href=\"https:\/\/www.facebook.com\/acapulcopress.news\" target=\"_blank\" rel=\"noopener\">acapulcopress.news<\/a><\/em><br \/>\n<em>] S\u00edguenos en Facebook.com\/<a href=\"https:\/\/www.facebook.com\/angelblanco.press\" target=\"_blank\" rel=\"noopener\">angelblanco.press<\/a><\/em><br \/>\n<em>] Visita nuestro sitio web acapulcopress.com<\/em><\/p>\n","protected":false},"excerpt":{"rendered":"<p>WASHINGTON * Noviembre 23, 2023. ) Apro El presidente de Estados Unidos, Joe Biden, calific\u00f3 la captura de N\u00e9stor Isidro P\u00e9rez Salas, \u201cEl Nini\u201d, como un \u201ctestamento\u201d del compromiso y cooperaci\u00f3n de su pa\u00eds y M\u00e9xico por combatir al narcotr\u00e1fico y la narcoviolencia. En referencia tambi\u00e9n a la reciente extradici\u00f3n de M\u00e9xico a Estados Unidos&#8230;<\/p>\n","protected":false},"author":2,"featured_media":1258286,"comment_status":"closed","ping_status":"closed","sticky":false,"template":"","format":"standard","meta":{"footnotes":""},"categories":[1997],"tags":[13624],"class_list":["post-1258284","post","type-post","status-publish","format-standard","has-post-thumbnail","hentry","category-noticias-destacadas","tag-nestor-isidro-perez-salas-el-nini"],"_links":{"self":[{"href":"https:\/\/www.acapulcopress.com\/index.php\/wp-json\/wp\/v2\/posts\/1258284","targetHints":{"allow":["GET"]}}],"collection":[{"href":"https:\/\/www.acapulcopress.com\/index.php\/wp-json\/wp\/v2\/posts"}],"about":[{"href":"https:\/\/www.acapulcopress.com\/index.php\/wp-json\/wp\/v2\/types\/post"}],"author":[{"embeddable":true,"href":"https:\/\/www.acapulcopress.com\/index.php\/wp-json\/wp\/v2\/users\/2"}],"replies":[{"embeddable":true,"href":"https:\/\/www.acapulcopress.com\/index.php\/wp-json\/wp\/v2\/comments?post=1258284"}],"version-history":[{"count":0,"href":"https:\/\/www.acapulcopress.com\/index.php\/wp-json\/wp\/v2\/posts\/1258284\/revisions"}],"wp:featuredmedia":[{"embeddable":true,"href":"https:\/\/www.acapulcopress.com\/index.php\/wp-json\/"}],"wp:attachment":[{"href":"https:\/\/www.acapulcopress.com\/index.php\/wp-json\/wp\/v2\/media?parent=1258284"}],"wp:term":[{"taxonomy":"category","embeddable":true,"href":"https:\/\/www.acapulcopress.com\/index.php\/wp-json\/wp\/v2\/categories?post=1258284"},{"taxonomy":"post_tag","embeddable":true,"href":"https:\/\/www.acapulcopress.com\/index.php\/wp-json\/wp\/v2\/tags?post=1258284"}],"curies":[{"name":"wp","href":"https:\/\/api.w.org\/{rel}","templated":true}]}}