{"id":1258297,"date":"2023-11-24T19:33:31","date_gmt":"2023-11-25T01:33:31","guid":{"rendered":"https:\/\/www.acapulcopress.com\/?p=1258297"},"modified":"2023-11-24T19:33:31","modified_gmt":"2023-11-25T01:33:31","slug":"entrometen-la-politica-electoral-en-la-tragedia","status":"publish","type":"post","link":"https:\/\/www.acapulcopress.com\/index.php\/2023\/11\/24\/entrometen-la-politica-electoral-en-la-tragedia\/","title":{"rendered":"Entrometen la pol\u00edtica electoral en la tragedia"},"content":{"rendered":"<p style=\"text-align: justify;\">Marem\u00e1gnum<br \/>\n\u00bb <strong>RICARDO<\/strong> | <strong>CASTILLO BARRIENTOS<\/strong><br \/>\n<em>] Facebook ) <a href=\"https:\/\/www.facebook.com\/ricardocastill01\" target=\"_blank\" rel=\"noopener\">Ricardo Castillo Barrientos<\/a><\/em><\/p>\n<p style=\"text-align: justify;\">Paulatinamente y en apariencia va mejorando el estado de cosas en la ciudad, se tiene esa impresi\u00f3n por el avance de las intensas jornadas de limpieza y levantamiento de escombros en colonias y barrios, cuyos accesos, en la mayor\u00eda de los casos, quedaron despejados para dar paso a la ayuda oficial que aligerara la escasez alimentaria, que se padeci\u00f3 durante los primeros d\u00edas de la contingencia.<\/p>\n<p style=\"text-align: justify;\">Al tenor de los sucesos cotidianos de movilizaciones masivas en tareas de reconstrucci\u00f3n, se suscitan hechos ineludibles de personajes pol\u00edticos al acecho de llevar agua a sus molinos, en tiempos de tragedia que se empatan con el periodo pre-electoral.<\/p>\n<p style=\"text-align: justify;\">No obstante se reconoce la imperiosa necesidad de la suma del mayor n\u00famero de actores pol\u00edticos que puedan contribuir con sus coterr\u00e1neos en desgracia sin oportunismo pol\u00edtico, como una forma de retribuci\u00f3n desinteresada hacia quienes les depositaron su confianza.<\/p>\n<p style=\"text-align: justify;\">Un caso particular cobr\u00f3 relevancia hace algunos d\u00edas, en la persona de la diputada Yoloczin Dom\u00ednguez Serna, presidenta de la Junta de Coordinaci\u00f3n Pol\u00edtica (JUCOPO) del Congreso del Estado, que fue acremente se\u00f1alada por opositores pol\u00edticos de capitalizar infundadamente apoyos alimentarios que estaban distribuyendo elementos de la Secretar\u00eda de Marina, en la colonia Arroyo Seco, donde estaba llevando a cabo jornadas de limpieza y que al percatarse del tumulto y desorden en torno al veh\u00edculo militar, se ofreci\u00f3 voluntariamente a coadyuvar con los marinos para agilizar las actividades.<\/p>\n<p style=\"text-align: justify;\">Indudablemente que este tipo de acciones se prestan a diversas interpretaciones para golpear pol\u00edticamente a la legisladora acapulque\u00f1a, debido a que se perfila como viable sucesora de la alcaldesa Abelina L\u00f3pez Rodr\u00edguez. Que le sirva de experiencia de \u201cno hacer cosas buenas que parezcan malas\u201d.<\/p>\n<p style=\"text-align: justify;\">Algo similar le ocurri\u00f3 al dirigente estatal de MORENA, Jacinto Gonz\u00e1lez Varona, puesto en la mira por sus adversarios pol\u00edticos ante la FEPADE y por ese sinuoso camino habr\u00e1n de transitar los dirigentes pol\u00edticos de la oposici\u00f3n, cuando alg\u00fan dirigente o representante popular morenista saque la cabeza en este periodo critico que se vive en Acapulco. Que har\u00edan lo mismo a contrario sensu.<\/p>\n<p style=\"text-align: justify;\">Las bander\u00edas pol\u00edticas deber\u00edan dejarse al margen y no aprovechar la situaci\u00f3n para inculpar sin ton ni son, a aquellos personajes que en alguna medida ponen su granito de arena a favor de sus conciudadanos. La pol\u00edtica debe reservarse para el momento electoral, a la vuelta de la esquina.<\/p>\n<p style=\"text-align: justify;\"><strong>Marea Baja.-<\/strong> Vienen mas apoyos econ\u00f3micos en auxilio de Acapulco. Alemania, Francia, Espa\u00f1a y la Uni\u00f3n Europea, autorizaron significativas cantidades de euros, m\u00e1s de dos millones, que ser\u00e1n canalizados a trav\u00e9s de la Cruz Roja Mexicana, en apoyo a las tareas b\u00e1sicas de la reconstrucci\u00f3n.<\/p>\n<p style=\"text-align: justify;\">Durante los d\u00edas sucesivos seguir\u00e1n fluyendo recursos de otras naciones, que ser\u00e1n de gran ayuda ante al c\u00famulo de necesidades originadas a consecuencia de la devastaci\u00f3n del hurac\u00e1n \u201cOtis\u201d, que ser\u00e1n de gran utilidad para la m\u00e1s pronta recuperaci\u00f3n, que sin la ayuda externa de pa\u00edses hermanos nos llevar\u00eda m\u00e1s tiempo en volver a la normalidad.<\/p>\n<p style=\"text-align: justify;\"><strong>Marea Alta.-<\/strong> Qui\u00e9n se vol\u00f3 la barda fue la alcaldesa capitalina Norma Otilia Hern\u00e1ndez Mart\u00ednez, que en un alarde de modestia asegur\u00f3 que su gran liderazgo en Chilpancingo, garantiza a MORENA arrasar en las elecciones venideras del 2024, en las candidaturas a la Presidencia de la Rep\u00fablica, senadur\u00edas, diputaciones federales, locales y la alcald\u00eda.<\/p>\n<p style=\"text-align: justify;\">En v\u00eda de mientras, ya se registr\u00f3 como aspirante a senadora y en caso de no obtener la nominaci\u00f3n, pondr\u00eda en marcha su \u201cPlan B\u201d, al buscar la reelecci\u00f3n como presidenta municipal.<\/p>\n<p style=\"text-align: justify;\">Ha trascendido la existencia de una denuncia en su contra, en la Comisi\u00f3n Nacional de Honestidad y Justicia (CNHJ) del Comit\u00e9 Ejecutivo Nacional (CEN) de MORENA, en base a los videos donde aparece en una reuni\u00f3n con un presunto l\u00edder criminal, que circul\u00f3 profusamente en las redes sociales, por lo cual esa Comisi\u00f3n acumula pruebas, que en caso de resultar procedentes ser\u00eda sancionada con la expulsi\u00f3n, lo cual le cortar\u00eda de tajo las alas a sus desmedidas pretensiones pol\u00edticas.<\/p>\n<p style=\"text-align: justify;\"><strong>Maremoto.-<\/strong> Oficialmente entramos ya en el periodo pre-electoral de acuerdo al calendario del Instituto Nacional de Electores (INE) y los partidos nacionales PAN-PR-PRD, aglutinados en el Frente Fuerza y Coraz\u00f3n por M\u00e9xico, antes Frente Amplio, ya se repartieron las candidaturas plurinominales y los distritos electorales.<\/p>\n<p style=\"text-align: justify;\">En el caso de Guerrero filtraron una lista ap\u00f3crifa de los aspirantes \u201camarrados\u201d. De inmediato fue desmentida por los dirigentes partidistas locales.<\/p>\n<p style=\"text-align: justify;\">Encabeza la susodicha lista, el senador Manuel A\u00f1orve Ba\u00f1os, que quiere la reelecci\u00f3n como cosa de comer, dejando tirado en el camino al ex candidato a gobernador Mario Moreno Arcos, quien no tendr\u00eda m\u00e1s opci\u00f3n que ir por tercera ocasi\u00f3n a la alcald\u00eda chilpancingue\u00f1a, si es que logra arrebat\u00e1rsela a MORENA, o de perdida una diputaci\u00f3n local.<\/p>\n<p style=\"text-align: justify;\">Casi la totalidad de legisladores de Guerrero y del pa\u00eds, ya se registraron en busca de la reelecci\u00f3n al Congreso de la Uni\u00f3n, como son los casos de los senadores F\u00e9lix Salgado y N\u00e9stora Salgado, que llevan mano ante la dirigencia nacional, cerrando el paso a otros suspirantes dispuestos a sacrificarse por la patria chica.<\/p>\n<p><em>] S\u00edguenos en Facebook.com\/<a href=\"https:\/\/www.facebook.com\/acapulcopress.news\" target=\"_blank\" rel=\"noopener\">acapulcopress.news<\/a><\/em><br \/>\n<em>] S\u00edguenos en Facebook.com\/<a href=\"https:\/\/www.facebook.com\/angelblanco.press\" target=\"_blank\" rel=\"noopener\">angelblanco.press<\/a><\/em><br \/>\n<em>] Visita nuestro sitio web acapulcopress.com<\/em><\/p>\n","protected":false},"excerpt":{"rendered":"<p>Marem\u00e1gnum \u00bb RICARDO | CASTILLO BARRIENTOS ] Facebook ) Ricardo Castillo Barrientos Paulatinamente y en apariencia va mejorando el estado de cosas en la ciudad, se tiene esa impresi\u00f3n por el avance de las intensas jornadas de limpieza y levantamiento de escombros en colonias y barrios, cuyos accesos, en la mayor\u00eda de los casos, quedaron&#8230;<\/p>\n","protected":false},"author":2,"featured_media":1258298,"comment_status":"closed","ping_status":"closed","sticky":false,"template":"","format":"standard","meta":{"footnotes":""},"categories":[2071,1991],"tags":[9987,12503,15575,18260],"class_list":["post-1258297","post","type-post","status-publish","format-standard","has-post-thumbnail","hentry","category-opinion-analisis-columnas","category-libertad-de-expresion","tag-huracan-otis","tag-maremagnum","tag-ricardo-castillo-barrientos","tag-yoloczin-dominguez-serna"],"_links":{"self":[{"href":"https:\/\/www.acapulcopress.com\/index.php\/wp-json\/wp\/v2\/posts\/1258297","targetHints":{"allow":["GET"]}}],"collection":[{"href":"https:\/\/www.acapulcopress.com\/index.php\/wp-json\/wp\/v2\/posts"}],"about":[{"href":"https:\/\/www.acapulcopress.com\/index.php\/wp-json\/wp\/v2\/types\/post"}],"author":[{"embeddable":true,"href":"https:\/\/www.acapulcopress.com\/index.php\/wp-json\/wp\/v2\/users\/2"}],"replies":[{"embeddable":true,"href":"https:\/\/www.acapulcopress.com\/index.php\/wp-json\/wp\/v2\/comments?post=1258297"}],"version-history":[{"count":0,"href":"https:\/\/www.acapulcopress.com\/index.php\/wp-json\/wp\/v2\/posts\/1258297\/revisions"}],"wp:featuredmedia":[{"embeddable":true,"href":"https:\/\/www.acapulcopress.com\/index.php\/wp-json\/"}],"wp:attachment":[{"href":"https:\/\/www.acapulcopress.com\/index.php\/wp-json\/wp\/v2\/media?parent=1258297"}],"wp:term":[{"taxonomy":"category","embeddable":true,"href":"https:\/\/www.acapulcopress.com\/index.php\/wp-json\/wp\/v2\/categories?post=1258297"},{"taxonomy":"post_tag","embeddable":true,"href":"https:\/\/www.acapulcopress.com\/index.php\/wp-json\/wp\/v2\/tags?post=1258297"}],"curies":[{"name":"wp","href":"https:\/\/api.w.org\/{rel}","templated":true}]}}