{"id":1258300,"date":"2023-11-24T19:56:14","date_gmt":"2023-11-25T01:56:14","guid":{"rendered":"https:\/\/www.acapulcopress.com\/?p=1258300"},"modified":"2023-11-24T19:56:14","modified_gmt":"2023-11-25T01:56:14","slug":"en-equipo-seguimos-levantando-acapulco-evelyn-salgado","status":"publish","type":"post","link":"https:\/\/www.acapulcopress.com\/index.php\/2023\/11\/24\/en-equipo-seguimos-levantando-acapulco-evelyn-salgado\/","title":{"rendered":"En equipo seguimos levantando Acapulco | Evelyn Salgado"},"content":{"rendered":"<p style=\"text-align: justify;\">* Entreg\u00f3 25 vialidades saneadas de la colonia Emiliano Zapata<\/p>\n<p style=\"text-align: justify;\">ACAPULCO * Noviembre 24, 2023.<br \/>\n<em>) Gobierno de Guerrero<\/em><br \/>\n\u201cEn equipo seguimos levantando a nuestros queridos municipios de Acapulco y Coyuca de <img loading=\"lazy\" decoding=\"async\" class=\"alignleft size-medium wp-image-1258302\" src=\"https:\/\/www.acapulcopress.com\/wp-content\/uploads\/2023\/11\/centro-de-mando2-375x250.jpg\" alt=\"\" width=\"375\" height=\"250\" \/>Ben\u00edtez, logrando avances en el restablecimiento de los servicios b\u00e1sicos para procurar el bienestar de la ciudadan\u00eda. Nuestro compromiso es inquebrantable en esta etapa de reconstrucci\u00f3n\u201d, se\u00f1al\u00f3 la gobernadora <a href=\"https:\/\/www.facebook.com\/EvelynSalgadoP\" target=\"_blank\" rel=\"noopener\">Evelyn Salgado Pineda<\/a>.<\/p>\n<p style=\"text-align: justify;\">A un mes de que el hurac\u00e1n Otis impactara en los municipios de Acapulco y Coyuca de Ben\u00edtez, la mandataria estatal realiz\u00f3 un balance de las acciones que se han logrado en materia de atenci\u00f3n a la poblaci\u00f3n durante la emergencia, as\u00ed como los avances en la restituci\u00f3n de los servicios b\u00e1sicos y las acciones encaminadas a lograr la reconstrucci\u00f3n. En este sentido destac\u00f3 el trabajo interinstitucional que se ha llevado a cabo, lo que ha permitido un progreso significativo.<\/p>\n<p style=\"text-align: justify;\">\u201cTodas las instituciones han puesto el 200 por ciento y se han dado pasos agigantados\u201d, se\u00f1al\u00f3 ante los integrantes de los distintos \u00f3rdenes de gobierno que diariamente participan en la sesi\u00f3n del Centro de Mando para la Atenci\u00f3n de los Efectos del Hurac\u00e1n Otis.<\/p>\n<p style=\"text-align: justify;\">La mandataria resalt\u00f3 las acciones de limpieza en zonas que representaban un alto riesgo debido al acumulamiento de desechos que registraban, particularmente se refiri\u00f3 a los trabajos en la avenida L\u00e1zaro C\u00e1rdenas, Las Parotas, Bonfil, Kil\u00f3metro 30, Zapata, Sector 6, Renacimiento, entre muchas otras. Actualmente hay 182.70 kil\u00f3metros lineales de calles y avenidas principales que han sido liberadas.<\/p>\n<p style=\"text-align: justify;\">En este corte indic\u00f3 que, a trav\u00e9s del Programa de Pipas de Agua, se han distribuido m\u00e1s de 22 millones 110 mil litros en las distintas colonias; adem\u00e1s se ha logrado el restablecimiento del 90 por ciento de la distribuci\u00f3n de agua a trav\u00e9s de la red hidr\u00e1ulica.<\/p>\n<p style=\"text-align: justify;\">Para finalizar inform\u00f3 que el 98.5 por ciento de los planteles educativos reportados con da\u00f1os han\u00a0sido\u00a0revisados.<\/p>\n<p style=\"text-align: justify;\"><strong>ENTREGA 25 VIALIDADES LIMPIAS EN LA ZAPATA<\/strong><\/p>\n<p style=\"text-align: justify;\"><img loading=\"lazy\" decoding=\"async\" class=\"alignleft size-medium wp-image-1258317\" src=\"https:\/\/www.acapulcopress.com\/wp-content\/uploads\/2023\/11\/OTIS.ZAPATA14-375x250.jpg\" alt=\"\" width=\"375\" height=\"250\" \/>A un mes del impacto de Otis, la gobernadora y coordinadora de los trabajos de reconstrucci\u00f3n de Acapulco y Coyuca de Ben\u00edtez, Evelyn Salgado Pineda, logr\u00f3 la limpieza de basura y escombros en al menos 25 calles principales de la colonia Emiliano Zapata, una de las m\u00e1s pobladas del \u00e1rea conurbada; resultado de un trabajo coordinado entre las brigadas del gobierno del estado y la sociedad civil para garantizar condiciones que permitan las actividades de manera normal, as\u00ed como promover la recuperaci\u00f3n de las actividades econ\u00f3micas.<\/p>\n<p style=\"text-align: justify;\">A partir de esta entrega, la representaci\u00f3n municipal y los colonos se comprometen a continuar con los trabajos de limpieza para evitar que se vuelvan a generar puntos negros en las zonas rehabilitadas que entreg\u00f3 el estado.<\/p>\n<p style=\"text-align: justify;\"><img loading=\"lazy\" decoding=\"async\" class=\"alignleft size-medium wp-image-1258316\" src=\"https:\/\/www.acapulcopress.com\/wp-content\/uploads\/2023\/11\/OTIS.ZAPATA13-375x250.jpg\" alt=\"\" width=\"375\" height=\"250\" \/>En su encuentro con los habitantes de la colonia Emiliano Zapata, la gobernadora agradeci\u00f3 la labor de los vecinos, quienes con su decisi\u00f3n, apoyo y entusiasmo contribuyeron para lograr que se limpiaran estas \u00e1reas, quitando tanto desechos s\u00f3lidos como lodo, lo que permiti\u00f3 que se atendiera la emergencia y se entregaran los apoyos.<\/p>\n<p style=\"text-align: justify;\">\u201cNo hubi\u00e9ramos logrado estas labores de limpieza, estas brigadas sin el apoyo de vecinas, de vecinos, de toda la colonia que se solidariz\u00f3, que estuvieron al pendiente, que se ayudaron unos a los otros y sin el apoyo del delegado. Todo cont\u00f3 y todo apoyo hizo que hoy ya estuvieran de esta manera las calles. El reconocimiento es para ustedes, para una colonia emblem\u00e1tica, para una colonia que queremos mucho y que yo siempre voy a llevar <img loading=\"lazy\" decoding=\"async\" class=\"alignleft size-medium wp-image-1258315\" src=\"https:\/\/www.acapulcopress.com\/wp-content\/uploads\/2023\/11\/OTIS.ZAPATA12-375x250.jpg\" alt=\"\" width=\"375\" height=\"250\" \/>en mi coraz\u00f3n, porque son guerreras y guerreros\u201d, expres\u00f3 la mandataria.<\/p>\n<p style=\"text-align: justify;\">Al mismo tiempo reconoci\u00f3 la participaci\u00f3n de la Comisi\u00f3n de Infraestructura Carretera y Aeroportuaria del Estado de Guerrero (Cicaeg), del Instituto Guerrerense de la Infraestructura Educativa (Igife), la Universidad Aut\u00f3noma de Guerrero y dem\u00e1s instituciones, asociaciones y colonos que se sumaron a este esfuerzo. \u201cTodo el apoyo fue bienvenido, desde barrer hasta agarrar la carretilla, agarrar la retro, el cami\u00f3n de volteo. Los que entregaron los alimentos, el agua, todo el apoyo fue bienvenido\u201d, agreg\u00f3.<\/p>\n<p style=\"text-align: justify;\">A nombre de los colonos, el delegado de la Zapata, Rogelio Su\u00e1stegui Rodr\u00edguez firm\u00f3 el documento en el que queda asentado el compromiso de mantener limpias las calles que ya <img loading=\"lazy\" decoding=\"async\" class=\"alignleft size-medium wp-image-1258312\" src=\"https:\/\/www.acapulcopress.com\/wp-content\/uploads\/2023\/11\/OTIS.ZAPATA9-375x250.jpg\" alt=\"\" width=\"375\" height=\"250\" \/>entreg\u00f3 el gobierno del estado al municipio, en un apoyo solidario y decidido ante la contingencia que caus\u00f3 Otis en el tema de la generaci\u00f3n de desechos.<\/p>\n<p style=\"text-align: justify;\">En su participaci\u00f3n, el ex delegado de la colonia Zapata, Ricardo Alarc\u00f3n agradeci\u00f3 a la mandataria todo el apoyo brindado, lo que hizo posible lograr la limpieza de estas 25 calles en un corto tiempo. \u201cAgradecerle a usted, porque la verdad es una mujer que ha venido trabajando, la vemos por todos lados. Est\u00e1 al pendiente de las colonias, de toda esta gente que est\u00e1 muy agradecida. Y la verdad de todo coraz\u00f3n le agradezco, porque todo el Sector 1 qued\u00f3 completamente limpio\u201d, puntualiz\u00f3.<\/p>\n<p style=\"text-align: justify;\">Tan s\u00f3lo en esta colonia correspondiente a la Zona 6 bajo responsabilidad del gobierno del <img loading=\"lazy\" decoding=\"async\" class=\"alignleft size-medium wp-image-1258308\" src=\"https:\/\/www.acapulcopress.com\/wp-content\/uploads\/2023\/11\/OTIS.ZAPATA5-375x250.jpg\" alt=\"\" width=\"375\" height=\"250\" \/>estado, se atienden 57 n\u00facleos poblacionales del \u00e1rea suburbana, de donde se han recolectado m\u00e1s de 44 mil toneladas de desechos y escombros.<\/p>\n<p style=\"text-align: justify;\">En su recorrido por la colonia Emiliano Zapata, Evelyn Salgado visit\u00f3 el punto de acceso a Internet gratuito que instal\u00f3 el Consejo de Ciencia, Tecnolog\u00eda e Innovaci\u00f3n del Estado de Guerrero afuera de la delegaci\u00f3n municipal, para apoyar a estudiantes que est\u00e1n regresando a clases y todo ciudadano que necesite el servicio.<\/p>\n<p style=\"text-align: justify;\">La mandataria estatal tambi\u00e9n camin\u00f3 por la calle 14 de la colonia Zapata, donde salud\u00f3 a comerciantes y vecinos del lugar, acompa\u00f1ada del secretario general de Gobierno, Ludwig Marcial Reynoso N\u00fa\u00f1ez; el titular de la Seplader, Ren\u00e9 Vargas Pineda, y el director general de Gobernaci\u00f3n, Francisco Rodr\u00edguez.<\/p>\n<p style=\"text-align: justify;\"><img loading=\"lazy\" decoding=\"async\" class=\"alignnone wp-image-1258304 size-large\" src=\"https:\/\/www.acapulcopress.com\/wp-content\/uploads\/2023\/11\/OTIS.ZAPATA-840x559.jpg\" alt=\"\" width=\"696\" height=\"463\" \/><\/p>\n<p style=\"text-align: justify;\"><em>] S\u00edguenos en Facebook.com\/<a href=\"https:\/\/www.facebook.com\/acapulcopress.news\" target=\"_blank\" rel=\"noopener\">acapulcopress.news<\/a><\/em><br \/>\n<em>] S\u00edguenos en Facebook.com\/<a href=\"https:\/\/www.facebook.com\/angelblanco.press\" target=\"_blank\" rel=\"noopener\">angelblanco.press<\/a><\/em><br \/>\n<em>] Visita nuestro sitio web acapulcopress.com<\/em><\/p>\n","protected":false},"excerpt":{"rendered":"<p>* Entreg\u00f3 25 vialidades saneadas de la colonia Emiliano Zapata ACAPULCO * Noviembre 24, 2023. ) Gobierno de Guerrero \u201cEn equipo seguimos levantando a nuestros queridos municipios de Acapulco y Coyuca de Ben\u00edtez, logrando avances en el restablecimiento de los servicios b\u00e1sicos para procurar el bienestar de la ciudadan\u00eda. Nuestro compromiso es inquebrantable en esta&#8230;<\/p>\n","protected":false},"author":2,"featured_media":1258301,"comment_status":"closed","ping_status":"closed","sticky":false,"template":"","format":"standard","meta":{"footnotes":""},"categories":[1972,1983,18561],"tags":[8251,9987],"class_list":["post-1258300","post","type-post","status-publish","format-standard","has-post-thumbnail","hentry","category-special","category-guerrerogob","category-society-politics","tag-evelyn-salgado-pineda","tag-huracan-otis"],"_links":{"self":[{"href":"https:\/\/www.acapulcopress.com\/index.php\/wp-json\/wp\/v2\/posts\/1258300","targetHints":{"allow":["GET"]}}],"collection":[{"href":"https:\/\/www.acapulcopress.com\/index.php\/wp-json\/wp\/v2\/posts"}],"about":[{"href":"https:\/\/www.acapulcopress.com\/index.php\/wp-json\/wp\/v2\/types\/post"}],"author":[{"embeddable":true,"href":"https:\/\/www.acapulcopress.com\/index.php\/wp-json\/wp\/v2\/users\/2"}],"replies":[{"embeddable":true,"href":"https:\/\/www.acapulcopress.com\/index.php\/wp-json\/wp\/v2\/comments?post=1258300"}],"version-history":[{"count":0,"href":"https:\/\/www.acapulcopress.com\/index.php\/wp-json\/wp\/v2\/posts\/1258300\/revisions"}],"wp:featuredmedia":[{"embeddable":true,"href":"https:\/\/www.acapulcopress.com\/index.php\/wp-json\/"}],"wp:attachment":[{"href":"https:\/\/www.acapulcopress.com\/index.php\/wp-json\/wp\/v2\/media?parent=1258300"}],"wp:term":[{"taxonomy":"category","embeddable":true,"href":"https:\/\/www.acapulcopress.com\/index.php\/wp-json\/wp\/v2\/categories?post=1258300"},{"taxonomy":"post_tag","embeddable":true,"href":"https:\/\/www.acapulcopress.com\/index.php\/wp-json\/wp\/v2\/tags?post=1258300"}],"curies":[{"name":"wp","href":"https:\/\/api.w.org\/{rel}","templated":true}]}}