{"id":1258320,"date":"2023-11-24T20:53:03","date_gmt":"2023-11-25T02:53:03","guid":{"rendered":"https:\/\/www.acapulcopress.com\/?p=1258320"},"modified":"2023-11-24T20:53:03","modified_gmt":"2023-11-25T02:53:03","slug":"mexico-tercer-pais-feminicida-del-mundo-cepal","status":"publish","type":"post","link":"https:\/\/www.acapulcopress.com\/index.php\/2023\/11\/24\/mexico-tercer-pais-feminicida-del-mundo-cepal\/","title":{"rendered":"M\u00e9xico, tercer pa\u00eds feminicida del mundo | Cepal"},"content":{"rendered":"<p style=\"text-align: justify;\">CIUDAD DE M\u00c9XICO * Noviembre 24, 2023.<br \/>\n<em>) <a href=\"https:\/\/www.proceso.com.mx\/nacional\/2023\/11\/24\/mexico-entre-los-paises-de-al-con-mas-muertes-violentas-de-mujeres-319115.html\" target=\"_blank\" rel=\"noopener\">Apro<\/a><\/em><\/p>\n<p style=\"text-align: justify;\">En v\u00edsperas del D\u00eda Internacional de la Eliminaci\u00f3n de la Violencia contra la Mujer que se observa el s\u00e1bado, la Cepal inform\u00f3 el viernes que durante 2022 al menos cuatro mil 50 mujeres fueron v\u00edctimas de feminicidio en Am\u00e9rica Latina y el Caribe, lo que representa la muerte violenta de una mujer cada dos horas por raz\u00f3n de g\u00e9nero.<\/p>\n<p style=\"text-align: justify;\">En M\u00e9xico se registraron 1.6 muertes violentas por cada 100 mil mujeres, solamente despu\u00e9s de Honduras y Rep\u00fablica Dominicana, de acuerdo con los \u00faltimos datos informados por organismos oficiales al Observatorio de Igualdad de G\u00e9nero de Am\u00e9rica Latina y el Caribe (OIG) de la Comisi\u00f3n Econ\u00f3mica para Am\u00e9rica Latina y el Caribe (Cepal).<\/p>\n<p style=\"text-align: justify;\">\u201cNo es posible determinar una tendencia con relaci\u00f3n a las tasas de femicidio o feminicidio en la regi\u00f3n, ya que las variaciones en cada pa\u00eds son peque\u00f1as y no reflejan din\u00e1micas sostenidas de incremento o reducci\u00f3n\u201d, explic\u00f3 el viernes la Cepal en un nuevo reporte ( https:\/\/oig.cepal.org\/es\/indicadores\/feminicidio ).<\/p>\n<p style=\"text-align: justify;\">Lo que s\u00ed se puede afirmar, subray\u00f3 el organismo regional de la Organizaci\u00f3n de las Naciones Unidas (ONU), es que la violencia feminicida se mantiene en la regi\u00f3n, a pesar de la mayor conciencia p\u00fablica al respecto, de los avances legislativos, de la respuesta estatal y de los progresos en medici\u00f3n.<\/p>\n<p style=\"text-align: justify;\">De los 19 pa\u00edses y territorios de Am\u00e9rica Latina que informaron el n\u00famero de femicidios, feminicidios o muertes violentas de mujeres por raz\u00f3n de g\u00e9nero en 2022, las tasas m\u00e1s altas se registraron en Honduras (6.0 por cada 100 mil mujeres), Rep\u00fablica Dominicana (2.9), M\u00e9xico (1.6) y El Salvador y Uruguay (1.6).<\/p>\n<p style=\"text-align: justify;\">Las m\u00e1s bajas (es decir, menos de una v\u00edctima por cada 100,000 mujeres) se observaron en Puerto Rico y Per\u00fa (0.9), Colombia (0.8), Costa Rica (0.7), Nicaragua (0.5), Chile (0.4) y Cuba (0.3).<\/p>\n<p style=\"text-align: justify;\">En el Caribe, 46 mujeres fueron v\u00edctimas de violencia letal de g\u00e9nero en siete pa\u00edses y territorios que entregaron informaci\u00f3n correspondiente a 2022. El mayor n\u00famero de casos se dio en Trinidad y Tabago (43).<\/p>\n<p style=\"text-align: justify;\">\u201cNo nos cansaremos de repetirlo: Am\u00e9rica Latina y el Caribe tiene el deber de prevenir y eliminar todas las formas de violencia contra las mujeres y las ni\u00f1as. Es inaceptable que m\u00e1s de cuatro mil mujeres y ni\u00f1as sean asesinadas cada a\u00f1o en nuestros pa\u00edses por razones de g\u00e9nero\u201d, se\u00f1al\u00f3 Jos\u00e9 Manuel Salazar-Xirinachs, Secretario Ejecutivo de la CEPAL, en v\u00edsperas del D\u00eda Internacional de la Eliminaci\u00f3n de la Violencia contra la Mujer que se conmemora cada 25 de noviembre dando inicio a 16 d\u00edas de activismo hasta el 10 de diciembre, D\u00eda de los Derechos Humanos.<\/p>\n<p style=\"text-align: justify;\">Agreg\u00f3 que \u201cla violencia feminicida se puede prevenir con respuestas estatales integrales y contundentes. Se necesitan con urgencia transformaciones profundas para garantizar que las mujeres y las ni\u00f1as de nuestra regi\u00f3n puedan vivir vidas libres de violencia\u201d.<\/p>\n<p style=\"text-align: justify;\">El feminicidio es solo la expresi\u00f3n extrema de la desigualdad, la discriminaci\u00f3n y las m\u00faltiples formas de violencia contra las mujeres y las ni\u00f1as, reiter\u00f3 la CEPAL. Por ejemplo, de acuerdo con encuestas nacionales especializadas de 10 pa\u00edses de la regi\u00f3n, entre el 42 % y el 79 % de las mujeres (alrededor de 2 de cada 3) han sido v\u00edctimas de violencia por raz\u00f3n de g\u00e9nero en distintos \u00e1mbitos.<\/p>\n<p style=\"text-align: justify;\">Adem\u00e1s, en promedio 1 de cada 3 mujeres ha sido v\u00edctima o vive violencia f\u00edsica y\/o sexual por un perpetrador que era o es su pareja, lo que conlleva el riesgo de la violencia letal, seg\u00fan la OMS. Ello corresponde a 88 millones de mujeres mayores de 15 a\u00f1os en Am\u00e9rica Latina y el Caribe. A su vez, los matrimonios y uniones infantiles, tempranos y forzados son una pr\u00e1ctica nociva y una manifestaci\u00f3n de violencia de g\u00e9nero persistente y extendida en la regi\u00f3n, que afecta a 1 de cada 5 ni\u00f1as.<\/p>\n<p style=\"text-align: justify;\">M\u00e1s del 70 % de las v\u00edctimas de feminicidio en 2022 ten\u00edan entre 15 y 44 a\u00f1os, de acuerdo con la informaci\u00f3n entregada por ocho pa\u00edses de Am\u00e9rica Latina. No obstante, un 4 % ten\u00eda menos de 15 a\u00f1os y un 8 % ten\u00eda 60 a\u00f1os y m\u00e1s.<\/p>\n<p style=\"text-align: justify;\">En siete pa\u00edses que informaron a la CEPAL, al menos 400 ni\u00f1as, ni\u00f1os, adolescentes y otras personas dependientes perdieron a su madre o cuidadora a causa de femicidio o feminicidio en 2022. Al respecto, es importante resaltar que solo 8 pa\u00edses de Am\u00e9rica Latina han generado medidas de reparaci\u00f3n concretas para apoyar a personas dependientes de v\u00edctimas de femicidio, las cuales constituyen una respuesta fundamental en la construcci\u00f3n de un abordaje integral.<\/p>\n<p style=\"text-align: justify;\">Para prevenir la violencia feminicida, se requiere, adem\u00e1s, fortalecer los datos relativos a la existencia de denuncias previas de violencia o medidas cautelares que permitan evaluar y actuar frente al riesgo y as\u00ed evitar las muertes violentas por razones de g\u00e9nero.<\/p>\n<p style=\"text-align: justify;\">La CEPAL alert\u00f3 que los Estados de la regi\u00f3n deben ampliar las asignaciones presupuestarias e invertir para fortalecer las pol\u00edticas contra la violencia de g\u00e9nero con nuevas estrategias para responder a las distintas manifestaciones de violencia, como, por ejemplo, la violencia de g\u00e9nero en medios digitales.<\/p>\n<p style=\"text-align: justify;\">En el Compromiso de Buenos Aires -aprobado en 2022 y que propone un camino para avanzar hacia la sociedad del cuidado- los pa\u00edses de la regi\u00f3n acordaron \u201cimpulsar la adopci\u00f3n e implementaci\u00f3n de leyes, pol\u00edticas, planes de acci\u00f3n integrales y multisectoriales, y programas educativos de sensibilizaci\u00f3n, para prevenir, atender, sancionar y erradicar todas las formas de violencia y discriminaci\u00f3n por raz\u00f3n de g\u00e9nero contra las mujeres, las adolescentes y las ni\u00f1as en toda su diversidad, en sus diferentes \u00e1mbitos y manifestaciones, incluidas las pr\u00e1cticas nocivas como la mutilaci\u00f3n genital femenina, el matrimonio infantil y las uniones tempranas\u201d.<\/p>\n<p style=\"text-align: justify;\">Para avanzar hacia la sociedad del cuidado es preciso transformar los patrones culturales patriarcales, discriminatorios y violentos, subray\u00f3 la Cepal.<\/p>\n<p style=\"text-align: justify;\">La Comisi\u00f3n aclara que la informaci\u00f3n actual sobre las v\u00edctimas de feminicidio o femicidio no permite construir una serie temporal comparable en el tiempo para los pa\u00edses de la regi\u00f3n. Varios pa\u00edses han llevado adelante procesos de mejoramiento de sus registros de femicidio o feminicidio mediante reformas de la legislaci\u00f3n vigente, lo que ha supuesto ajustes metodol\u00f3gicos que impiden la estricta comparaci\u00f3n.<\/p>\n<p style=\"text-align: justify;\">En el contexto de su visita oficial a Chile, el Secretario General de las Naciones Unidas, Ant\u00f3nio Guterres, particip\u00f3 en una de las actividades de conmemoraci\u00f3n y visibilizaci\u00f3n que la CEPAL y el Sistema de las Naciones Unidas en el pa\u00eds realizan cada a\u00f1o en el marco de la Campa\u00f1a \u00daNETE para Poner Fin a la Violencia contra las Mujeres antes de 2030.<\/p>\n<p style=\"text-align: justify;\">Lanzada en 2008, esta iniciativa de la m\u00e1xima autoridad de la ONU insta a los Gobiernos, a la sociedad civil, a las organizaciones de mujeres, a los j\u00f3venes, al sector privado, a los medios de comunicaci\u00f3n y a todo el Sistema de las Naciones Unidas a unir fuerzas para prevenir y eliminar esta verdadera pandemia global. El tema de este a\u00f1o es \u201c\u00a1\u00daNETE! Invierte para prevenir la violencia contra las mujeres y las ni\u00f1as\u201d.<br \/>\n<em><br \/>\n] S\u00edguenos en Facebook.com\/<a href=\"https:\/\/www.facebook.com\/acapulcopress.news\" target=\"_blank\" rel=\"noopener\">acapulcopress.news<\/a><\/em><br \/>\n<em>] S\u00edguenos en Facebook.com\/<a href=\"https:\/\/www.facebook.com\/angelblanco.press\" target=\"_blank\" rel=\"noopener\">angelblanco.press<\/a><\/em><br \/>\n<em>] Visita nuestro sitio web acapulcopress.com<\/em><\/p>\n","protected":false},"excerpt":{"rendered":"<p>CIUDAD DE M\u00c9XICO * Noviembre 24, 2023. ) Apro En v\u00edsperas del D\u00eda Internacional de la Eliminaci\u00f3n de la Violencia contra la Mujer que se observa el s\u00e1bado, la Cepal inform\u00f3 el viernes que durante 2022 al menos cuatro mil 50 mujeres fueron v\u00edctimas de feminicidio en Am\u00e9rica Latina y el Caribe, lo que representa&#8230;<\/p>\n","protected":false},"author":2,"featured_media":1258321,"comment_status":"closed","ping_status":"closed","sticky":false,"template":"","format":"standard","meta":{"footnotes":""},"categories":[1997],"tags":[6136,8474,13846,14021],"class_list":["post-1258320","post","type-post","status-publish","format-standard","has-post-thumbnail","hentry","category-noticias-destacadas","tag-comision-economica-para-america-latina-y-el-caribe-cepal","tag-feminicidios-mexico","tag-observatorio-de-igualdad-de-genero-de-america-latina-y-el-caribe-oig","tag-organizacion-de-las-naciones-unidas-onu"],"_links":{"self":[{"href":"https:\/\/www.acapulcopress.com\/index.php\/wp-json\/wp\/v2\/posts\/1258320","targetHints":{"allow":["GET"]}}],"collection":[{"href":"https:\/\/www.acapulcopress.com\/index.php\/wp-json\/wp\/v2\/posts"}],"about":[{"href":"https:\/\/www.acapulcopress.com\/index.php\/wp-json\/wp\/v2\/types\/post"}],"author":[{"embeddable":true,"href":"https:\/\/www.acapulcopress.com\/index.php\/wp-json\/wp\/v2\/users\/2"}],"replies":[{"embeddable":true,"href":"https:\/\/www.acapulcopress.com\/index.php\/wp-json\/wp\/v2\/comments?post=1258320"}],"version-history":[{"count":0,"href":"https:\/\/www.acapulcopress.com\/index.php\/wp-json\/wp\/v2\/posts\/1258320\/revisions"}],"wp:featuredmedia":[{"embeddable":true,"href":"https:\/\/www.acapulcopress.com\/index.php\/wp-json\/"}],"wp:attachment":[{"href":"https:\/\/www.acapulcopress.com\/index.php\/wp-json\/wp\/v2\/media?parent=1258320"}],"wp:term":[{"taxonomy":"category","embeddable":true,"href":"https:\/\/www.acapulcopress.com\/index.php\/wp-json\/wp\/v2\/categories?post=1258320"},{"taxonomy":"post_tag","embeddable":true,"href":"https:\/\/www.acapulcopress.com\/index.php\/wp-json\/wp\/v2\/tags?post=1258320"}],"curies":[{"name":"wp","href":"https:\/\/api.w.org\/{rel}","templated":true}]}}