{"id":1258338,"date":"2023-11-27T18:31:23","date_gmt":"2023-11-28T00:31:23","guid":{"rendered":"https:\/\/www.acapulcopress.com\/?p=1258338"},"modified":"2023-11-27T18:31:23","modified_gmt":"2023-11-28T00:31:23","slug":"con-xochitl-no-hay-proyecto-solo-un-cumulo-de-intereses-sheinbaum","status":"publish","type":"post","link":"https:\/\/www.acapulcopress.com\/index.php\/2023\/11\/27\/con-xochitl-no-hay-proyecto-solo-un-cumulo-de-intereses-sheinbaum\/","title":{"rendered":"Con X\u00f3chitl \u00abno hay proyecto, s\u00f3lo un c\u00famulo de intereses\u00bb | Sheinbaum"},"content":{"rendered":"<p style=\"text-align: justify;\">CIUDAD DE M\u00c9XICO * Noviembre 27, 2023.<br \/>\n<em>) <a href=\"https:\/\/www.proceso.com.mx\/nacional\/2023\/11\/27\/es-dificil-que-remonte-xochitl-galvez-sheinbaum-ante-encuesta-que-le-favorece-319256.html\" target=\"_blank\" rel=\"noopener\">Apro<\/a><\/em><\/p>\n<p style=\"text-align: justify;\">Ante la publicaci\u00f3n de encuestas que le dan m\u00e1s de 20 puntos de ventaja en la carrera presidencial, la precandidata de Morena-PVEM y PT, <a href=\"https:\/\/web.facebook.com\/ClaudiaSheinbaumPardo\" target=\"_blank\" rel=\"noopener\">Claudia Sheinbaum<\/a>, consider\u00f3 \u201cdif\u00edcil\u201d que remonte<a href=\"https:\/\/www.facebook.com\/Xochitl.Galvez.R\" target=\"_blank\" rel=\"noopener\"> X\u00f3chitl G\u00e1lvez<\/a>, su contrincante de la oposici\u00f3n, pues de su lado, dijo, \u201cno hay proyecto, hay un c\u00famulo de intereses que los unen\u201d.<\/p>\n<p style=\"text-align: justify;\">Y sobre el crecimiento en porcentaje del precandidato de Movimiento Ciudadano, <a href=\"https:\/\/web.facebook.com\/SAMUELGARCIASEPULVEDA\" target=\"_blank\" rel=\"noopener\">Samuel Garc\u00eda<\/a>, y la posibilidad de que le reste porcentaje, la morenista se limit\u00f3 a decir: \u201cBueno, pues vamos a ver c\u00f3mo se desenvuelve\u201d.<\/p>\n<p style=\"text-align: justify;\">Este lunes, el diario El Universal public\u00f3 una encuesta en la que la exjefa de gobierno de la Ciudad de M\u00e9xico tiene 48% de preferencia si hoy fueran las elecciones presidenciales, frente a 24% de la senadora del PAN y 8% del gobernador con licencia de Nuevo Le\u00f3n.<\/p>\n<p style=\"text-align: justify;\">Tales n\u00fameros se dan a una semana de que comenz\u00f3 el periodo de precampa\u00f1as, aunque ya con candidatos \u00fanicos de cada partido o coalici\u00f3n. De acuerdo con fechas del Instituto Nacional Electoral, las campa\u00f1as presidenciales ser\u00e1n del viernes 1 de marzo al mi\u00e9rcoles 29 de mayo de 2024, mientras que la jornada electoral ser\u00e1 el domingo 2 de junio.<\/p>\n<p style=\"text-align: justify;\">Este lunes, en conferencia en la que present\u00f3 a su equipo de precampa\u00f1a, Sheinbaum Pardo fue cuestionada sobre esos resultados de la encuesta mencionada. Sonriente, contest\u00f3: \u201cEs coincidente con otras encuestas y la verdad pues a quien hay que agradecerles, el reconocimiento que tenemos, es con el pueblo de M\u00e9xico\u201d.<\/p>\n<p style=\"text-align: justify;\">Seg\u00fan su percepci\u00f3n, \u201cla ciudadan\u00eda est\u00e1 contenta con la transformaci\u00f3n, el pueblo de M\u00e9xico est\u00e1 contento con la transformaci\u00f3n. Lo vemos en estos recorridos que hemos hecho por todo el pa\u00eds. Yo no solo dir\u00eda que est\u00e1n contentos, hay una enorme algarab\u00eda porque contin\u00fae la transformaci\u00f3n y esto se muestra en las encuestas y evidentemente tambi\u00e9n, porque lo he dicho, es por un lado la transformaci\u00f3n y por otro lado el tiempo de mujeres\u201d.<\/p>\n<p style=\"text-align: justify;\">&#8211; <strong>\u00bfVen posible que pueda remontar X\u00f3chitl (G\u00e1lvez) y por eso est\u00e1n fortaleciendo lo que ser\u00eda su equipo cercano?<\/strong>, le pregunt\u00f3 la prensa.<\/p>\n<ul>\n<li style=\"text-align: justify;\">Pues la verdad lo vemos dif\u00edcil, porque all\u00e1 no hay proyecto, hay un c\u00famulo de intereses que los unen, respondi\u00f3.<\/li>\n<\/ul>\n<p style=\"text-align: justify;\">La morenista coment\u00f3 que en el documento que la aspirante presidencial del PAN-PRI-PRD present\u00f3 como \u201cproyecto de naci\u00f3n, pues no tiene nada, est\u00e1 totalmente vac\u00edo\u201d.<\/p>\n<p style=\"text-align: justify;\">Luego, reiter\u00f3 su cr\u00edtica de comparar a la oposici\u00f3n con una tienda de disfraces:<\/p>\n<p style=\"text-align: justify;\">\u201cEn realidad toman cosas de nuestro movimiento, que est\u00e1n de acuerdo con los programas sociales, que un d\u00eda son feministas, que otro d\u00eda est\u00e1n a favor de los derechos de los trabajadores, que est\u00e1n a favor, repito, de los programas sociales. Y a la hora de que votan en la C\u00e1mara de Diputados, pues est\u00e1n en contra de que la pensi\u00f3n universal de adultos mayores se vuelva constitucional\u201d.<\/p>\n<p style=\"text-align: justify;\">La virtual candidata presidencial de la 4T a\u00f1adi\u00f3 que en la oposici\u00f3n \u201cno hay proyecto, lo que hay es un c\u00famulo de intereses de lo que queda del PAN y lo que queda del PRI, la verdad\u2026 Entonces, es dif\u00edcil que construyan unidad\u201d.<\/p>\n<p style=\"text-align: justify;\">Cuestionada en la Feria Internacional del Libro en Guadalajara, X\u00f3chitl G\u00e1lvez, destac\u00f3 que los resultados de dicha encuesta significan que ha tenido un avance, pues en la medici\u00f3n de principios de octubre, la ventaja de la morenista sobre ella era de 30 puntos; es decir, seis m\u00e1s de diferencia a la m\u00e1s reciente.<\/p>\n<p><em>] S\u00edguenos en Facebook.com\/<a href=\"https:\/\/www.facebook.com\/acapulcopress.news\" target=\"_blank\" rel=\"noopener\">acapulcopress.news<\/a><\/em><br \/>\n<em>] S\u00edguenos en Facebook.com\/<a href=\"https:\/\/www.facebook.com\/angelblanco.press\" target=\"_blank\" rel=\"noopener\">angelblanco.press<\/a><\/em><br \/>\n<em>] Visita nuestro sitio web acapulcopress.com<\/em><\/p>\n","protected":false},"excerpt":{"rendered":"<p>CIUDAD DE M\u00c9XICO * Noviembre 27, 2023. ) Apro Ante la publicaci\u00f3n de encuestas que le dan m\u00e1s de 20 puntos de ventaja en la carrera presidencial, la precandidata de Morena-PVEM y PT, Claudia Sheinbaum, consider\u00f3 \u201cdif\u00edcil\u201d que remonte X\u00f3chitl G\u00e1lvez, su contrincante de la oposici\u00f3n, pues de su lado, dijo, \u201cno hay proyecto, hay&#8230;<\/p>\n","protected":false},"author":2,"featured_media":1258340,"comment_status":"closed","ping_status":"closed","sticky":false,"template":"","format":"standard","meta":{"footnotes":""},"categories":[1969,1972,18565],"tags":[15983],"class_list":["post-1258338","post","type-post","status-publish","format-standard","has-post-thumbnail","hentry","category-trending","category-special","category-politicos","tag-samuel-garcia"],"_links":{"self":[{"href":"https:\/\/www.acapulcopress.com\/index.php\/wp-json\/wp\/v2\/posts\/1258338","targetHints":{"allow":["GET"]}}],"collection":[{"href":"https:\/\/www.acapulcopress.com\/index.php\/wp-json\/wp\/v2\/posts"}],"about":[{"href":"https:\/\/www.acapulcopress.com\/index.php\/wp-json\/wp\/v2\/types\/post"}],"author":[{"embeddable":true,"href":"https:\/\/www.acapulcopress.com\/index.php\/wp-json\/wp\/v2\/users\/2"}],"replies":[{"embeddable":true,"href":"https:\/\/www.acapulcopress.com\/index.php\/wp-json\/wp\/v2\/comments?post=1258338"}],"version-history":[{"count":0,"href":"https:\/\/www.acapulcopress.com\/index.php\/wp-json\/wp\/v2\/posts\/1258338\/revisions"}],"wp:featuredmedia":[{"embeddable":true,"href":"https:\/\/www.acapulcopress.com\/index.php\/wp-json\/"}],"wp:attachment":[{"href":"https:\/\/www.acapulcopress.com\/index.php\/wp-json\/wp\/v2\/media?parent=1258338"}],"wp:term":[{"taxonomy":"category","embeddable":true,"href":"https:\/\/www.acapulcopress.com\/index.php\/wp-json\/wp\/v2\/categories?post=1258338"},{"taxonomy":"post_tag","embeddable":true,"href":"https:\/\/www.acapulcopress.com\/index.php\/wp-json\/wp\/v2\/tags?post=1258338"}],"curies":[{"name":"wp","href":"https:\/\/api.w.org\/{rel}","templated":true}]}}