{"id":1258368,"date":"2023-11-27T21:06:43","date_gmt":"2023-11-28T03:06:43","guid":{"rendered":"https:\/\/www.acapulcopress.com\/?p=1258368"},"modified":"2023-11-27T21:06:43","modified_gmt":"2023-11-28T03:06:43","slug":"xochitl-verdadera-precandidata-del-pueblo-pan","status":"publish","type":"post","link":"https:\/\/www.acapulcopress.com\/index.php\/2023\/11\/27\/xochitl-verdadera-precandidata-del-pueblo-pan\/","title":{"rendered":"X\u00f3chitl, verdadera precandidata del pueblo | PAN"},"content":{"rendered":"<p style=\"text-align: justify;\">* Claudia Sheinbaum y Samuel Garc\u00eda son muy &#8216;<em>fifis&#8217;<\/em>, dice Marko Cort\u00e9s<\/p>\n<p>GUADALAJARA * Noviembre 27, 2023.<br \/>\n) Especial<\/p>\n<p style=\"text-align: justify;\"><a href=\"https:\/\/www.facebook.com\/Xochitl.Galvez.R\" target=\"_blank\" rel=\"noopener\">X\u00f3chitl G\u00e1lvez<\/a> es una mujer valiente, que habla con la verdad y no tiene cola que le pisen, por eso es la mejor opci\u00f3n para encabezar un gobierno de coalici\u00f3n y rescatar a M\u00e9xico, asegur\u00f3 el presidente nacional del PAN,<a href=\"https:\/\/web.facebook.com\/MarkoCortesM\" target=\"_blank\" rel=\"noopener\"> Marko Cort\u00e9s Mendoza<\/a>.<\/p>\n<p style=\"text-align: justify;\">Durante su participaci\u00f3n en la mesa pol\u00edtica \u201c\u00bfY ahora qui\u00e9n? Las candidaturas a debate\u201d, en la Feria Internacional de Libro, consider\u00f3 que en una candidatura es m\u00e1s importante ser emp\u00e1tico que carism\u00e1tico, ya que la empat\u00eda es sentir el dolor y ponerse en los zapatos de la otra persona.<\/p>\n<p style=\"text-align: justify;\">Destac\u00f3 que la precandidata de la coalici\u00f3n Fuerza y Coraz\u00f3n por M\u00e9xico, es la m\u00e1s honesta \u201cdigan lo que digan de Palacio Nacional\u201d, porque viene desde abajo, es de origen ind\u00edgena, y le ha costado trabajo abrirse camino en la vida, pero sobre todo porque no tiene ninguna denuncia o tema de corrupci\u00f3n del que se pueda avergonzar.<\/p>\n<p style=\"text-align: justify;\">\u201cPara tener una lengua larga hay que tener una cola corta y eso es lo que tiene X\u00f3chitl G\u00e1lvez. Experiencia, capacidad y empat\u00eda con la gente\u201d subray\u00f3.<\/p>\n<p style=\"text-align: justify;\">Marko Cort\u00e9s dijo que \u201clos dos candidatos de L\u00f3pez Obrador\u201d, Claudia Sheinbaum y Samuel Garc\u00eda son muy fifis y la verdadera abanderada del pueblo es X\u00f3chitl.<\/p>\n<p style=\"text-align: justify;\">\u201cUna nace en cuna de oro y el otro se hizo facturero y se hizo rico, pero la \u00fanica que es aut\u00e9nticamente del pueblo y que habla como pueblo es X\u00f3chitl G\u00e1lvez. Eso es innegable\u201d afirm\u00f3.<\/p>\n<p style=\"text-align: justify;\">El l\u00edder de Acci\u00f3n Nacional tambi\u00e9n habl\u00f3 de la necesidad de que se gobierne en pluralidad y con un proyecto a largo plazo y no a capricho, como est\u00e1 ocurriendo en el pa\u00eds.<\/p>\n<p style=\"text-align: justify;\">Se pronunci\u00f3 a favor de legislar en materia constitucional para tener elecciones primarias y tambi\u00e9n defendi\u00f3 la autodeterminaci\u00f3n y autonom\u00eda universitaria, \u201csea del gobierno que sea, venga de donde venga\u201d.<\/p>\n<p><em>] S\u00edguenos en Facebook.com\/<a href=\"https:\/\/www.facebook.com\/acapulcopress.news\" target=\"_blank\" rel=\"noopener\">acapulcopress.news<\/a><\/em><br \/>\n<em>] S\u00edguenos en Facebook.com\/<a href=\"https:\/\/www.facebook.com\/angelblanco.press\" target=\"_blank\" rel=\"noopener\">angelblanco.press<\/a><\/em><br \/>\n<em>] Visita nuestro sitio web acapulcopress.com<\/em><\/p>\n","protected":false},"excerpt":{"rendered":"<p>* Claudia Sheinbaum y Samuel Garc\u00eda son muy &#8216;fifis&#8217;, dice Marko Cort\u00e9s GUADALAJARA * Noviembre 27, 2023. ) Especial X\u00f3chitl G\u00e1lvez es una mujer valiente, que habla con la verdad y no tiene cola que le pisen, por eso es la mejor opci\u00f3n para encabezar un gobierno de coalici\u00f3n y rescatar a M\u00e9xico, asegur\u00f3 el&#8230;<\/p>\n","protected":false},"author":2,"featured_media":1258369,"comment_status":"closed","ping_status":"closed","sticky":false,"template":"","format":"standard","meta":{"footnotes":""},"categories":[1997],"tags":[4718],"class_list":["post-1258368","post","type-post","status-publish","format-standard","has-post-thumbnail","hentry","category-noticias-destacadas","tag-bertha-xochitl-galvez-ruiz"],"_links":{"self":[{"href":"https:\/\/www.acapulcopress.com\/index.php\/wp-json\/wp\/v2\/posts\/1258368","targetHints":{"allow":["GET"]}}],"collection":[{"href":"https:\/\/www.acapulcopress.com\/index.php\/wp-json\/wp\/v2\/posts"}],"about":[{"href":"https:\/\/www.acapulcopress.com\/index.php\/wp-json\/wp\/v2\/types\/post"}],"author":[{"embeddable":true,"href":"https:\/\/www.acapulcopress.com\/index.php\/wp-json\/wp\/v2\/users\/2"}],"replies":[{"embeddable":true,"href":"https:\/\/www.acapulcopress.com\/index.php\/wp-json\/wp\/v2\/comments?post=1258368"}],"version-history":[{"count":0,"href":"https:\/\/www.acapulcopress.com\/index.php\/wp-json\/wp\/v2\/posts\/1258368\/revisions"}],"wp:featuredmedia":[{"embeddable":true,"href":"https:\/\/www.acapulcopress.com\/index.php\/wp-json\/"}],"wp:attachment":[{"href":"https:\/\/www.acapulcopress.com\/index.php\/wp-json\/wp\/v2\/media?parent=1258368"}],"wp:term":[{"taxonomy":"category","embeddable":true,"href":"https:\/\/www.acapulcopress.com\/index.php\/wp-json\/wp\/v2\/categories?post=1258368"},{"taxonomy":"post_tag","embeddable":true,"href":"https:\/\/www.acapulcopress.com\/index.php\/wp-json\/wp\/v2\/tags?post=1258368"}],"curies":[{"name":"wp","href":"https:\/\/api.w.org\/{rel}","templated":true}]}}