{"id":1258380,"date":"2023-11-28T19:27:16","date_gmt":"2023-11-29T01:27:16","guid":{"rendered":"https:\/\/www.acapulcopress.com\/?p=1258380"},"modified":"2023-11-28T19:27:16","modified_gmt":"2023-11-29T01:27:16","slug":"acapulco-esta-de-pie-y-mas-fuerte-evelyn-salgado","status":"publish","type":"post","link":"https:\/\/www.acapulcopress.com\/index.php\/2023\/11\/28\/acapulco-esta-de-pie-y-mas-fuerte-evelyn-salgado\/","title":{"rendered":"\u00abAcapulco est\u00e1 de pie y m\u00e1s fuerte\u00bb | Evelyn Salgado"},"content":{"rendered":"<p style=\"text-align: justify;\"><em>* Se entregaron m\u00e1s 3 mil apoyos en el Tianguis del Bienestar a damnificadas por Otis en la colonia Emiliano Zapata\u00a0<\/em><\/p>\n<p>ACAPULCO * Noviembre 28 2023.<br \/>\n<em>) Gobierno de Guerrero<\/em><br \/>\n\u00abEstamos trabajando mano a mano, codo a codo, hombres y mujeres valientes que <img loading=\"lazy\" decoding=\"async\" class=\"alignleft size-medium wp-image-1258399\" src=\"https:\/\/www.acapulcopress.com\/wp-content\/uploads\/2023\/11\/TIANGUIS-BIENESTAR19-375x250.jpg\" alt=\"\" width=\"375\" height=\"250\" \/>estamos juntos remando para sacar adelante este gran barco que es Acapulco y que no vamos a permitir que se hunda\u00bb, afirm\u00f3 la gobernadora Evelyn Salgado Pineda durante la realizaci\u00f3n del Tianguis del Bienestar, que se llev\u00f3 a cabo en las canchas de la colonia Emiliano Zapata, mediante el cual se entregaron 3 mil apoyos a personas de escasos recursos y grupos vulnerables.<\/p>\n<p style=\"text-align: justify;\">Ante los colonos de esta popular colonia, la mandataria explic\u00f3 que se trata de un mencanismo impulsado por el gobierno que encabeza el presidente Andr\u00e9s Manuel L\u00f3pez Obrador, para distribuir de manera directa y a quien m\u00e1s lo necesita, art\u00edculos que han sido decomisados en las aduanas.<\/p>\n<p style=\"text-align: justify;\">Se trata de ropa, tela, zapatos, l\u00e1mparas, cubiertos, mochilas, vasos, enseres, platos, s\u00f3lo <img loading=\"lazy\" decoding=\"async\" class=\"alignleft size-medium wp-image-1258393\" src=\"https:\/\/www.acapulcopress.com\/wp-content\/uploads\/2023\/11\/TIANGUIS-BIENESTAR13-375x250.jpg\" alt=\"\" width=\"375\" height=\"250\" \/>por mencionar algunos.<\/p>\n<p style=\"text-align: justify;\">En este sentido, la gobernadora agradeci\u00f3 toda la ayuda del presidente de la Rep\u00fablica, quien a trav\u00e9s de distintas acciones ha dado su respaldo a Acapulco y a Coyuca ante la situaci\u00f3n que se vive por el paso de Otis.<\/p>\n<p style=\"text-align: justify;\">Al respecto anunci\u00f3 que una vez m\u00e1s, L\u00f3pez Obrador estar\u00e1 visitando el puerto para conocer los avances que se han tenido en temas de reconstrucci\u00f3n, atenci\u00f3n a damnificados y las diversas estrategias que se pusieron en marcha.<\/p>\n<p style=\"text-align: justify;\">\u00abEs un hombre que nos demuestra con hechos que est\u00e1 apoyando, que est\u00e1 ayudando. No nada m\u00e1s en la palabra, sino con los hechos\u00bb, enfatiz\u00f3 la mandataria.<\/p>\n<p style=\"text-align: justify;\">La gobernadora refrend\u00f3 su compromiso para continuar promoviendo la conjunci\u00f3n de <img loading=\"lazy\" decoding=\"async\" class=\"alignleft size-medium wp-image-1258388\" src=\"https:\/\/www.acapulcopress.com\/wp-content\/uploads\/2023\/11\/TIANGUIS-BIENESTAR8-375x250.jpg\" alt=\"\" width=\"375\" height=\"250\" \/>esfuerzos con el objetivo de que Acapulco logre su recuperaci\u00f3n. \u00abTraemos la playera bien puesta y la playera se llama Acapulco. Acapulco es la prioridad en este momento\u00bb, a\u00f1adi\u00f3.<\/p>\n<p style=\"text-align: justify;\">Para finalizar su mensaje, la mandataria reconoci\u00f3 todo el trabajo que desarrollaron los colonos para realizar labores de limpieza en las distintas calles, avenidas, andadores y espacios de recreaci\u00f3n, promoviendo con ello mejores condiciones de desarrollo.<\/p>\n<p style=\"text-align: justify;\">A nombre de los beneficiarios, el delegado de la colonia Emiliano Zapata, Aurelio Su\u00e1stegui Rodr\u00edguez, agradeci\u00f3 a la gobernadora por la gesti\u00f3n que hizo ante el presidente para que loa vecinos pudieran acceder a este beneficio. \u00abLa Zapata est\u00e1 con la gobernadora\u00bb, a\u00f1adi\u00f3.<\/p>\n<p style=\"text-align: justify;\">De acuerdo a lo informado por la titular de la Secretar\u00eda de Bienestar en el estado, Mar\u00eda del Carmen Cabrera Lagunas, se tiene programada la realizaci\u00f3n de este tianguis en m\u00e1s de 10 colonias y comunidades de Acapulco y Coyuca, atendiendo a las familias que m\u00e1s lo requieran.<\/p>\n<p style=\"text-align: justify;\">Asistieron a este evento, en representaci\u00f3n de la secretaria de Seguridad y Protecci\u00f3n Ciudadana, Rosa Icela Rodr\u00edguez, la coordinadora del Tianguis del Bienestar, Paola Becerra y el secretario t\u00e9cnico regional de la Mesa de Coordinaci\u00f3n para la Construcci\u00f3n de Paz, H\u00e9ctor Daniel\u00a0Ocampo\u00a0Popoca.<\/p>\n\n<p style=\"text-align: justify;\">\n<em>] S\u00edguenos en Facebook.com\/<a href=\"https:\/\/www.facebook.com\/acapulcopress.news\" target=\"_blank\" rel=\"noopener\">acapulcopress.news<\/a><\/em><br \/>\n<em>] S\u00edguenos en Facebook.com\/<a href=\"https:\/\/www.facebook.com\/angelblanco.press\" target=\"_blank\" rel=\"noopener\">angelblanco.press<\/a><\/em><br \/>\n<em>] Visita nuestro sitio web acapulcopress.com<\/em><\/p>\n","protected":false},"excerpt":{"rendered":"<p>* Se entregaron m\u00e1s 3 mil apoyos en el Tianguis del Bienestar a damnificadas por Otis en la colonia Emiliano Zapata\u00a0 ACAPULCO * Noviembre 28 2023. ) Gobierno de Guerrero \u00abEstamos trabajando mano a mano, codo a codo, hombres y mujeres valientes que estamos juntos remando para sacar adelante este gran barco que es Acapulco&#8230;<\/p>\n","protected":false},"author":2,"featured_media":1258389,"comment_status":"closed","ping_status":"closed","sticky":false,"template":"","format":"standard","meta":{"footnotes":""},"categories":[1997],"tags":[],"class_list":["post-1258380","post","type-post","status-publish","format-standard","has-post-thumbnail","hentry","category-noticias-destacadas"],"_links":{"self":[{"href":"https:\/\/www.acapulcopress.com\/index.php\/wp-json\/wp\/v2\/posts\/1258380","targetHints":{"allow":["GET"]}}],"collection":[{"href":"https:\/\/www.acapulcopress.com\/index.php\/wp-json\/wp\/v2\/posts"}],"about":[{"href":"https:\/\/www.acapulcopress.com\/index.php\/wp-json\/wp\/v2\/types\/post"}],"author":[{"embeddable":true,"href":"https:\/\/www.acapulcopress.com\/index.php\/wp-json\/wp\/v2\/users\/2"}],"replies":[{"embeddable":true,"href":"https:\/\/www.acapulcopress.com\/index.php\/wp-json\/wp\/v2\/comments?post=1258380"}],"version-history":[{"count":0,"href":"https:\/\/www.acapulcopress.com\/index.php\/wp-json\/wp\/v2\/posts\/1258380\/revisions"}],"wp:featuredmedia":[{"embeddable":true,"href":"https:\/\/www.acapulcopress.com\/index.php\/wp-json\/"}],"wp:attachment":[{"href":"https:\/\/www.acapulcopress.com\/index.php\/wp-json\/wp\/v2\/media?parent=1258380"}],"wp:term":[{"taxonomy":"category","embeddable":true,"href":"https:\/\/www.acapulcopress.com\/index.php\/wp-json\/wp\/v2\/categories?post=1258380"},{"taxonomy":"post_tag","embeddable":true,"href":"https:\/\/www.acapulcopress.com\/index.php\/wp-json\/wp\/v2\/tags?post=1258380"}],"curies":[{"name":"wp","href":"https:\/\/api.w.org\/{rel}","templated":true}]}}