{"id":1258409,"date":"2023-11-28T21:22:34","date_gmt":"2023-11-29T03:22:34","guid":{"rendered":"https:\/\/www.acapulcopress.com\/?p=1258409"},"modified":"2023-11-28T21:22:34","modified_gmt":"2023-11-29T03:22:34","slug":"se-registran-9-para-la-candidatura-de-morena-por-la-presidencia-de-acapulco","status":"publish","type":"post","link":"https:\/\/www.acapulcopress.com\/index.php\/2023\/11\/28\/se-registran-9-para-la-candidatura-de-morena-por-la-presidencia-de-acapulco\/","title":{"rendered":"Se registran 9 para la candidatura de Morena por la presidencia de Acapulco"},"content":{"rendered":"<p style=\"text-align: justify;\">ACAPULCO * Noviembre 28 2023.<br \/>\n<em>) <a href=\"https:\/\/web.facebook.com\/profile.php?id=100088011527886\" target=\"_blank\" rel=\"noopener\">ANASA<\/a><\/em><br \/>\nAnte el proceso electoral para la alcald\u00eda de Acapulco que se avecina, regidores, la alcaldesa Abelina L\u00f3pez Rodr\u00edguez y funcionarios del actual gobierno municipal se sumaron al registro de aspirantes por el partido Movimiento de Regeneraci\u00f3n Nacional (Morena).<\/p>\n<p style=\"text-align: justify;\">De acuerdo a datos obtenidos por esta agencia, se confirm\u00f3 el registr\u00f3 de la alcaldesa para buscar su reelecci\u00f3n al cargo.<\/p>\n<p style=\"text-align: justify;\">Entre los regidores que se registraron en la Comisi\u00f3n Electoral de Morena para contender por la candidatura a la presidencia de Acapulco en el 2024 se encuentran la regidora Laura Patricia Caballero Rodr\u00edguez, quien est\u00e1 vinculada al grupo pol\u00edtico del senador F\u00e9lix Salgado Macedonio, as\u00ed como el regidor Ilich Augusto Lozano Herrera, quien en las tres \u00faltimas administraciones ha sido en dos ocasiones regidor y en una S\u00edndico de Gobernaci\u00f3n.<\/p>\n<p style=\"text-align: justify;\">Adem\u00e1s de los dos ediles del cabildo, se confirm\u00f3 el registro del director de la CAPAMA, Hugo Lozano Hern\u00e1ndez.<\/p>\n<p style=\"text-align: justify;\">En el \u00e1mbito estatal se registraron los diputados locales Yoloczin Lizbeth Dom\u00ednguez Serna, presidenta de la Jucopo del Congreso local y el diputado Joaqu\u00edn Badillo Escamilla, as\u00ed como el exsecretario de desarrollo social durante la administraci\u00f3n de Adela Rom\u00e1n, Silvestre Arizmendi Torres.<\/p>\n<p style=\"text-align: justify;\">Hicieron lo mismo el empresario y ex diputado Carlos Granda Castro y el ex senador perredista David Jim\u00e9nez Rumbo.<\/p>\n<p>Se espera que en breve lo hagan <a class=\"x1i10hfl xjbqb8w x6umtig x1b1mbwd xaqea5y xav7gou x9f619 x1ypdohk xt0psk2 xe8uvvx xdj266r x11i5rnm xat24cr x1mh8g0r xexx8yu x4uap5 x18d9i69 xkhd6sd x16tdsg8 x1hl2dhg xggy1nq x1a2a7pz xt0b8zv x1qq9wsj xo1l8bm\" tabindex=\"0\" role=\"link\" href=\"https:\/\/web.facebook.com\/YoshioAvilaG\" target=\"_blank\" rel=\"noopener\"><span class=\"xt0psk2\">Yoshio Avila<\/span><\/a> y resto de aspirantes que se mantienen inc\u00f3gnitos.<\/p>\n<p style=\"text-align: justify;\"><em>] S\u00edguenos en Facebook.com\/<a href=\"https:\/\/www.facebook.com\/acapulcopress.news\" target=\"_blank\" rel=\"noopener\">acapulcopress.news<\/a><\/em><br \/>\n<em>] S\u00edguenos en Facebook.com\/<a href=\"https:\/\/www.facebook.com\/angelblanco.press\" target=\"_blank\" rel=\"noopener\">angelblanco.press<\/a><\/em><br \/>\n<em>] Visita nuestro sitio web acapulcopress.com<\/em><\/p>\n","protected":false},"excerpt":{"rendered":"<p>ACAPULCO * Noviembre 28 2023. ) ANASA Ante el proceso electoral para la alcald\u00eda de Acapulco que se avecina, regidores, la alcaldesa Abelina L\u00f3pez Rodr\u00edguez y funcionarios del actual gobierno municipal se sumaron al registro de aspirantes por el partido Movimiento de Regeneraci\u00f3n Nacional (Morena). De acuerdo a datos obtenidos por esta agencia, se confirm\u00f3&#8230;<\/p>\n","protected":false},"author":2,"featured_media":1258410,"comment_status":"closed","ping_status":"closed","sticky":false,"template":"","format":"standard","meta":{"footnotes":""},"categories":[2052,1972,18561],"tags":[3077],"class_list":["post-1258409","post","type-post","status-publish","format-standard","has-post-thumbnail","hentry","category-elecciones","category-special","category-society-politics","tag-abelina-lopez-rodriguez"],"_links":{"self":[{"href":"https:\/\/www.acapulcopress.com\/index.php\/wp-json\/wp\/v2\/posts\/1258409","targetHints":{"allow":["GET"]}}],"collection":[{"href":"https:\/\/www.acapulcopress.com\/index.php\/wp-json\/wp\/v2\/posts"}],"about":[{"href":"https:\/\/www.acapulcopress.com\/index.php\/wp-json\/wp\/v2\/types\/post"}],"author":[{"embeddable":true,"href":"https:\/\/www.acapulcopress.com\/index.php\/wp-json\/wp\/v2\/users\/2"}],"replies":[{"embeddable":true,"href":"https:\/\/www.acapulcopress.com\/index.php\/wp-json\/wp\/v2\/comments?post=1258409"}],"version-history":[{"count":0,"href":"https:\/\/www.acapulcopress.com\/index.php\/wp-json\/wp\/v2\/posts\/1258409\/revisions"}],"wp:featuredmedia":[{"embeddable":true,"href":"https:\/\/www.acapulcopress.com\/index.php\/wp-json\/"}],"wp:attachment":[{"href":"https:\/\/www.acapulcopress.com\/index.php\/wp-json\/wp\/v2\/media?parent=1258409"}],"wp:term":[{"taxonomy":"category","embeddable":true,"href":"https:\/\/www.acapulcopress.com\/index.php\/wp-json\/wp\/v2\/categories?post=1258409"},{"taxonomy":"post_tag","embeddable":true,"href":"https:\/\/www.acapulcopress.com\/index.php\/wp-json\/wp\/v2\/tags?post=1258409"}],"curies":[{"name":"wp","href":"https:\/\/api.w.org\/{rel}","templated":true}]}}