{"id":1258420,"date":"2023-11-29T21:11:02","date_gmt":"2023-11-30T03:11:02","guid":{"rendered":"https:\/\/www.acapulcopress.com\/?p=1258420"},"modified":"2023-11-29T21:11:02","modified_gmt":"2023-11-30T03:11:02","slug":"se-invertiran-mas-de-23-millones-en-mejoramiento-de-viviendas-danadas-por-otis-evelyn-salgado","status":"publish","type":"post","link":"https:\/\/www.acapulcopress.com\/index.php\/2023\/11\/29\/se-invertiran-mas-de-23-millones-en-mejoramiento-de-viviendas-danadas-por-otis-evelyn-salgado\/","title":{"rendered":"Se invertir\u00e1n m\u00e1s de 23 millones en mejoramiento de viviendas da\u00f1adas por Otis | Evelyn Salgado"},"content":{"rendered":"<p style=\"text-align: justify;\">ACAPULCO * Noviembre 29 2023.<br \/>\n<em>) Gobierno de Guerrero<\/em><br \/>\nM\u00e1s de 23 millones de pesos ser\u00e1n destinados por el gobierno de <a href=\"https:\/\/www.facebook.com\/EvelynSalgadoP\" target=\"_blank\" rel=\"noopener\">Evelyn Salgado<\/a> para el <img loading=\"lazy\" decoding=\"async\" class=\"alignleft size-medium wp-image-1258421\" src=\"https:\/\/www.acapulcopress.com\/wp-content\/uploads\/2023\/11\/VIVIENDA.OTIS_-375x250.jpg\" alt=\"\" width=\"375\" height=\"250\" \/>Programa de Mejoramiento de Vivienda, que servir\u00e1n para apoyar a familias de Acapulco en n\u00facleos poblacionales como Zapata, La Venta, Arroyo Seco, Aguacaliente y La Sabana, que tuvieron alguna afectaci\u00f3n a consecuencia del hurac\u00e1n Otis. A trav\u00e9s de este recurso la poblaci\u00f3n podr\u00e1 acceder a acciones para la reconstrucci\u00f3n de casas, techos, ba\u00f1os y pisos.<\/p>\n<p style=\"text-align: justify;\">La secretaria de Bienestar del gobierno de Guerrero, Mar\u00eda del Carmen Cabrera Lagunas, explic\u00f3 que por instrucciones de la gobernadora Evelyn Salgado Pineda se ha dispuesto de estas acciones para seguir apoyando a la poblaci\u00f3n ateni\u00e9ndolos de manera oportuna. Detall\u00f3 que este recurso pertenece al ejercicio 2023 y para el 2024 se busca atender a m\u00e1s beneficiarios.<\/p>\n<p style=\"text-align: justify;\"><img loading=\"lazy\" decoding=\"async\" class=\"alignleft size-medium wp-image-1258423\" src=\"https:\/\/www.acapulcopress.com\/wp-content\/uploads\/2023\/11\/VIVIENDA.OTIS3_-375x255.jpg\" alt=\"\" width=\"375\" height=\"255\" \/>\u00abLa maestra Evelyn Salgado nos ha dado instrucciones de estar ah\u00ed con la gente, de estar al pendiente, de no dejarlos, de estar continuando con los apoyos\u00bb, dijo.<\/p>\n<p style=\"text-align: justify;\">Dijo que adicional a esta estrategia tambi\u00e9n se pondr\u00e1 en marcha el programa Transformando Nuestro Entorno, lo que permitir\u00e1 realizar acciones de pintura, rehabilitaciones menores, entre otras.<\/p>\n<p style=\"text-align: justify;\">\u00abEstamos optimizando y eficientando ese recurso para que alcance a m\u00e1s familias. Por eso vamos a incluir el programa de Transformando Nuestro Entorno, por eso vamos a incluir ese programa de reparaciones menores para ayudar a m\u00e1s familias\u00bb, explic\u00f3.<\/p>\n<p style=\"text-align: justify;\">A\u00f1adi\u00f3 que como parte de esta estrategia, a trav\u00e9s de la Secretar\u00eda del Bienestar del gobierno del estado se han entregado desde el 26 de octubre m\u00e1s de 41 mil raciones de comida caliente, as\u00ed como 10 mil consultas m\u00e9dicas que se llevaron a cabo en coordinaci\u00f3n con la Secretar\u00eda de la Defensa\u00a0Nacional.<br \/>\n<em><br \/>\n] S\u00edguenos en Facebook.com\/<a href=\"https:\/\/www.facebook.com\/acapulcopress.news\" target=\"_blank\" rel=\"noopener\">acapulcopress.news<\/a><\/em><br \/>\n<em>] S\u00edguenos en Facebook.com\/<a href=\"https:\/\/www.facebook.com\/angelblanco.press\" target=\"_blank\" rel=\"noopener\">angelblanco.press<\/a><\/em><br \/>\n<em>] Visita nuestro sitio web acapulcopress.com<\/em><\/p>\n","protected":false},"excerpt":{"rendered":"<p>ACAPULCO * Noviembre 29 2023. ) Gobierno de Guerrero M\u00e1s de 23 millones de pesos ser\u00e1n destinados por el gobierno de Evelyn Salgado para el Programa de Mejoramiento de Vivienda, que servir\u00e1n para apoyar a familias de Acapulco en n\u00facleos poblacionales como Zapata, La Venta, Arroyo Seco, Aguacaliente y La Sabana, que tuvieron alguna afectaci\u00f3n&#8230;<\/p>\n","protected":false},"author":2,"featured_media":1258423,"comment_status":"closed","ping_status":"closed","sticky":false,"template":"","format":"standard","meta":{"footnotes":""},"categories":[1972,1983,18561],"tags":[8251,9302,9987],"class_list":["post-1258420","post","type-post","status-publish","format-standard","has-post-thumbnail","hentry","category-special","category-guerrerogob","category-society-politics","tag-evelyn-salgado-pineda","tag-gobierno-de-guerrero","tag-huracan-otis"],"_links":{"self":[{"href":"https:\/\/www.acapulcopress.com\/index.php\/wp-json\/wp\/v2\/posts\/1258420","targetHints":{"allow":["GET"]}}],"collection":[{"href":"https:\/\/www.acapulcopress.com\/index.php\/wp-json\/wp\/v2\/posts"}],"about":[{"href":"https:\/\/www.acapulcopress.com\/index.php\/wp-json\/wp\/v2\/types\/post"}],"author":[{"embeddable":true,"href":"https:\/\/www.acapulcopress.com\/index.php\/wp-json\/wp\/v2\/users\/2"}],"replies":[{"embeddable":true,"href":"https:\/\/www.acapulcopress.com\/index.php\/wp-json\/wp\/v2\/comments?post=1258420"}],"version-history":[{"count":0,"href":"https:\/\/www.acapulcopress.com\/index.php\/wp-json\/wp\/v2\/posts\/1258420\/revisions"}],"wp:featuredmedia":[{"embeddable":true,"href":"https:\/\/www.acapulcopress.com\/index.php\/wp-json\/"}],"wp:attachment":[{"href":"https:\/\/www.acapulcopress.com\/index.php\/wp-json\/wp\/v2\/media?parent=1258420"}],"wp:term":[{"taxonomy":"category","embeddable":true,"href":"https:\/\/www.acapulcopress.com\/index.php\/wp-json\/wp\/v2\/categories?post=1258420"},{"taxonomy":"post_tag","embeddable":true,"href":"https:\/\/www.acapulcopress.com\/index.php\/wp-json\/wp\/v2\/tags?post=1258420"}],"curies":[{"name":"wp","href":"https:\/\/api.w.org\/{rel}","templated":true}]}}