{"id":1258430,"date":"2023-11-30T19:11:30","date_gmt":"2023-12-01T01:11:30","guid":{"rendered":"https:\/\/www.acapulcopress.com\/?p=1258430"},"modified":"2023-11-30T19:11:30","modified_gmt":"2023-12-01T01:11:30","slug":"se-suma-slim-a-la-reconstruccion-de-acapulco","status":"publish","type":"post","link":"https:\/\/www.acapulcopress.com\/index.php\/2023\/11\/30\/se-suma-slim-a-la-reconstruccion-de-acapulco\/","title":{"rendered":"Se suma Slim a la reconstrucci\u00f3n de Acapulco"},"content":{"rendered":"<p style=\"text-align: justify;\">CIUDAD DE M\u00c9XICO * Noviembre 30, 2023.<br \/>\n<em>) Gobierno de Guerrero<\/em><br \/>\nEn el \u00e1nimo de estrechar lazos de colaboraci\u00f3n para seguir avanzando en la reconstrucci\u00f3n de Acapulco, la gobernadora <a href=\"https:\/\/www.facebook.com\/EvelynSalgadoP\" target=\"_blank\" rel=\"noopener\">Evelyn Salgado Pineda<\/a> sostuvo una reuni\u00f3n con el empresario Carlos Slim Hel\u00fa, presidente de la <a href=\"https:\/\/web.facebook.com\/FundacionCarlosSlim\" target=\"_blank\" rel=\"noopener\">Fundaci\u00f3n Carlos Slim<\/a>, poniendo especial inter\u00e9s en el <img loading=\"lazy\" decoding=\"async\" class=\"alignleft size-medium wp-image-1258431\" src=\"https:\/\/www.acapulcopress.com\/wp-content\/uploads\/2023\/11\/Carlos-Slim-y-Evelyn-Salgado-375x563.jpg\" alt=\"\" width=\"375\" height=\"563\" \/>rescate de la zona tradicional del puerto, acordando generar proyectos en conjunto y priorizando inversiones estrat\u00e9gicas.<\/p>\n<p style=\"text-align: justify;\">Durante este encuentro se abordaron proyectos que ayuden a la reactivaci\u00f3n tur\u00edstica en un esfuerzo conjunto entre el Gobierno del estado y la iniciativa privada para el rescate de Acapulco, de manera particular en la zona tradicional.<\/p>\n<p style=\"text-align: justify;\">Al respecto, la gobernadora agradeci\u00f3 la disposici\u00f3n y confianza del empresario y su fundaci\u00f3n para seguir apoyando la reactivaci\u00f3n del puerto y promover m\u00e1s y mejores inversiones que ayuden a la recuperaci\u00f3n de Acapulco, tras la contingencia y en el proceso de recuperaci\u00f3n despu\u00e9s del impacto del hurac\u00e1n Otis. \u00abSumando esfuerzos, seguimos comprometidos con la reactivaci\u00f3n de Acapulco\u00bb, apunt\u00f3 la mandataria\u00a0guerrerense.<br \/>\n<em>] S\u00edguenos en Facebook.com\/<a href=\"https:\/\/www.facebook.com\/acapulcopress.news\" target=\"_blank\" rel=\"noopener\">acapulcopress.news<\/a><\/em><br \/>\n<em>] S\u00edguenos en Facebook.com\/<a href=\"https:\/\/www.facebook.com\/angelblanco.press\" target=\"_blank\" rel=\"noopener\">angelblanco.press<\/a><\/em><br \/>\n<em>] Visita nuestro sitio web acapulcopress.com<\/em><\/p>\n","protected":false},"excerpt":{"rendered":"<p>CIUDAD DE M\u00c9XICO * Noviembre 30, 2023. ) Gobierno de Guerrero En el \u00e1nimo de estrechar lazos de colaboraci\u00f3n para seguir avanzando en la reconstrucci\u00f3n de Acapulco, la gobernadora Evelyn Salgado Pineda sostuvo una reuni\u00f3n con el empresario Carlos Slim Hel\u00fa, presidente de la Fundaci\u00f3n Carlos Slim, poniendo especial inter\u00e9s en el rescate de la&#8230;<\/p>\n","protected":false},"author":2,"featured_media":1258432,"comment_status":"closed","ping_status":"closed","sticky":false,"template":"","format":"standard","meta":{"footnotes":""},"categories":[1997],"tags":[5239,8251,9009,9987,15353],"class_list":["post-1258430","post","type-post","status-publish","format-standard","has-post-thumbnail","hentry","category-noticias-destacadas","tag-carlos-slim-helu","tag-evelyn-salgado-pineda","tag-fundacion-carlos-slim","tag-huracan-otis","tag-reconstruccion-de-acapulco-2023"],"_links":{"self":[{"href":"https:\/\/www.acapulcopress.com\/index.php\/wp-json\/wp\/v2\/posts\/1258430","targetHints":{"allow":["GET"]}}],"collection":[{"href":"https:\/\/www.acapulcopress.com\/index.php\/wp-json\/wp\/v2\/posts"}],"about":[{"href":"https:\/\/www.acapulcopress.com\/index.php\/wp-json\/wp\/v2\/types\/post"}],"author":[{"embeddable":true,"href":"https:\/\/www.acapulcopress.com\/index.php\/wp-json\/wp\/v2\/users\/2"}],"replies":[{"embeddable":true,"href":"https:\/\/www.acapulcopress.com\/index.php\/wp-json\/wp\/v2\/comments?post=1258430"}],"version-history":[{"count":0,"href":"https:\/\/www.acapulcopress.com\/index.php\/wp-json\/wp\/v2\/posts\/1258430\/revisions"}],"wp:featuredmedia":[{"embeddable":true,"href":"https:\/\/www.acapulcopress.com\/index.php\/wp-json\/"}],"wp:attachment":[{"href":"https:\/\/www.acapulcopress.com\/index.php\/wp-json\/wp\/v2\/media?parent=1258430"}],"wp:term":[{"taxonomy":"category","embeddable":true,"href":"https:\/\/www.acapulcopress.com\/index.php\/wp-json\/wp\/v2\/categories?post=1258430"},{"taxonomy":"post_tag","embeddable":true,"href":"https:\/\/www.acapulcopress.com\/index.php\/wp-json\/wp\/v2\/tags?post=1258430"}],"curies":[{"name":"wp","href":"https:\/\/api.w.org\/{rel}","templated":true}]}}