{"id":1258436,"date":"2023-12-01T13:26:52","date_gmt":"2023-12-01T19:26:52","guid":{"rendered":"https:\/\/www.acapulcopress.com\/?p=1258436"},"modified":"2023-12-01T13:26:52","modified_gmt":"2023-12-01T19:26:52","slug":"impasse-del-crimen-organizado-y-el-efecto-cucaracha","status":"publish","type":"post","link":"https:\/\/www.acapulcopress.com\/index.php\/2023\/12\/01\/impasse-del-crimen-organizado-y-el-efecto-cucaracha\/","title":{"rendered":"Impasse del crimen organizado y el \u201cefecto cucaracha\u201d"},"content":{"rendered":"<p style=\"text-align: justify;\">Marem\u00e1gnum<br \/>\n\u00bb RICARDO | CASTILLO BARRIENTOS<br \/>\n<em>] Facebook ) <a href=\"https:\/\/www.facebook.com\/ricardocastill01\" target=\"_blank\" rel=\"noopener\">Ricardo Castillo Barrientos<\/a><\/em><\/p>\n<p style=\"text-align: justify;\">Inmersos en la crisis producida por Poseid\u00f3n, subyace en la conciencia colectiva la malograda armon\u00eda social, rota por la violencia primitiva que permea en las distintas capas de la sociedad guerrerense, casi generalizada en el pa\u00eds, con expresiones delictivas de diversa \u00edndole.<\/p>\n<p style=\"text-align: justify;\">La poblaci\u00f3n de Acapulco se encuentra atareada atendiendo sus necesidades vitales, resolviendo y reparando los estropicios del vendaval huracanado que orient\u00f3 su rumbo hacia Acapulco, con la devastaci\u00f3n que a todos conmovi\u00f3, cuya recuperaci\u00f3n requerir\u00e1 un corto y mediano plazos.<\/p>\n<p style=\"text-align: justify;\">Durante ese intervalo de tiempo, es l\u00f3gico suponer que el crimen organizado habr\u00e1 de arrear banderas o disminuir su capacidad criminal, por la escasez de circulante y el desempleo. Como consecuencia, la extorsi\u00f3n, el cobro de piso, el narcomenudeo y el sicariato, vendr\u00e1n a la baja irremediablemente y sumarle la nutrida presencia de la Guardia Nacional.<\/p>\n<p>En la primera semana de noviembre, el presidente Andr\u00e9s Manuel L\u00f3pez Obrador, anunci\u00f3 la implementaci\u00f3n del \u201cPlan de Seguridad para Blindar el Municipio de Acapulco\u201d, con el reforzamiento de 9 mil 860 elementos y la construcci\u00f3n de 38 cuarteles de la Guardia Nacional, en un entorno de 234 colonias, barrios y comunidades, con m\u00e1s de mil viviendas.<br \/>\nEn cada uno de los 38 sectores se contar\u00e1 con un agrupamiento de 250 elementos, con el objetivo de generar condiciones de seguridad a la poblaci\u00f3n; crear condiciones para la reconstrucci\u00f3n y colaborar con la reactivaci\u00f3n de la econom\u00eda local y el turismo nacional e internacional; y la paulatina normalizaci\u00f3n de las actividades laborales.<\/p>\n<p style=\"text-align: justify;\">El presidente del pa\u00eds, asegur\u00f3 que \u201cdejar\u00e1 establecido un sistema de seguridad que signifique un cambio de fondo en este asunto que tanto preocupa a la gente\u201d. Asumi\u00f3 esta determinaci\u00f3n por los sucesos de rapi\u00f1a y la espiral de violencia en que estaba sumergido el puerto.<\/p>\n<p style=\"text-align: justify;\">El enorme despliegue de la Guardia Nacional, Sedena, MarinaA, Polic\u00eda del Estado y Municipal, tendr\u00e1n sobresaturado el territorio local, complicando con ello, las operaciones de los grupos delincuenciales que antes del hurac\u00e1n \u201cOtis\u201d, actuaban abiertamente y con amplio margen de impunidad.<\/p>\n<p style=\"text-align: justify;\">Ha trascendido que algunos jefes del hampa y uno que otro adl\u00e1tere, se han retirado a otras ciudades como Chilpancingo, Cuernavaca y Ciudad de M\u00e9xico. En el caso de la capital del estado, se tendr\u00eda que reforzar la seguridad p\u00fablica federal, a fin de evitar el \u201cefecto cucaracha\u201d, como reacci\u00f3n inmediata a la sobrevigilancia polic\u00edaca con patrullajes y retenes, que ya se ha instaurado en el municipio m\u00e1s importante de la entidad.<\/p>\n<p style=\"text-align: justify;\">Los municipios colindantes con Acapulco, podr\u00edan tener repuntes significativos en los \u00edndices delictivos, porque podr\u00edan transformarse en refugios de delincuentes, al resultar acotados por las fuerzas polic\u00edacas en su ex paradis\u00edaco centro de operaciones.<\/p>\n<p style=\"text-align: justify;\"><strong>Marea Baja.-<\/strong> Marcial Rodr\u00edguez Salda\u00f1a ser\u00e1 recordado como el secretario de Educaci\u00f3n de la \u201cgraciosa huida\u201d, despu\u00e9s de ser sorprendido trep\u00e1ndose en una escalera para escapar de las aguerridas huestes cetegistas de La Monta\u00f1a, que irrumpieron durante la inauguraci\u00f3n de las instalaciones del CRIG en la ciudad de Tlapa, que ser\u00eda puesto en operaci\u00f3n por el presidente L\u00f3pez Obrador, quien se vio impedido asistir al magno evento.<\/p>\n<p style=\"text-align: justify;\">Ante la embestida del movimiento magisterial que pretend\u00edan forzar una entrevista con el mandatario de la Naci\u00f3n sin conseguirlo, Rodr\u00edguez Salda\u00f1a puso \u201cpies en polvorosa\u201d, para no correr riesgos de ser retenido u obligado a dar respuesta satisfactoria a las m\u00faltiples solicitudes de la Coordinadora Estatal de Trabajadores de la Educaci\u00f3n de La Monta\u00f1a (CETEG).<\/p>\n<p>Con su actitud \u201chuidiza\u201d difundida en los medios de comunicaci\u00f3n nacionales, queda de manifiesto que Rodr\u00edguez Salda\u00f1a le reh\u00faye a la problem\u00e1tica educativa, cada vez m\u00e1s convulsionada en la entidad.<\/p>\n<p style=\"text-align: justify;\"><strong>Marea Alta.-<\/strong> Este 2 de diciembre que cumple el 49 aniversario de la muerte del comandante Lucio Caba\u00f1as Barrientos, abatido por las fuerzas federales en la comunidad de la sierra cafetalera de El Otatal, municipio de T\u00e9cpan de Galeana, por un batall\u00f3n de m\u00e1s de 200 militares.<\/p>\n<p style=\"text-align: justify;\">El profesor Lucio Caba\u00f1as fue egresado de la Normal de Ayotzinapa, siendo dirigente estudiantil de la Federaci\u00f3n de Estudiantes Campesinos Socialistas de M\u00e9xico (FECSM), abrevando la ideolog\u00eda de izquierda que imprimi\u00f3 en sus actividades magisteriales y en la lucha social.<\/p>\n<p style=\"text-align: justify;\">En los \u00faltimos a\u00f1os, la imagen de Caba\u00f1as Barrientos dirigente del Partido de los Pobres (PDLP) y la Brigada de Ajusticiamiento, ha sido reivindicada como un luchador social que asumi\u00f3 las causas del pueblo, por el cual ofrend\u00f3 su vida a los 36 a\u00f1os de edad, sin haber visto la transformaci\u00f3n social que tanto anhelaba, pero que abri\u00f3 camino hacia la incipiente democratizaci\u00f3n del pa\u00eds.<\/p>\n<p style=\"text-align: justify;\"><strong>Maremoto.-<\/strong> Adem\u00e1s de dar tumbos en su comparecencia ante el Congreso del Estado, la titular de Salud Aid\u00e9 Ibarez Castro, se sali\u00f3 por la tangente al considerar que no se cumplen con los indicadores para declarar la emergencia sanitaria en Acapulco, a pesar de los enormes acumulamientos de todo tipo de desechos org\u00e1nicos e inorg\u00e1nicos.<\/p>\n<p style=\"text-align: justify;\">La secretaria de Salud estatal, no mencion\u00f3 en ning\u00fan momento a que indicadores se refer\u00eda, aseverando que el \u201cgobierno del estado no tiene la capacidad para sacar todo el escombro\u201d.<\/p>\n<p style=\"text-align: justify;\">No me ayudes comadre, dir\u00eda la gobernadora Evelyn Salgado a la doctora Aid\u00e9 Ibarez, quien enfatiz\u00f3 la carencia de camiones a pesar que la gobernadora gestion\u00f3 50, cuando en realidad se necesitan m\u00e1s de 300 volteos y maquinaria pesada.<br \/>\nLa despistada Aid\u00e9 debe poner m\u00e1s atenci\u00f3n a su chamba y dejar a un lado las justificaciones que a nada bueno conducen.<\/p>\n<p style=\"text-align: justify;\"><em>) Facebook.com\/<a href=\"https:\/\/www.facebook.com\/acapulcopress.news\" target=\"_blank\" rel=\"noopener\">acapulcopress.news<\/a><\/em><br \/>\n<em>) Facebook.com\/<a href=\"https:\/\/www.facebook.com\/angelblanco.press\" target=\"_blank\" rel=\"noopener\">angelblanco.press<\/a><\/em><br \/>\n<em>) acapulcopress.com<\/em><\/p>\n","protected":false},"excerpt":{"rendered":"<p>Marem\u00e1gnum \u00bb RICARDO | CASTILLO BARRIENTOS ] Facebook ) Ricardo Castillo Barrientos Inmersos en la crisis producida por Poseid\u00f3n, subyace en la conciencia colectiva la malograda armon\u00eda social, rota por la violencia primitiva que permea en las distintas capas de la sociedad guerrerense, casi generalizada en el pa\u00eds, con expresiones delictivas de diversa \u00edndole. La&#8230;<\/p>\n","protected":false},"author":2,"featured_media":1258437,"comment_status":"closed","ping_status":"closed","sticky":false,"template":"","format":"standard","meta":{"footnotes":""},"categories":[2071,1991],"tags":[12503,15575],"class_list":["post-1258436","post","type-post","status-publish","format-standard","has-post-thumbnail","hentry","category-opinion-analisis-columnas","category-libertad-de-expresion","tag-maremagnum","tag-ricardo-castillo-barrientos"],"_links":{"self":[{"href":"https:\/\/www.acapulcopress.com\/index.php\/wp-json\/wp\/v2\/posts\/1258436","targetHints":{"allow":["GET"]}}],"collection":[{"href":"https:\/\/www.acapulcopress.com\/index.php\/wp-json\/wp\/v2\/posts"}],"about":[{"href":"https:\/\/www.acapulcopress.com\/index.php\/wp-json\/wp\/v2\/types\/post"}],"author":[{"embeddable":true,"href":"https:\/\/www.acapulcopress.com\/index.php\/wp-json\/wp\/v2\/users\/2"}],"replies":[{"embeddable":true,"href":"https:\/\/www.acapulcopress.com\/index.php\/wp-json\/wp\/v2\/comments?post=1258436"}],"version-history":[{"count":0,"href":"https:\/\/www.acapulcopress.com\/index.php\/wp-json\/wp\/v2\/posts\/1258436\/revisions"}],"wp:featuredmedia":[{"embeddable":true,"href":"https:\/\/www.acapulcopress.com\/index.php\/wp-json\/"}],"wp:attachment":[{"href":"https:\/\/www.acapulcopress.com\/index.php\/wp-json\/wp\/v2\/media?parent=1258436"}],"wp:term":[{"taxonomy":"category","embeddable":true,"href":"https:\/\/www.acapulcopress.com\/index.php\/wp-json\/wp\/v2\/categories?post=1258436"},{"taxonomy":"post_tag","embeddable":true,"href":"https:\/\/www.acapulcopress.com\/index.php\/wp-json\/wp\/v2\/tags?post=1258436"}],"curies":[{"name":"wp","href":"https:\/\/api.w.org\/{rel}","templated":true}]}}