{"id":1258442,"date":"2023-12-01T18:13:42","date_gmt":"2023-12-02T00:13:42","guid":{"rendered":"https:\/\/www.acapulcopress.com\/?p=1258442"},"modified":"2023-12-01T18:13:42","modified_gmt":"2023-12-02T00:13:42","slug":"aendio-gobernadora-seguimiento-diario-de-reconstruccion-de-coyuca-y-acapulco","status":"publish","type":"post","link":"https:\/\/www.acapulcopress.com\/index.php\/2023\/12\/01\/aendio-gobernadora-seguimiento-diario-de-reconstruccion-de-coyuca-y-acapulco\/","title":{"rendered":"Atendi\u00f3 Gobernadora seguimiento diario de reconstrucci\u00f3n de Coyuca y Acapulco"},"content":{"rendered":"<p style=\"text-align: justify;\">ACAPULCO * Diciembre 1, 2023.<br \/>\n<em>) Gobierno de Guerrero\u00a0<\/em><br \/>\nPara evaluar los avances del Plan Integral de Reconstrucci\u00f3n en municipios afectados por el <img loading=\"lazy\" decoding=\"async\" class=\"alignleft size-medium wp-image-1258452\" src=\"https:\/\/www.acapulcopress.com\/wp-content\/uploads\/2023\/12\/SEGUIMIENTO-OTIS5-375x250.jpg\" alt=\"\" width=\"375\" height=\"250\" \/>hurac\u00e1n \u00abOtis\u00bb, la gobernadora <a href=\"https:\/\/www.facebook.com\/EvelynSalgadoP\" target=\"_blank\" rel=\"noopener\">Evelyn Salgado Pineda<\/a> encabez\u00f3 la reuni\u00f3n diaria para dar seguimiento a las acciones de atenci\u00f3n en materia de recolecci\u00f3n de basura y desechos s\u00f3lidos, as\u00ed como los trabajos para la rehabilitaci\u00f3n integral de la distribuci\u00f3n de agua potable.<\/p>\n<p style=\"text-align: justify;\">En este esfuerzo conjunto de los tres niveles de gobierno, la mandataria estatal inform\u00f3 que se han redoblado los esfuerzos para la recolecci\u00f3n de desechos en zonas como Tuncingo, Renacimiento, Paseo de la Sabana, Fraccionamiento Marroqu\u00edn, avenida Cuauht\u00e9moc y Plan de los Amates.<\/p>\n<p style=\"text-align: justify;\">\u00abLo de la basura sigue siendo uno de los temas muy importantes. Es importante no bajar la guardia con lo de la basura\u00bb, dijo la gobernadora durante esta reuni\u00f3n de balance de las <img loading=\"lazy\" decoding=\"async\" class=\"alignleft size-medium wp-image-1258448\" src=\"https:\/\/www.acapulcopress.com\/wp-content\/uploads\/2023\/12\/SEGUIMIENTO-OTIS-375x250.jpg\" alt=\"\" width=\"375\" height=\"250\" \/>acciones coordinadas que se realizan en favor de la poblaci\u00f3n damnificada.<\/p>\n<p style=\"text-align: justify;\">En cuanto el tema de agua potable, el titular de la Comisi\u00f3n de Agua Potable, Alcantarillado y Saneamiento del Estado de Guerrero (Capaseg), Facundo Gast\u00e9lum F\u00e9lix inform\u00f3 que la administraci\u00f3n estatal ha logrado realizar 38 acciones inmediatas, de las cuales 35 est\u00e1n en Acapulco y llevan un avance del 71 por ciento y 3 se desarrollan en Coyuca de Ben\u00edtez, con progreso del 77 por ciento.<\/p>\n<p style=\"text-align: justify;\">Adem\u00e1s, dijo que hay un avance significativo en el fortalecimiento del sistema de agua potable con nuevos equipos de bombeo en las captaciones Papagayo I y Lomas de Chapultepec, lo cual permitir\u00e1 incrementar en los pr\u00f3ximos d\u00edas la capacidad de producci\u00f3n <img loading=\"lazy\" decoding=\"async\" class=\"alignleft size-medium wp-image-1258451\" src=\"https:\/\/www.acapulcopress.com\/wp-content\/uploads\/2023\/12\/SEGUIMIENTO-OTIS4-375x250.jpg\" alt=\"\" width=\"375\" height=\"250\" \/>en el suministro, al tiempo de trabajar en la reparaci\u00f3n de fugas.<\/p>\n<p style=\"text-align: justify;\">En lo que respecta al Programa de Pipas, hasta el momento se han repartido 27 millones 850 mil litros, inform\u00f3 el funcionario estatal.<\/p>\n<p style=\"text-align: justify;\">Por \u00faltimo la gobernadora inform\u00f3 que se tienen registrados 314 casos confirmados de dengue en el estado; de los cuales 138 son en Acapulco y dos en Coyuca de Ben\u00edtez. Por parte del Programa de B\u00fasqueda de Personas, se han localizado a mil\u00a0615\u00a0ciudadanos.<\/p>\n<p style=\"text-align: justify;\"><em>) Facebook.com\/<a href=\"https:\/\/www.facebook.com\/acapulcopress.news\" target=\"_blank\" rel=\"noopener\">acapulcopress.news<\/a><\/em><br \/>\n<em>) Facebook.com\/<a href=\"https:\/\/www.facebook.com\/angelblanco.press\" target=\"_blank\" rel=\"noopener\">angelblanco.press<\/a><\/em><br \/>\n<em>) acapulcopress.com<\/em><\/p>\n","protected":false},"excerpt":{"rendered":"<p>ACAPULCO * Diciembre 1, 2023. ) Gobierno de Guerrero\u00a0 Para evaluar los avances del Plan Integral de Reconstrucci\u00f3n en municipios afectados por el hurac\u00e1n \u00abOtis\u00bb, la gobernadora Evelyn Salgado Pineda encabez\u00f3 la reuni\u00f3n diaria para dar seguimiento a las acciones de atenci\u00f3n en materia de recolecci\u00f3n de basura y desechos s\u00f3lidos, as\u00ed como los trabajos&#8230;<\/p>\n","protected":false},"author":2,"featured_media":1258449,"comment_status":"closed","ping_status":"closed","sticky":false,"template":"","format":"standard","meta":{"footnotes":""},"categories":[1983,18561],"tags":[8251,9987,14622],"class_list":["post-1258442","post","type-post","status-publish","format-standard","has-post-thumbnail","hentry","category-guerrerogob","category-society-politics","tag-evelyn-salgado-pineda","tag-huracan-otis","tag-plan-integral-de-reconstruccion-acapulco-y-coyuca-de-benitez"],"_links":{"self":[{"href":"https:\/\/www.acapulcopress.com\/index.php\/wp-json\/wp\/v2\/posts\/1258442","targetHints":{"allow":["GET"]}}],"collection":[{"href":"https:\/\/www.acapulcopress.com\/index.php\/wp-json\/wp\/v2\/posts"}],"about":[{"href":"https:\/\/www.acapulcopress.com\/index.php\/wp-json\/wp\/v2\/types\/post"}],"author":[{"embeddable":true,"href":"https:\/\/www.acapulcopress.com\/index.php\/wp-json\/wp\/v2\/users\/2"}],"replies":[{"embeddable":true,"href":"https:\/\/www.acapulcopress.com\/index.php\/wp-json\/wp\/v2\/comments?post=1258442"}],"version-history":[{"count":0,"href":"https:\/\/www.acapulcopress.com\/index.php\/wp-json\/wp\/v2\/posts\/1258442\/revisions"}],"wp:featuredmedia":[{"embeddable":true,"href":"https:\/\/www.acapulcopress.com\/index.php\/wp-json\/"}],"wp:attachment":[{"href":"https:\/\/www.acapulcopress.com\/index.php\/wp-json\/wp\/v2\/media?parent=1258442"}],"wp:term":[{"taxonomy":"category","embeddable":true,"href":"https:\/\/www.acapulcopress.com\/index.php\/wp-json\/wp\/v2\/categories?post=1258442"},{"taxonomy":"post_tag","embeddable":true,"href":"https:\/\/www.acapulcopress.com\/index.php\/wp-json\/wp\/v2\/tags?post=1258442"}],"curies":[{"name":"wp","href":"https:\/\/api.w.org\/{rel}","templated":true}]}}