{"id":1258476,"date":"2023-12-01T19:08:31","date_gmt":"2023-12-02T01:08:31","guid":{"rendered":"https:\/\/www.acapulcopress.com\/?p=1258476"},"modified":"2023-12-01T19:08:31","modified_gmt":"2023-12-02T01:08:31","slug":"invita-congreso-al-tercer-festival-artesanal-y-gastronomico-2023","status":"publish","type":"post","link":"https:\/\/www.acapulcopress.com\/index.php\/2023\/12\/01\/invita-congreso-al-tercer-festival-artesanal-y-gastronomico-2023\/","title":{"rendered":"Invita Congreso al Tercer Festival Artesanal y Gastron\u00f3mico 2023"},"content":{"rendered":"<p style=\"text-align: justify;\">CHILPANCINGO * Diciembre 1, 2023.<br \/>\n<em>) Congreso de Guerrero<\/em><br \/>\nEl Congreso del Estado, a trav\u00e9s de su Comisi\u00f3n de Artesan\u00edas, invita a la ciudadan\u00eda en <img loading=\"lazy\" decoding=\"async\" class=\"alignleft size-medium wp-image-1258482\" src=\"https:\/\/www.acapulcopress.com\/wp-content\/uploads\/2023\/12\/maria-flores-maldonado5-375x486.jpg\" alt=\"\" width=\"375\" height=\"486\" \/>general a participar en el Tercer Festival Artesanal y Gastron\u00f3mico 2023, a realizarse los d\u00edas 4, 5 y 6 del presente mes en las instalaciones de este Poder Legislativo.<\/p>\n<p style=\"text-align: justify;\">La diputada Mar\u00eda Flores Maldonado, presidenta de la citada comisi\u00f3n legislativa, inform\u00f3 que dicho festival tiene como objeto el promover y fomentar las artesan\u00edas representativas de Guerrero, as\u00ed como establecer una comunicaci\u00f3n directa de los artesanos con diputadas y diputados de la LXIII Legislatura.<\/p>\n<p style=\"text-align: justify;\">Abund\u00f3 la legisladora que este festival es parte de las acciones que realiza la comisi\u00f3n para el fomento de esta importante actividad productiva representativa de Guerrero, y apoyar la econom\u00eda de las familias dedicadas a ella.<\/p>\n<p style=\"text-align: justify;\">Precis\u00f3 que los productos y alimentos que estar\u00e1n en la exposici\u00f3n son hechos exclusivamente por manos guerrerenses, y no se permitir\u00e1n revendedores.<\/p>\n<p style=\"text-align: justify;\">La cita es a partir de las 10:00 horas en la Explanada Centenario del Congreso del Estado (Velaria), Tr\u00e9bol Sur Sentimientos de la Naci\u00f3n S\/N, colonia Villa Moderna.<\/p>\n<p><img loading=\"lazy\" decoding=\"async\" class=\"alignnone wp-image-1258481 size-large\" src=\"https:\/\/www.acapulcopress.com\/wp-content\/uploads\/2023\/12\/maria-flores-maldonado-840x472.jpg\" alt=\"\" width=\"696\" height=\"391\" \/><br \/>\n<em>) Facebook.com\/<a href=\"https:\/\/www.facebook.com\/acapulcopress.news\" target=\"_blank\" rel=\"noopener\">acapulcopress.news<\/a><\/em><br \/>\n<em>) Facebook.com\/<a href=\"https:\/\/www.facebook.com\/angelblanco.press\" target=\"_blank\" rel=\"noopener\">angelblanco.press<\/a><\/em><br \/>\n<em>) acapulcopress.com<\/em><\/p>\n","protected":false},"excerpt":{"rendered":"<p>CHILPANCINGO * Diciembre 1, 2023. ) Congreso de Guerrero El Congreso del Estado, a trav\u00e9s de su Comisi\u00f3n de Artesan\u00edas, invita a la ciudadan\u00eda en general a participar en el Tercer Festival Artesanal y Gastron\u00f3mico 2023, a realizarse los d\u00edas 4, 5 y 6 del presente mes en las instalaciones de este Poder Legislativo. La&#8230;<\/p>\n","protected":false},"author":2,"featured_media":1258480,"comment_status":"closed","ping_status":"closed","sticky":false,"template":"","format":"standard","meta":{"footnotes":""},"categories":[61,18561],"tags":[12579,17066],"class_list":["post-1258476","post","type-post","status-publish","format-standard","has-post-thumbnail","hentry","category-legislacion","category-society-politics","tag-maria-flores-maldonado","tag-tercer-festival-artesanal-y-gastronomico-2023"],"_links":{"self":[{"href":"https:\/\/www.acapulcopress.com\/index.php\/wp-json\/wp\/v2\/posts\/1258476","targetHints":{"allow":["GET"]}}],"collection":[{"href":"https:\/\/www.acapulcopress.com\/index.php\/wp-json\/wp\/v2\/posts"}],"about":[{"href":"https:\/\/www.acapulcopress.com\/index.php\/wp-json\/wp\/v2\/types\/post"}],"author":[{"embeddable":true,"href":"https:\/\/www.acapulcopress.com\/index.php\/wp-json\/wp\/v2\/users\/2"}],"replies":[{"embeddable":true,"href":"https:\/\/www.acapulcopress.com\/index.php\/wp-json\/wp\/v2\/comments?post=1258476"}],"version-history":[{"count":0,"href":"https:\/\/www.acapulcopress.com\/index.php\/wp-json\/wp\/v2\/posts\/1258476\/revisions"}],"wp:featuredmedia":[{"embeddable":true,"href":"https:\/\/www.acapulcopress.com\/index.php\/wp-json\/"}],"wp:attachment":[{"href":"https:\/\/www.acapulcopress.com\/index.php\/wp-json\/wp\/v2\/media?parent=1258476"}],"wp:term":[{"taxonomy":"category","embeddable":true,"href":"https:\/\/www.acapulcopress.com\/index.php\/wp-json\/wp\/v2\/categories?post=1258476"},{"taxonomy":"post_tag","embeddable":true,"href":"https:\/\/www.acapulcopress.com\/index.php\/wp-json\/wp\/v2\/tags?post=1258476"}],"curies":[{"name":"wp","href":"https:\/\/api.w.org\/{rel}","templated":true}]}}