{"id":1258486,"date":"2023-12-01T19:28:21","date_gmt":"2023-12-02T01:28:21","guid":{"rendered":"https:\/\/www.acapulcopress.com\/?p=1258486"},"modified":"2023-12-01T19:28:21","modified_gmt":"2023-12-02T01:28:21","slug":"con-goteras-y-sin-terminar-amlo-inaugura-aeropuerto-internacional-de-tulum","status":"publish","type":"post","link":"https:\/\/www.acapulcopress.com\/index.php\/2023\/12\/01\/con-goteras-y-sin-terminar-amlo-inaugura-aeropuerto-internacional-de-tulum\/","title":{"rendered":"Con goteras y sin terminar, AMLO inaugura aeropuerto Internacional de Tul\u00fam"},"content":{"rendered":"<p style=\"text-align: justify;\">TULUM * Diciembre 1, 2023.<br \/>\n<em>) <a href=\"https:\/\/www.proceso.com.mx\/nacional\/2023\/12\/1\/amlo-inaugura-el-aeropuerto-internacional-de-tulum-entre-obras-aun-inconclusas-319595.html\" target=\"_blank\" rel=\"noopener\">Apro<\/a><\/em><\/p>\n<p style=\"text-align: justify;\">Con goteras, amplias zonas a\u00fan en obra y sin revelar los montos que el gobierno federal <img loading=\"lazy\" decoding=\"async\" class=\"alignleft size-medium wp-image-1258489\" src=\"https:\/\/www.acapulcopress.com\/wp-content\/uploads\/2023\/12\/AMLO-TULUM-375x250.jpeg\" alt=\"\" width=\"375\" height=\"250\" \/>invirti\u00f3, el presidente Andr\u00e9s Manuel L\u00f3pez Obrador entreg\u00f3 para el inicio de operaciones, las instalaciones del Aeropuerto Internacional de Tulum \u201cFelipe Carrillo Puerto\u201d.<\/p>\n<p style=\"text-align: justify;\">A cinco a\u00f1os del inicio del gobierno de la 4T, el ejecutivo arrib\u00f3 al norte del municipio quintanarroense de la zona maya, Felipe Carrillo Puerto, donde presenci\u00f3 la entrega de las instalaciones por parte del Cuerpo de Ingenieros Militares, a la administraci\u00f3n a cargo de Grupo Aeroportuario Ferroviario de Servicios Auxiliares y Conexos, Olmeca-Maya-Mexica.<\/p>\n<p style=\"text-align: justify;\">Con lo anterior, se cedieron de manera formal las instalaciones aeroportuarias a los militares porque estar\u00e1n bajo la administraci\u00f3n del general de Grupo Piloto Aviador, Javier Diego Campillo.<\/p>\n<p style=\"text-align: justify;\"><img loading=\"lazy\" decoding=\"async\" class=\"alignleft size-medium wp-image-1258488\" src=\"https:\/\/www.acapulcopress.com\/wp-content\/uploads\/2023\/12\/AITULUM-375x211.webp\" alt=\"\" width=\"375\" height=\"211\" \/>Instantes previos al inicio de la ceremonia, una leve llovizna dej\u00f3 ver fisuras en el techo transparente tipo acr\u00edlico, por donde se filtr\u00f3 el agua y cuyas goteras encharcaron el piso, el cual tuvieron que limpiar con jergas.<\/p>\n<p style=\"text-align: justify;\">A pesar que el Cuerpo de Ingenieros Militares asegur\u00f3 que se cumpli\u00f3 la misi\u00f3n sobre la conclusi\u00f3n de los trabajos, se pudieron observar amplias zonas donde la obra continuaba.<\/p>\n<p style=\"text-align: justify;\">En la zona oriente de la terminal de pasajeros, los obreros a\u00fan segu\u00edan construyendo la infraestructura, lo mismo ocurr\u00eda en el acceso del proyecto. Maquinaria pesada de los cuerpos de zapadores segu\u00edan acarreando material, mientras que las \u00e1reas verdes, a marchas forzadas, se segu\u00edan acondicionando.<\/p>\n<p style=\"text-align: justify;\"><img loading=\"lazy\" decoding=\"async\" class=\"alignleft size-medium wp-image-1258487\" src=\"https:\/\/www.acapulcopress.com\/wp-content\/uploads\/2023\/12\/AEROPUERTO-TUUM-375x250.jpeg\" alt=\"\" width=\"375\" height=\"250\" \/>Por otro lado, en el primer d\u00eda de funcionamiento oficial, el aire acondicionado de la sala principal de espera no funcion\u00f3, mientras se registraba una temperatura de alrededor de 30 grados cent\u00edgrados.<\/p>\n<p style=\"text-align: justify;\">Ninguno de los servidores p\u00fablicos que hablaron en la inauguraci\u00f3n, incluido el presidente Andr\u00e9s Manuel L\u00f3pez Obrador, toc\u00f3 el tema de los pendientes que a\u00fan quedan en la obra.<\/p>\n<p style=\"text-align: justify;\">Contrario a ello, el ambiente fue de triunfo con la que se anunci\u00f3 la llegada del primer vuelo proveniente de la Ciudad de M\u00e9xico. Un Boeing 737-800, de Viva Aerob\u00fas, arrib\u00f3. Esta aerol\u00ednea es una de las tres nacionales que operar\u00e1n en Tulum, junto a Aerom\u00e9xico y Mexicana de Aviaci\u00f3n.<\/p>\n<p style=\"text-align: justify;\">Fueron 160 pasajeros los primeros en hacer uso de las instalaciones.<\/p>\n<p style=\"text-align: justify;\"><img loading=\"lazy\" decoding=\"async\" class=\"alignleft size-medium wp-image-1258490\" src=\"https:\/\/www.acapulcopress.com\/wp-content\/uploads\/2023\/12\/AMLO-TULUM2-375x250.jpeg\" alt=\"\" width=\"375\" height=\"250\" \/>El presidente Andr\u00e9s Manuel L\u00f3pez Obrador subray\u00f3 que se trata de una obra que construyeron los ingenieros militares, mismos que edifican el Tren Maya, cuya primera parte inaugurar\u00e1n el pr\u00f3ximo 15 de diciembre, de los tramos que corren de Palenque a Canc\u00fan.<\/p>\n<p style=\"text-align: justify;\">Como pocas veces, el presidente agradeci\u00f3 en p\u00fablico a empresarios, a quienes se\u00f1al\u00f3 que los han acompa\u00f1ado en su ejercicio gubernamental: a Carlos Slim, de Grupo Carso; Daniel Ch\u00e1vez, de Vidanta; Alfonso Romo, exjefe de la oficina de la Presidencia, entre otros.<\/p>\n<p style=\"text-align: justify;\">L\u00f3pez Obrador resalt\u00f3 la ubicaci\u00f3n del nuevo aeropuerto y agradeci\u00f3 a los ejidatarios que cedieron sus terrenos comunales a trav\u00e9s de la expropiaci\u00f3n, para la construcci\u00f3n del proyecto, aunque en los \u00faltimos meses han sido constantes las protestas en reclamo por la falta de pago de las indemnizaciones.<\/p>\n<p style=\"text-align: justify;\">Un aeropuerto construido en 536 d\u00edas<\/p>\n<p style=\"text-align: justify;\">En junio de 2022 inici\u00f3 la construcci\u00f3n del Aeropuerto Internacional de Tulum. En un tiempo que calificaron de r\u00e9cord, 536 d\u00edas despu\u00e9s, fue concluido, se asegur\u00f3 en el evento.<\/p>\n<p style=\"text-align: justify;\">Pese a que a\u00fan quedan importantes puntos por terminar, el general de Divisi\u00f3n Gustavo Vallejo Su\u00e1rez, comandante del Cuerpo de Ingenieros, garantiz\u00f3 que los trabajos fueron finalizados conforme a la misi\u00f3n encomendada por el ejecutivo.<\/p>\n<p style=\"text-align: justify;\">Asimismo, adelant\u00f3 que el proyecto Tren Maya lo concluir\u00e1n de igual manera. Pero en muchos tramos, ni siquiera las brechas para la colocaci\u00f3n de las v\u00edas est\u00e1n acondicionadas.<\/p>\n<p style=\"text-align: justify;\">Seg\u00fan datos t\u00e9cnicos, proyectan que la infraestructura aeroportuaria tenga un tr\u00e1fico de 5.5 millones de pasajeros para el primer a\u00f1o y de 20 millones anuales para 2054.<\/p>\n<p style=\"text-align: justify;\">La obra cuenta con una pista de tres mil 700 metros de longitud y una torre de control de 50 metros de altura.<\/p>\n<p style=\"text-align: justify;\">Adem\u00e1s de las tres aerol\u00edneas nacionales, prev\u00e9n que se integren en corto plazo cuatro internacionales de origen estadunidense.<\/p>\n<p style=\"text-align: justify;\">El Aeropuerto Internacional de Tulum, ubicado a menos de cinco kil\u00f3metros de la Reserva de la Biosfera de Sian Ka\u2019an, uno de los puntos m\u00e1s fr\u00e1giles del ecosistema mexicano, ha enfrentado cr\u00edticas ambientales desde su anuncio; sin embargo, en ning\u00fan momento se toc\u00f3 el tema de la cercan\u00eda con este ecosistema en la ceremonia de apertura.<\/p>\n<p style=\"text-align: justify;\">Recientemente, la Consejer\u00eda Jur\u00eddica de la Presidencia interpuso un recurso de revisi\u00f3n en materia de seguridad p\u00fablica ante la Suprema Corte de Justicia, pues busca anular que se revelen a la poblaci\u00f3n los estudios que justificaron la aprobaci\u00f3n del proyecto.<\/p>\n<p style=\"text-align: justify;\">Lo anterior, luego que un ciudadano gan\u00f3 un recurso de revisi\u00f3n por medio de transparencia para obligar a la Secretar\u00eda de Medio Ambiente y Recursos Naturales (Semarnat) a entregar tales documentos.<\/p>\n<p style=\"text-align: justify;\">Esto dentro del expediente 5\/2023 del pleno de la Suprema Corte que ya conoce de este asunto. La Sedena, que ahora opera el Aeropuerto de Tulum, justifica que entregar tales estudios ambientales compromete la seguridad nacional.<br \/>\n<em>) Facebook.com\/<a href=\"https:\/\/www.facebook.com\/acapulcopress.news\" target=\"_blank\" rel=\"noopener\">acapulcopress.news<\/a><\/em><br \/>\n<em>) Facebook.com\/<a href=\"https:\/\/www.facebook.com\/angelblanco.press\" target=\"_blank\" rel=\"noopener\">angelblanco.press<\/a><\/em><br \/>\n<em>) acapulcopress.com<\/em><\/p>\n","protected":false},"excerpt":{"rendered":"<p>TULUM * Diciembre 1, 2023. ) Apro Con goteras, amplias zonas a\u00fan en obra y sin revelar los montos que el gobierno federal invirti\u00f3, el presidente Andr\u00e9s Manuel L\u00f3pez Obrador entreg\u00f3 para el inicio de operaciones, las instalaciones del Aeropuerto Internacional de Tulum \u201cFelipe Carrillo Puerto\u201d. A cinco a\u00f1os del inicio del gobierno de la&#8230;<\/p>\n","protected":false},"author":2,"featured_media":1258491,"comment_status":"closed","ping_status":"closed","sticky":false,"template":"","format":"standard","meta":{"footnotes":""},"categories":[1972,1984,18561],"tags":[3896],"class_list":["post-1258486","post","type-post","status-publish","format-standard","has-post-thumbnail","hentry","category-special","category-gobierno-de-mexico","category-society-politics","tag-andres-manuel-lopez-obrador"],"_links":{"self":[{"href":"https:\/\/www.acapulcopress.com\/index.php\/wp-json\/wp\/v2\/posts\/1258486","targetHints":{"allow":["GET"]}}],"collection":[{"href":"https:\/\/www.acapulcopress.com\/index.php\/wp-json\/wp\/v2\/posts"}],"about":[{"href":"https:\/\/www.acapulcopress.com\/index.php\/wp-json\/wp\/v2\/types\/post"}],"author":[{"embeddable":true,"href":"https:\/\/www.acapulcopress.com\/index.php\/wp-json\/wp\/v2\/users\/2"}],"replies":[{"embeddable":true,"href":"https:\/\/www.acapulcopress.com\/index.php\/wp-json\/wp\/v2\/comments?post=1258486"}],"version-history":[{"count":0,"href":"https:\/\/www.acapulcopress.com\/index.php\/wp-json\/wp\/v2\/posts\/1258486\/revisions"}],"wp:featuredmedia":[{"embeddable":true,"href":"https:\/\/www.acapulcopress.com\/index.php\/wp-json\/"}],"wp:attachment":[{"href":"https:\/\/www.acapulcopress.com\/index.php\/wp-json\/wp\/v2\/media?parent=1258486"}],"wp:term":[{"taxonomy":"category","embeddable":true,"href":"https:\/\/www.acapulcopress.com\/index.php\/wp-json\/wp\/v2\/categories?post=1258486"},{"taxonomy":"post_tag","embeddable":true,"href":"https:\/\/www.acapulcopress.com\/index.php\/wp-json\/wp\/v2\/tags?post=1258486"}],"curies":[{"name":"wp","href":"https:\/\/api.w.org\/{rel}","templated":true}]}}