{"id":1258511,"date":"2023-12-05T20:03:03","date_gmt":"2023-12-06T02:03:03","guid":{"rendered":"https:\/\/www.acapulcopress.com\/?p=1258511"},"modified":"2023-12-05T20:03:03","modified_gmt":"2023-12-06T02:03:03","slug":"inauguraron-en-el-congreso-el-tercer-festival-artesanal-y-gastronomico","status":"publish","type":"post","link":"https:\/\/www.acapulcopress.com\/index.php\/2023\/12\/05\/inauguraron-en-el-congreso-el-tercer-festival-artesanal-y-gastronomico\/","title":{"rendered":"Inauguraron en el Congreso el Tercer Festival Artesanal y Gastron\u00f3mico"},"content":{"rendered":"<p style=\"text-align: justify;\">CHILPANCINGO * Diciembre 5, 2023.<br \/>\n<em>) Congreso de Guerrero<\/em><br \/>\nEl Congreso del Estado, a trav\u00e9s de la Comisi\u00f3n de Artesan\u00edas, inaugur\u00f3 este martes el Tercer Festival Artesanal y Gastron\u00f3mico 2023, en el que participan decenas de expositores provenientes de las regiones Monta\u00f1a, Costa Chica, Costa Grande, Norte y Centro del <img loading=\"lazy\" decoding=\"async\" class=\"alignleft size-medium wp-image-1258514\" src=\"https:\/\/www.acapulcopress.com\/wp-content\/uploads\/2023\/12\/FESTIVAL-ARTESANAL3-375x250.jpeg\" alt=\"\" width=\"375\" height=\"250\" \/>estado.<\/p>\n<p style=\"text-align: justify;\">Esta exposici\u00f3n que se desarrolla en la explanada Centenario del Congreso tiene como prop\u00f3sito visibilizar, promover y valorizar los productos artesanales y alimentos t\u00edpicos de Guerrero, adem\u00e1s de contribuir econ\u00f3micamente con las familias dedicadas a esta importante y emblem\u00e1tica actividad productiva de Guerrero.<\/p>\n<p style=\"text-align: justify;\">Durante el acto inaugural, la diputada Mar\u00eda Flores Maldonado, presidenta de la citada comisi\u00f3n y promovente del festival, confi\u00f3 en que la siguiente legislatura le d\u00e9 secuencia a esta importante actividad que refrenda la pol\u00edtica de apertura del Congreso hacia todas las expresiones art\u00edsticas y culturales.<\/p>\n<p style=\"text-align: justify;\">La legisladora agreg\u00f3 que desde cualquier trinchera en que se encuentre, buscar\u00e1 los mecanismos para seguir apoyando a las artesanas y artesanos guerrerenses.<\/p>\n<p style=\"text-align: justify;\"><img loading=\"lazy\" decoding=\"async\" class=\"alignleft size-medium wp-image-1258513\" src=\"https:\/\/www.acapulcopress.com\/wp-content\/uploads\/2023\/12\/FESTIVAL-ARTESANAL2-375x250.jpg\" alt=\"\" width=\"375\" height=\"250\" \/>Por su parte, las diputadas Leticia Castro Ortiz, Ang\u00e9lica Espinoza Garc\u00eda y los diputados Antonio Helguera Jim\u00e9nez y Marco Tulio S\u00e1nchez Alarc\u00f3n, reconocieron el esfuerzo y la preocupaci\u00f3n de su hom\u00f3loga por dar oportunidad a las familias artesanas de vender sus productos en los espacios del Congreso, por tercer a\u00f1o consecutivo.<\/p>\n<p style=\"text-align: justify;\">Coincidieron, adem\u00e1s, en que es necesario seguir impulsando a este sector para darle un mayor realce no solo a nivel estatal sino nacional e internacional, para lo cual ya se propuso una feria artesanal de corte estatal en la Costa Grande y otra en Acapulco, que favorezca el ingreso econ\u00f3mico de las y los productores.<\/p>\n<p style=\"text-align: justify;\">A este evento asistieron representantes de las secretar\u00edas de Fomento y Desarrollo Econ\u00f3mico, Para el Desarrollo de los Pueblos Ind\u00edgenas y Afromexicanos y de Cultura.<\/p>\n<p style=\"text-align: justify;\">El festival estar\u00e1 abierto al p\u00fablico hasta el mi\u00e9rcoles 06 de diciembre, en un horario de 10:00 a 18:00 horas.<\/p>\n<p style=\"text-align: justify;\"><em>) Facebook.com\/<a href=\"https:\/\/www.facebook.com\/acapulcopress.news\" target=\"_blank\" rel=\"noopener\">acapulcopress.news<\/a><\/em><br \/>\n<em>) Facebook.com\/<a href=\"https:\/\/www.facebook.com\/angelblanco.press\" target=\"_blank\" rel=\"noopener\">angelblanco.press<\/a><\/em><br \/>\n<em>) acapulcopress.com<\/em><\/p>\n","protected":false},"excerpt":{"rendered":"<p>CHILPANCINGO * Diciembre 5, 2023. ) Congreso de Guerrero El Congreso del Estado, a trav\u00e9s de la Comisi\u00f3n de Artesan\u00edas, inaugur\u00f3 este martes el Tercer Festival Artesanal y Gastron\u00f3mico 2023, en el que participan decenas de expositores provenientes de las regiones Monta\u00f1a, Costa Chica, Costa Grande, Norte y Centro del estado. Esta exposici\u00f3n que se&#8230;<\/p>\n","protected":false},"author":2,"featured_media":1258512,"comment_status":"closed","ping_status":"closed","sticky":false,"template":"","format":"standard","meta":{"footnotes":""},"categories":[61,18561],"tags":[6370,17066],"class_list":["post-1258511","post","type-post","status-publish","format-standard","has-post-thumbnail","hentry","category-legislacion","category-society-politics","tag-congreso-de-guerrero","tag-tercer-festival-artesanal-y-gastronomico-2023"],"_links":{"self":[{"href":"https:\/\/www.acapulcopress.com\/index.php\/wp-json\/wp\/v2\/posts\/1258511","targetHints":{"allow":["GET"]}}],"collection":[{"href":"https:\/\/www.acapulcopress.com\/index.php\/wp-json\/wp\/v2\/posts"}],"about":[{"href":"https:\/\/www.acapulcopress.com\/index.php\/wp-json\/wp\/v2\/types\/post"}],"author":[{"embeddable":true,"href":"https:\/\/www.acapulcopress.com\/index.php\/wp-json\/wp\/v2\/users\/2"}],"replies":[{"embeddable":true,"href":"https:\/\/www.acapulcopress.com\/index.php\/wp-json\/wp\/v2\/comments?post=1258511"}],"version-history":[{"count":0,"href":"https:\/\/www.acapulcopress.com\/index.php\/wp-json\/wp\/v2\/posts\/1258511\/revisions"}],"wp:featuredmedia":[{"embeddable":true,"href":"https:\/\/www.acapulcopress.com\/index.php\/wp-json\/"}],"wp:attachment":[{"href":"https:\/\/www.acapulcopress.com\/index.php\/wp-json\/wp\/v2\/media?parent=1258511"}],"wp:term":[{"taxonomy":"category","embeddable":true,"href":"https:\/\/www.acapulcopress.com\/index.php\/wp-json\/wp\/v2\/categories?post=1258511"},{"taxonomy":"post_tag","embeddable":true,"href":"https:\/\/www.acapulcopress.com\/index.php\/wp-json\/wp\/v2\/tags?post=1258511"}],"curies":[{"name":"wp","href":"https:\/\/api.w.org\/{rel}","templated":true}]}}