{"id":1258517,"date":"2023-12-05T20:24:05","date_gmt":"2023-12-06T02:24:05","guid":{"rendered":"https:\/\/www.acapulcopress.com\/?p=1258517"},"modified":"2023-12-05T20:24:05","modified_gmt":"2023-12-06T02:24:05","slug":"se-han-retirado-300-toneladas-de-desechos-generador-por-otis-proteccion-civil","status":"publish","type":"post","link":"https:\/\/www.acapulcopress.com\/index.php\/2023\/12\/05\/se-han-retirado-300-toneladas-de-desechos-generador-por-otis-proteccion-civil\/","title":{"rendered":"Se han retirado 300 toneladas de desechos generador por Otis | Protecci\u00f3n Civil"},"content":{"rendered":"<p style=\"text-align: justify;\">ACAPULCO * Diciembre 5, 2023.<br \/>\n<em>) Protecci\u00f3n Civil Guerrero<br \/>\n<\/em>El titular de la Secretar\u00eda de Gesti\u00f3n Integral de Riesgos y Protecci\u00f3n Civil Guerrero, <img loading=\"lazy\" decoding=\"async\" class=\"alignleft size-medium wp-image-1258532\" src=\"https:\/\/www.acapulcopress.com\/wp-content\/uploads\/2023\/12\/Roberto-Arroyo-375x250.jpg\" alt=\"\" width=\"375\" height=\"250\" \/>Roberto Arroyo Matus, inform\u00f3 que hay avances importantes en materia de recolecci\u00f3n de escombros y residuos que quedaron en Acapulco y Coyuca de Ben\u00edtez luego del hurac\u00e1n Otis, alcanzando hasta el momento alrededor de 300 mil toneladas recolectadas en los distintos puntos.<\/p>\n<p style=\"text-align: justify;\">Asimismo, inform\u00f3 que se mantienen operativos especiales para dar celeridad a los trabajos y poder atender todos los puntos mediante la recolecci\u00f3n de basura y la liberaci\u00f3n de vialidades. \u00abSe tiene ya un avance sustancial, es palpable y sobre todo, porque en los \u00faltimos d\u00edas se ha incrementado tambi\u00e9n todo este sistema de recolecci\u00f3n que se est\u00e1 llevando a cabo para llevar todos estos residuos a zonas donde se pueda disponer y sobre todo, m\u00e1s adelante tambi\u00e9n seleccionar y tratar de ver qu\u00e9 se puede <img loading=\"lazy\" decoding=\"async\" class=\"alignleft size-medium wp-image-1258530\" src=\"https:\/\/www.acapulcopress.com\/wp-content\/uploads\/2023\/12\/PCGro6-375x281.jpg\" alt=\"\" width=\"375\" height=\"281\" \/>reusar, reciclar y reutilizar\u00bb, dijo.<\/p>\n<p style=\"text-align: justify;\">Arroyo Matus se\u00f1al\u00f3 que hay un gran compromiso del gobierno que encabeza <a href=\"https:\/\/www.facebook.com\/EvelynSalgadoP\" target=\"_blank\" rel=\"noopener\">Evelyn Salgado<\/a> y del presidente<a href=\"https:\/\/www.facebook.com\/lopezobrador.org.mx\" target=\"_blank\" rel=\"noopener\"> Andr\u00e9s Manuel L\u00f3pez Obrador<\/a> para continuar apoyando a la poblaci\u00f3n que m\u00e1s lo requiere, a trav\u00e9s de las distintas iniciativas y programas que se han dispuesto para ello.<\/p>\n<p style=\"text-align: justify;\">\u00abNo cesan los apoyos, ese es el compromiso que tiene el gobierno estatal y tambi\u00e9n el federal para todos los damnificados de este bello puerto y tambi\u00e9n de Coyuca\u00bb, a\u00f1adi\u00f3.<\/p>\n<p style=\"text-align: justify;\">Con relaci\u00f3n a la revisi\u00f3n de inmuebles dijo que hasta el momento los que han sido visitados, no tienen registro de da\u00f1o estructural, solamente la p\u00e9rdida de fachadas, recubrimientos y algunos acabados.<\/p>\n<p style=\"text-align: justify;\"><img loading=\"lazy\" decoding=\"async\" class=\"alignleft size-medium wp-image-1258529\" src=\"https:\/\/www.acapulcopress.com\/wp-content\/uploads\/2023\/12\/PCGro5-375x281.jpg\" alt=\"\" width=\"375\" height=\"281\" \/>Por \u00faltimo, el funcionario se\u00f1al\u00f3 que es necesario trabajar para poner en marcha normas de construcci\u00f3n m\u00e1s estrictas que permitan estar preparados ante la presencia de un hurac\u00e1n, con la utilizaci\u00f3n de mallas y recubrimientos anticicl\u00f3nicos; adem\u00e1s de limitar la colocaci\u00f3n de anuncios\u00a0espectaculares.<\/p>\n<p style=\"text-align: justify;\"><em>) Facebook.com\/<a href=\"https:\/\/www.facebook.com\/acapulcopress.news\" target=\"_blank\" rel=\"noopener\">acapulcopress.news<\/a><\/em><br \/>\n<em>) Facebook.com\/<a href=\"https:\/\/www.facebook.com\/angelblanco.press\" target=\"_blank\" rel=\"noopener\">angelblanco.press<\/a><\/em><br \/>\n<em>) acapulcopress.com<\/em><\/p>\n","protected":false},"excerpt":{"rendered":"<p>ACAPULCO * Diciembre 5, 2023. ) Protecci\u00f3n Civil Guerrero El titular de la Secretar\u00eda de Gesti\u00f3n Integral de Riesgos y Protecci\u00f3n Civil Guerrero, Roberto Arroyo Matus, inform\u00f3 que hay avances importantes en materia de recolecci\u00f3n de escombros y residuos que quedaron en Acapulco y Coyuca de Ben\u00edtez luego del hurac\u00e1n Otis, alcanzando hasta el momento&#8230;<\/p>\n","protected":false},"author":2,"featured_media":1258527,"comment_status":"closed","ping_status":"closed","sticky":false,"template":"","format":"standard","meta":{"footnotes":""},"categories":[1972,1983,18561],"tags":[3896,8251,9987,15667,16195],"class_list":["post-1258517","post","type-post","status-publish","format-standard","has-post-thumbnail","hentry","category-special","category-guerrerogob","category-society-politics","tag-andres-manuel-lopez-obrador","tag-evelyn-salgado-pineda","tag-huracan-otis","tag-roberto-arroyo-matus","tag-secretaria-de-gestion-integral-de-riesgos-y-proteccion-civil-guerrero"],"_links":{"self":[{"href":"https:\/\/www.acapulcopress.com\/index.php\/wp-json\/wp\/v2\/posts\/1258517","targetHints":{"allow":["GET"]}}],"collection":[{"href":"https:\/\/www.acapulcopress.com\/index.php\/wp-json\/wp\/v2\/posts"}],"about":[{"href":"https:\/\/www.acapulcopress.com\/index.php\/wp-json\/wp\/v2\/types\/post"}],"author":[{"embeddable":true,"href":"https:\/\/www.acapulcopress.com\/index.php\/wp-json\/wp\/v2\/users\/2"}],"replies":[{"embeddable":true,"href":"https:\/\/www.acapulcopress.com\/index.php\/wp-json\/wp\/v2\/comments?post=1258517"}],"version-history":[{"count":0,"href":"https:\/\/www.acapulcopress.com\/index.php\/wp-json\/wp\/v2\/posts\/1258517\/revisions"}],"wp:featuredmedia":[{"embeddable":true,"href":"https:\/\/www.acapulcopress.com\/index.php\/wp-json\/"}],"wp:attachment":[{"href":"https:\/\/www.acapulcopress.com\/index.php\/wp-json\/wp\/v2\/media?parent=1258517"}],"wp:term":[{"taxonomy":"category","embeddable":true,"href":"https:\/\/www.acapulcopress.com\/index.php\/wp-json\/wp\/v2\/categories?post=1258517"},{"taxonomy":"post_tag","embeddable":true,"href":"https:\/\/www.acapulcopress.com\/index.php\/wp-json\/wp\/v2\/tags?post=1258517"}],"curies":[{"name":"wp","href":"https:\/\/api.w.org\/{rel}","templated":true}]}}