{"id":1258534,"date":"2023-12-05T21:22:10","date_gmt":"2023-12-06T03:22:10","guid":{"rendered":"https:\/\/www.acapulcopress.com\/?p=1258534"},"modified":"2023-12-05T21:22:10","modified_gmt":"2023-12-06T03:22:10","slug":"empresarios-se-suman-a-la-reactivacion-economica-y-turistica-de-acapulco","status":"publish","type":"post","link":"https:\/\/www.acapulcopress.com\/index.php\/2023\/12\/05\/empresarios-se-suman-a-la-reactivacion-economica-y-turistica-de-acapulco\/","title":{"rendered":"Empresarios se suman a la reactivaci\u00f3n econ\u00f3mica y tur\u00edstica de Acapulco"},"content":{"rendered":"<p style=\"text-align: justify;\"><img loading=\"lazy\" decoding=\"async\" class=\"alignnone wp-image-1258541 size-large\" src=\"https:\/\/www.acapulcopress.com\/wp-content\/uploads\/2023\/12\/EVELY.CDMX_-840x560.jpg\" alt=\"\" width=\"696\" height=\"464\" \/><\/p>\n<p style=\"text-align: justify;\">CIUDAD DE M\u00c9XICO * Diciembre 5, 2023.<br \/>\n<em>) Gobierno de Guerrero<br \/>\n<\/em><img loading=\"lazy\" decoding=\"async\" class=\"alignleft size-medium wp-image-1258544\" src=\"https:\/\/www.acapulcopress.com\/wp-content\/uploads\/2023\/12\/EVELY.CDMX4_-375x250.jpg\" alt=\"\" width=\"375\" height=\"250\" \/><\/p>\n<p style=\"text-align: justify;\">En la ruta de fortalecer las estrategias y compromisos para impulsar la reactivaci\u00f3n econ\u00f3mica y tur\u00edstica de Acapulco y Coyuca de Ben\u00edtez, en esta etapa de reconstrucci\u00f3n tras el paso del hurac\u00e1n \u201cOtis\u00bb, la gobernadora <a href=\"https:\/\/www.facebook.com\/EvelynSalgadoP\" target=\"_blank\" rel=\"noopener\">Evelyn Salgado Pineda<\/a> sostuvo una reuni\u00f3n de trabajo con el Consejo Coordinador Empresarial y el Consejo de C\u00e1maras Industriales y Empresariales de Guerrero.<\/p>\n<p style=\"text-align: justify;\">Despu\u00e9s de su jornada de trabajo en Acapulco, la gobernadora se traslad\u00f3 a la Ciudad de M\u00e9xico para reunirse con el sector empresarial, donde destac\u00f3 los avances que se han logrado en materia de reactivaci\u00f3n econ\u00f3mica y tur\u00edstica, as\u00ed como la realizaci\u00f3n de eventos de alto nivel como la Gala de Pirotecnia y el Abierto Mexicano de Tenis, as\u00ed como <img loading=\"lazy\" decoding=\"async\" class=\"alignleft size-medium wp-image-1258542\" src=\"https:\/\/www.acapulcopress.com\/wp-content\/uploads\/2023\/12\/EVELY.CDMX2_-375x250.jpg\" alt=\"\" width=\"375\" height=\"250\" \/>reuniones y convenciones programadas para el 2024.<\/p>\n<p style=\"text-align: justify;\">En Acapulco, actualmente se encuentran en operaci\u00f3n 59 hoteles, con un total de mil 900 habitaciones disponibles y se mantiene una proyecci\u00f3n para el primer trimestre de 2024 de contar con 6 mil unidades de hospedaje entre hoteles y Airbnb, mientras que, para el segundo trimestre, se espera alcanzar los 8 mil cuartos en total.<\/p>\n<p style=\"text-align: justify;\">Salgado Pineda resalt\u00f3 el trabajo coordinado con el gobierno de M\u00e9xico que ha logrado confirmar el Tianguis Tur\u00edstico y la Convenci\u00f3n Bancaria en 2024, as\u00ed como m\u00e1s de diez congresos y convenciones, que ser\u00e1n de gran relevancia para contribuir a esta reactivaci\u00f3n.<\/p>\n<p style=\"text-align: justify;\">En lo que respecta a la conectividad, detall\u00f3 que se prev\u00e9 que para inicio del pr\u00f3ximo a\u00f1o, el Aeropuerto Internacional de Acapulco alcance una operatividad del 70 por ciento, mientras que, en lo relacionado con la conectividad terrestre, las empresas Estrella de Oro y Costa Line presentan un funcionamiento del 90 y 100 por ciento, respectivamente.<\/p>\n<p style=\"text-align: justify;\">En este contexto, la gobernadora resalt\u00f3 la importancia que tiene el sector tur\u00edstico para la econom\u00eda de Guerrero y confirm\u00f3 que para el cierre de a\u00f1o y con el prop\u00f3sito de impulsar la derrama econ\u00f3mica, se ha entablado una negociaci\u00f3n con proveedores para poder lograr la realizaci\u00f3n de la Gala de Pirotecnia de fin de a\u00f1o, evento insignia de Acapulco. Lo mismo que el Abierto Mexicano de Tenis, el cual se realizar\u00e1 en el puerto para el 2024.<\/p>\n<p style=\"text-align: justify;\">La mandataria habl\u00f3 de temas prioritarios para la reconstrucci\u00f3n el puerto, como son limpieza de calles y recolecci\u00f3n de basura, limpieza de playas, reforestaci\u00f3n, seguridad p\u00fablica y el restablecimiento de servicios b\u00e1sicos, los cuales son indispensables para lograr la reactivaci\u00f3n de la econom\u00eda.<\/p>\n<p style=\"text-align: justify;\">Salgado Pineda agradeci\u00f3 la conjunci\u00f3n de esfuerzos entre los diferentes \u00f3rdenes de gobierno, la sociedad civil organizada y la iniciativa privada, lo que ha permitido generar esta certidumbre y reposicionar el puerto como un excelente lugar para la inversi\u00f3n.<\/p>\n<p style=\"text-align: justify;\">En tanto, los integrantes del Consejo Coordinador Empresarial le refrendaron su compromiso a la mandataria y confirmaron su apoyo y confianza para seguir invirtiendo en Acapulco.<\/p>\n<p style=\"text-align: justify;\">Asistieron a este encuentro el presidente del Consejo Coordinador Empresarial, Francisco Cervantes D\u00edaz; el presidente de Canaco Ciudad de M\u00e9xico, Jes\u00fas Rodr\u00edguez C\u00e1rdenas; el director general del CCE, Jorge Juraidini Rumilla; el Asesor de Presidencia del CCE, Enrique Olgu\u00edn; el secretario t\u00e9cnico de la gobernadora, Pablo Gordillo Oliveros; el secretario de Turismo de Guerrero, Santos Ram\u00edrez Cuevas; la secretaria de Fomento y Desarrollo Econ\u00f3mico de Guerrero, Teodora Ram\u00edrez Vega; el subsecretario de Finanzas de Guerrero, Ricardo Salinas M\u00e9ndez.<\/p>\n<p style=\"text-align: justify;\">ambi\u00e9n el presidente del Consejo de C\u00e1maras Industriales y Empresariales de Guerrero (Concaingro), Juli\u00e1n Uri\u00f3stegui Carbajal; el representante patronal del Sector Privado en el Consejo Consultivo del IMSS en Guerrero, Manuel Antonio Rojas Cerros; el Vicepresidente Senior de TorexGold en M\u00e9xico y representante del Cl\u00faster Minero de Guerrero, Faysal Rodr\u00edguez Valenzuela; el presidente de la C\u00e1mara Mexicana de la Industria de la Construcci\u00f3n (CMIC) Guerrero, Carlos Francisco Sevilla Rodr\u00edguez y el presidente de la Asociaci\u00f3n Mexicana de Agencias de Viajes (AMAV) Guerrero y presidente del Cl\u00faster Tur\u00edstico de Concaingro, Levy Williams Manzanares,\u00a0entre\u00a0otros.<\/p>\n<p style=\"text-align: justify;\">\n<em>) Facebook.com\/<a href=\"https:\/\/www.facebook.com\/acapulcopress.news\" target=\"_blank\" rel=\"noopener\">acapulcopress.news<\/a><\/em><br \/>\n<em>) Facebook.com\/<a href=\"https:\/\/www.facebook.com\/angelblanco.press\" target=\"_blank\" rel=\"noopener\">angelblanco.press<\/a><\/em><br \/>\n<em>) acapulcopress.com<\/em><\/p>\n","protected":false},"excerpt":{"rendered":"<p>CIUDAD DE M\u00c9XICO * Diciembre 5, 2023. ) Gobierno de Guerrero En la ruta de fortalecer las estrategias y compromisos para impulsar la reactivaci\u00f3n econ\u00f3mica y tur\u00edstica de Acapulco y Coyuca de Ben\u00edtez, en esta etapa de reconstrucci\u00f3n tras el paso del hurac\u00e1n \u201cOtis\u00bb, la gobernadora Evelyn Salgado Pineda sostuvo una reuni\u00f3n de trabajo con&#8230;<\/p>\n","protected":false},"author":2,"featured_media":1258545,"comment_status":"closed","ping_status":"closed","sticky":false,"template":"","format":"standard","meta":{"footnotes":""},"categories":[1972,1983,18561],"tags":[8251,9302,9987],"class_list":["post-1258534","post","type-post","status-publish","format-standard","has-post-thumbnail","hentry","category-special","category-guerrerogob","category-society-politics","tag-evelyn-salgado-pineda","tag-gobierno-de-guerrero","tag-huracan-otis"],"_links":{"self":[{"href":"https:\/\/www.acapulcopress.com\/index.php\/wp-json\/wp\/v2\/posts\/1258534","targetHints":{"allow":["GET"]}}],"collection":[{"href":"https:\/\/www.acapulcopress.com\/index.php\/wp-json\/wp\/v2\/posts"}],"about":[{"href":"https:\/\/www.acapulcopress.com\/index.php\/wp-json\/wp\/v2\/types\/post"}],"author":[{"embeddable":true,"href":"https:\/\/www.acapulcopress.com\/index.php\/wp-json\/wp\/v2\/users\/2"}],"replies":[{"embeddable":true,"href":"https:\/\/www.acapulcopress.com\/index.php\/wp-json\/wp\/v2\/comments?post=1258534"}],"version-history":[{"count":0,"href":"https:\/\/www.acapulcopress.com\/index.php\/wp-json\/wp\/v2\/posts\/1258534\/revisions"}],"wp:featuredmedia":[{"embeddable":true,"href":"https:\/\/www.acapulcopress.com\/index.php\/wp-json\/"}],"wp:attachment":[{"href":"https:\/\/www.acapulcopress.com\/index.php\/wp-json\/wp\/v2\/media?parent=1258534"}],"wp:term":[{"taxonomy":"category","embeddable":true,"href":"https:\/\/www.acapulcopress.com\/index.php\/wp-json\/wp\/v2\/categories?post=1258534"},{"taxonomy":"post_tag","embeddable":true,"href":"https:\/\/www.acapulcopress.com\/index.php\/wp-json\/wp\/v2\/tags?post=1258534"}],"curies":[{"name":"wp","href":"https:\/\/api.w.org\/{rel}","templated":true}]}}