{"id":1258560,"date":"2023-12-06T17:39:32","date_gmt":"2023-12-06T23:39:32","guid":{"rendered":"https:\/\/www.acapulcopress.com\/?p=1258560"},"modified":"2023-12-06T17:39:32","modified_gmt":"2023-12-06T23:39:32","slug":"vive-mexico-agudo-retroceso-educativo-marko-cortes","status":"publish","type":"post","link":"https:\/\/www.acapulcopress.com\/index.php\/2023\/12\/06\/vive-mexico-agudo-retroceso-educativo-marko-cortes\/","title":{"rendered":"Vive M\u00e9xico agudo retroceso educativo | Marko Cort\u00e9s"},"content":{"rendered":"<p style=\"text-align: justify;\">CIUDAD DE M\u00c9XICO * Diciembre 6, 2023.<br \/>\n<em>) Prensa AN<br \/>\n<\/em>El agudo retroceso educativo de M\u00e9xico, reportado por la OCDE, es consecuencia de los intereses pol\u00edticos, clientelares y populistas del r\u00e9gimen, el cual cancel\u00f3 la movilidad social y con ello condena a millones de ni\u00f1as y ni\u00f1os mexicanos a sobrevivir en la pobreza, afirm\u00f3 <a href=\"https:\/\/www.facebook.com\/MarkoCortesM\" target=\"_blank\" rel=\"noopener\">Marko Cort\u00e9s Mendoza<\/a>, presidente nacional del PAN.<\/p>\n<p style=\"text-align: justify;\">La ca\u00edda en todas las \u00e1reas de aprendizaje reportada por la prueba PISA, agreg\u00f3 el dirigente panista, \u201ces aterradora para el futuro del pa\u00eds, porque la educaci\u00f3n de calidad es la herramienta m\u00e1s poderosa para superar la pobreza y mejorar las condiciones de vida. Sin educaci\u00f3n no hay movilidad social\u201d.<\/p>\n<p style=\"text-align: justify;\">Consider\u00f3 alarmante que M\u00e9xico haya retrocedido 20 a\u00f1os en matem\u00e1ticas y que, adem\u00e1s, ocupe el \u00faltimo lugar en ciencia, \u201cjusto cuando este gobierno suprime las matem\u00e1ticas en la ense\u00f1anza b\u00e1sica e incorpora a los brujos, hueseros y otros charlatanes en sus planes de salud\u201d.<\/p>\n<p style=\"text-align: justify;\">Cort\u00e9s Mendoza a\u00f1adi\u00f3 que la tragedia es muy grave, pero estaba anunciada desde el primer a\u00f1o del actual gobierno, cuando L\u00f3pez Obrador orden\u00f3 a tres secretarios de Estado violar la Constituci\u00f3n para suprimir la reforma educativa, adem\u00e1s de cancelar el 50 por ciento de los programas de la Secretar\u00eda de Educaci\u00f3n P\u00fablica. Ahora se est\u00e1n cumpliendo los peores pron\u00f3sticos.<\/p>\n<p style=\"text-align: justify;\">Desde el primer d\u00eda de su gobierno, L\u00f3pez Obrador privilegi\u00f3 los acuerdos pol\u00edticos y electorales con los sindicatos, por encima de la calidad de la educaci\u00f3n.<\/p>\n<p style=\"text-align: justify;\">Fue tanto el descaro que finalmente nombr\u00f3 como titular de la SEP a una militante de la Coordinadora Nacional de Trabajadores de la Educaci\u00f3n, la CNTE, su aliada electoral, record\u00f3.<\/p>\n<p style=\"text-align: justify;\">De acuerdo con el dirigente de Acci\u00f3n Nacional las pruebas de la OCDE registran las consecuencias de suprimir una veintena de programas entre los que se encuentran las Escuelas de Tiempo Completo, quit\u00e1ndoles la comida a decenas de miles de ni\u00f1os ind\u00edgenas; el Programa Nacional de Convivencia Escolar o el Programa de Atenci\u00f3n a la Diversidad de la Poblaci\u00f3n Ind\u00edgena.<\/p>\n<p style=\"text-align: justify;\">Cort\u00e9s Mendoza sostuvo que, a juzgar por los resultados, la pol\u00edtica del r\u00e9gimen en materia educativa es francamente criminal pues afecta a los m\u00e1s pobres, empobreci\u00e9ndolos m\u00e1s; sin educaci\u00f3n de calidad y sin un sistema de salud digna la marginaci\u00f3n y la desigualdad social se har\u00e1n cada vez mayor en nuestro pa\u00eds.<\/p>\n<p style=\"text-align: justify;\">No s\u00f3lo los alumnos, tambi\u00e9n los maestros la est\u00e1n pasando muy mal, porque el gobierno no les cumpli\u00f3 lo que les prometi\u00f3. No hubo el prometido fortalecimiento de las escuelas normales, no se invirti\u00f3 en el desarrollo profesional docente, no se premia la excelencia, la dedicaci\u00f3n y la entrega del maestro, concluy\u00f3.<em><br \/>\n) Facebook.com\/<a href=\"https:\/\/www.facebook.com\/acapulcopress.news\" target=\"_blank\" rel=\"noopener\">acapulcopress.news<\/a><\/em><br \/>\n<em>) Facebook.com\/<a href=\"https:\/\/www.facebook.com\/angelblanco.press\" target=\"_blank\" rel=\"noopener\">angelblanco.press<\/a><\/em><br \/>\n<em>) acapulcopress.com<\/em><\/p>\n","protected":false},"excerpt":{"rendered":"<p>CIUDAD DE M\u00c9XICO * Diciembre 6, 2023. ) Prensa AN El agudo retroceso educativo de M\u00e9xico, reportado por la OCDE, es consecuencia de los intereses pol\u00edticos, clientelares y populistas del r\u00e9gimen, el cual cancel\u00f3 la movilidad social y con ello condena a millones de ni\u00f1as y ni\u00f1os mexicanos a sobrevivir en la pobreza, afirm\u00f3 Marko&#8230;<\/p>\n","protected":false},"author":2,"featured_media":1258555,"comment_status":"closed","ping_status":"closed","sticky":false,"template":"","format":"standard","meta":{"footnotes":""},"categories":[1969,1972,18565],"tags":[12720,14269],"class_list":["post-1258560","post","type-post","status-publish","format-standard","has-post-thumbnail","hentry","category-trending","category-special","category-politicos","tag-marko-cortes-mendoza","tag-partido-accion-nacional-pan"],"_links":{"self":[{"href":"https:\/\/www.acapulcopress.com\/index.php\/wp-json\/wp\/v2\/posts\/1258560","targetHints":{"allow":["GET"]}}],"collection":[{"href":"https:\/\/www.acapulcopress.com\/index.php\/wp-json\/wp\/v2\/posts"}],"about":[{"href":"https:\/\/www.acapulcopress.com\/index.php\/wp-json\/wp\/v2\/types\/post"}],"author":[{"embeddable":true,"href":"https:\/\/www.acapulcopress.com\/index.php\/wp-json\/wp\/v2\/users\/2"}],"replies":[{"embeddable":true,"href":"https:\/\/www.acapulcopress.com\/index.php\/wp-json\/wp\/v2\/comments?post=1258560"}],"version-history":[{"count":0,"href":"https:\/\/www.acapulcopress.com\/index.php\/wp-json\/wp\/v2\/posts\/1258560\/revisions"}],"wp:featuredmedia":[{"embeddable":true,"href":"https:\/\/www.acapulcopress.com\/index.php\/wp-json\/"}],"wp:attachment":[{"href":"https:\/\/www.acapulcopress.com\/index.php\/wp-json\/wp\/v2\/media?parent=1258560"}],"wp:term":[{"taxonomy":"category","embeddable":true,"href":"https:\/\/www.acapulcopress.com\/index.php\/wp-json\/wp\/v2\/categories?post=1258560"},{"taxonomy":"post_tag","embeddable":true,"href":"https:\/\/www.acapulcopress.com\/index.php\/wp-json\/wp\/v2\/tags?post=1258560"}],"curies":[{"name":"wp","href":"https:\/\/api.w.org\/{rel}","templated":true}]}}