{"id":1258565,"date":"2023-12-06T18:08:52","date_gmt":"2023-12-07T00:08:52","guid":{"rendered":"https:\/\/www.acapulcopress.com\/?p=1258565"},"modified":"2023-12-06T18:08:52","modified_gmt":"2023-12-07T00:08:52","slug":"trabajando-juntos-vamos-a-levantar-acapulco-evelyn-salgado","status":"publish","type":"post","link":"https:\/\/www.acapulcopress.com\/index.php\/2023\/12\/06\/trabajando-juntos-vamos-a-levantar-acapulco-evelyn-salgado\/","title":{"rendered":"Trabajando juntos vamos a levantar Acapulco | Evelyn Salgado"},"content":{"rendered":"<p style=\"text-align: justify;\">CHILPANCINGO * Diciembre 6, 2023.<br \/>\n<em>)<a href=\"https:\/\/www.facebook.com\/GobiernoGuerrero\" target=\"_blank\" rel=\"noopener\"> Gobierno de Guerrero<\/a><\/em><br \/>\n\u201cNo hay cargos, somos acapulque\u00f1os de coraz\u00f3n y estamos trabajando por levantar este <img loading=\"lazy\" decoding=\"async\" class=\"alignleft size-medium wp-image-1258569\" src=\"https:\/\/www.acapulcopress.com\/wp-content\/uploads\/2023\/12\/evelyn.trabajo4-375x250.jpg\" alt=\"\" width=\"375\" height=\"250\" \/>maravilloso puerto\u201d, destac\u00f3 la gobernadora <a href=\"https:\/\/www.facebook.com\/EvelynSalgadoP\" target=\"_blank\" rel=\"noopener\">Evelyn Salgado Pineda<\/a>, al dar el banderazo de arranque al reforzamiento de los operativos de limpieza y recolecci\u00f3n de basura que realiza el gobierno del estado en Acapulco, con la operaci\u00f3n adicional emergente de 20 camiones recolectores y 50 contenedores m\u00e1s arrendados, que se suman para intensificar las labores prioritarias en puntos estrat\u00e9gicos.<\/p>\n<p style=\"text-align: justify;\">\u201cEl tema de la basura se ten\u00eda que atender de manera urgente, era necesario redoblar esfuerzos, tanto gobierno federal, estatal y municipal, y bueno, por supuesto, si es necesaria m\u00e1s maquinaria, si es necesario que tengamos pues m\u00e1s brigadas, lo vamos a seguir haciendo porque la recolecci\u00f3n de basura es una prioridad para evitar el foco de <img loading=\"lazy\" decoding=\"async\" class=\"alignleft size-medium wp-image-1258572\" src=\"https:\/\/www.acapulcopress.com\/wp-content\/uploads\/2023\/12\/evelyn.trabajo7-375x250.jpg\" alt=\"\" width=\"375\" height=\"250\" \/>infecci\u00f3n\u201d, sostuvo la gobernadora Evelyn Salgado Pineda.<\/p>\n<p style=\"text-align: justify;\">Tras dar salida a los camiones recolectores sobre el bulevar de Las Naciones, la mandataria estatal indic\u00f3 que esta tarde sostendr\u00e1 una reuni\u00f3n con el presidente Andr\u00e9s Manuel L\u00f3pez Obrador, en donde se har\u00e1 un corte a la fecha, de los avances registrados en el Plan de Reconstrucci\u00f3n de Acapulco y Coyuca de Ben\u00edtez que le toca coordinar de la mano de la secretaria de Gobernaci\u00f3n, Luisa Mar\u00eda Alcalde.<\/p>\n<p style=\"text-align: justify;\">\u201cHoy frente al presidente Andr\u00e9s Manuel L\u00f3pez Obrador, vamos a rendir un informe de todas las actividades que se han realizado\u201d mencion\u00f3 la gobernadora, destacando la inversi\u00f3n social de 3.2 millones de pesos que servir\u00e1n para coadyuvar en las labores de <img loading=\"lazy\" decoding=\"async\" class=\"alignleft size-medium wp-image-1258566\" src=\"https:\/\/www.acapulcopress.com\/wp-content\/uploads\/2023\/12\/evelyn.trabajo-375x562.jpg\" alt=\"\" width=\"375\" height=\"562\" \/>limpieza en todo el puerto, con 20 camiones recolectores y 50 contenedores con capacidad de 9.5 toneladas, los cuales permanecer\u00e1n en el puerto durante 60 d\u00edas.<\/p>\n<p style=\"text-align: justify;\">\u201cQueremos un Acapulco limpio\u201d, sostuvo la gobernadora, e hizo un llamado a la ciudadan\u00eda para tener una nueva estrategia de recolecci\u00f3n de basura, y detall\u00f3 que se trabaja junto a la alcaldesa Abelina L\u00f3pez para tener acciones definidas de saneamiento b\u00e1sico que ayuden a agilizar la limpieza de todo el territorio, en el que hasta el momento se tienen m\u00e1s de 300 mil toneladas de desechos retirados de las vialidades.<\/p>\n<p style=\"text-align: justify;\">Por su parte, la titular de la secretar\u00eda de Desarrollo Urbano, Obras P\u00fablicas y Ordenamiento Territorial, Irene Jim\u00e9nez Montiel, se\u00f1al\u00f3 que, en las 6 zonas a cargo del gobierno del estado, de las 14 en las que se dividi\u00f3 el puerto, se tiene un avance de m\u00e1s del 90 por ciento en la limpieza, logrando entregar a la representaci\u00f3n municipal sectores saneados que quedan bajo responsabilidad del Ayuntamiento.<\/p>\n<p style=\"text-align: justify;\">En el evento acompa\u00f1aron a la gobernadora el secretario general de Gobierno, Ludwig Marcial Reynoso N\u00fa\u00f1ez; el secretario de Turismo, Santos Ram\u00edrez Cuevas; el director general de Capaseg, Facundo Gast\u00e9lum F\u00e9lix; el director general de la Comisi\u00f3n de Infraestructura Carretera y Aeroportuaria del Estado (CICAEG), Mart\u00edn Vega Gonz\u00e1lez; el director de Gobernaci\u00f3n, Francisco Rodr\u00edguez Cisneros,\u00a0entre\u00a0otros.<\/p>\n<p><img loading=\"lazy\" decoding=\"async\" class=\"alignnone wp-image-1258568 size-large\" src=\"https:\/\/www.acapulcopress.com\/wp-content\/uploads\/2023\/12\/evelyn.trabajo3-840x560.jpg\" alt=\"\" width=\"696\" height=\"464\" \/><br \/>\n<em>) Facebook.com\/<a href=\"https:\/\/www.facebook.com\/acapulcopress.news\" target=\"_blank\" rel=\"noopener\">acapulcopress.news<\/a><\/em><br \/>\n<em>) Facebook.com\/<a href=\"https:\/\/www.facebook.com\/angelblanco.press\" target=\"_blank\" rel=\"noopener\">angelblanco.press<\/a><\/em><br \/>\n<em>) acapulcopress.com<\/em><\/p>\n","protected":false},"excerpt":{"rendered":"<p>CHILPANCINGO * Diciembre 6, 2023. ) Gobierno de Guerrero \u201cNo hay cargos, somos acapulque\u00f1os de coraz\u00f3n y estamos trabajando por levantar este maravilloso puerto\u201d, destac\u00f3 la gobernadora Evelyn Salgado Pineda, al dar el banderazo de arranque al reforzamiento de los operativos de limpieza y recolecci\u00f3n de basura que realiza el gobierno del estado en Acapulco,&#8230;<\/p>\n","protected":false},"author":2,"featured_media":1258570,"comment_status":"closed","ping_status":"closed","sticky":false,"template":"","format":"standard","meta":{"footnotes":""},"categories":[1972,1983,18561],"tags":[8251,9302],"class_list":["post-1258565","post","type-post","status-publish","format-standard","has-post-thumbnail","hentry","category-special","category-guerrerogob","category-society-politics","tag-evelyn-salgado-pineda","tag-gobierno-de-guerrero"],"_links":{"self":[{"href":"https:\/\/www.acapulcopress.com\/index.php\/wp-json\/wp\/v2\/posts\/1258565","targetHints":{"allow":["GET"]}}],"collection":[{"href":"https:\/\/www.acapulcopress.com\/index.php\/wp-json\/wp\/v2\/posts"}],"about":[{"href":"https:\/\/www.acapulcopress.com\/index.php\/wp-json\/wp\/v2\/types\/post"}],"author":[{"embeddable":true,"href":"https:\/\/www.acapulcopress.com\/index.php\/wp-json\/wp\/v2\/users\/2"}],"replies":[{"embeddable":true,"href":"https:\/\/www.acapulcopress.com\/index.php\/wp-json\/wp\/v2\/comments?post=1258565"}],"version-history":[{"count":0,"href":"https:\/\/www.acapulcopress.com\/index.php\/wp-json\/wp\/v2\/posts\/1258565\/revisions"}],"wp:featuredmedia":[{"embeddable":true,"href":"https:\/\/www.acapulcopress.com\/index.php\/wp-json\/"}],"wp:attachment":[{"href":"https:\/\/www.acapulcopress.com\/index.php\/wp-json\/wp\/v2\/media?parent=1258565"}],"wp:term":[{"taxonomy":"category","embeddable":true,"href":"https:\/\/www.acapulcopress.com\/index.php\/wp-json\/wp\/v2\/categories?post=1258565"},{"taxonomy":"post_tag","embeddable":true,"href":"https:\/\/www.acapulcopress.com\/index.php\/wp-json\/wp\/v2\/tags?post=1258565"}],"curies":[{"name":"wp","href":"https:\/\/api.w.org\/{rel}","templated":true}]}}