{"id":1258574,"date":"2023-12-06T18:38:11","date_gmt":"2023-12-07T00:38:11","guid":{"rendered":"https:\/\/www.acapulcopress.com\/?p=1258574"},"modified":"2023-12-06T18:38:11","modified_gmt":"2023-12-07T00:38:11","slug":"detienen-al-analista-politico-alfredo-jalife-por-denuncia-de-calumnias-contra-tatiana-clouthier","status":"publish","type":"post","link":"https:\/\/www.acapulcopress.com\/index.php\/2023\/12\/06\/detienen-al-analista-politico-alfredo-jalife-por-denuncia-de-calumnias-contra-tatiana-clouthier\/","title":{"rendered":"Detienen al analista pol\u00edtico Alfredo Jalife por denuncia de calumnias contra Tatiana Clouthier"},"content":{"rendered":"<p style=\"text-align: justify;\">MONTERREY * Diciembre 6, 2023.<br \/>\n<em>) <a href=\"https:\/\/www.proceso.com.mx\/nacional\/2023\/12\/6\/detienen-en-la-cdmx-al-analista-alfredo-jalife-tras-denuncia-de-tatiana-clouthier-por-difamacion-319906.html\" target=\"_blank\" rel=\"noopener\">Apro<\/a><\/em><br \/>\nEl analista <a href=\"https:\/\/www.facebook.com\/profile.php?id=100044224126690\" target=\"_blank\" rel=\"noopener\">Alfredo Jalife<\/a> fue detenido en la Ciudad de M\u00e9xico y trasladado a Nuevo Le\u00f3n para que responda por el delito de calumnia ante la denuncia que present\u00f3 <a href=\"https:\/\/www.facebook.com\/tatclouthier\" target=\"_blank\" rel=\"noopener\">Tatiana Clouthier<\/a> en su contra el a\u00f1o pasado.<\/p>\n<p style=\"text-align: justify;\">La Fiscal\u00eda de Justicia de Nuevo Le\u00f3n inform\u00f3 que la exsecretaria de Econom\u00eda federal, a quien solo identifica una persona de sexo femenino, present\u00f3 la querella el pasado 1 de diciembre del 2022 por publicaciones que el imputado hizo en su contra en dos ocasiones, en los meses de agosto y diciembre de ese a\u00f1o, por Youtube, en las que mostraba su imagen con textos que consider\u00f3 infamatorios.<\/p>\n<p style=\"text-align: justify;\">Seg\u00fan la Fiscal\u00eda nuevoleonesa, la afectada tambi\u00e9n se quej\u00f3 de publicaciones ofensivas que Jalife-Rhame public\u00f3 en su cuenta de Twitter (hoy X).<\/p>\n<p style=\"text-align: justify;\">En septiembre pasado fue girada la orden de aprehensi\u00f3n que, de acuerdo a la Fiscal\u00eda de NL, fue cumplida el este mi\u00e9rcoles, por su similar de la Ciudad de M\u00e9xico en la capital del pa\u00eds.<\/p>\n<p style=\"text-align: justify;\">Hoy mismo, Alfredo fue trasladado a Monterrey para ser presentado ante un juez de control que le resolver\u00e1 su situaci\u00f3n jur\u00eddica, aunque se espera que sea dejado en libertad porque no es grave el delito de difamaci\u00f3n, por el que se le acusa.<\/p>\n<p style=\"text-align: justify;\">Por su parte, la Fiscal\u00eda de Justicia de CDMX confirm\u00f3 esta tarde el arresto, aunque neg\u00f3 que actuara contra Jalife-Rahme para afectar su libertad de expresi\u00f3n.<\/p>\n<p style=\"text-align: justify;\">\u201cCon relaci\u00f3n a la orden de aprehensi\u00f3n cumplimentada al analista Alfredo N, la Fiscal\u00eda General de Justicia de la Ciudad de M\u00e9xico (FGJCDMX) precisa que dicho mandamiento judicial fue solicitado y girado en el estado de Nuevo Le\u00f3n por una denuncia presentada en esa entidad.<\/p>\n<p style=\"text-align: justify;\">\u201cLa participaci\u00f3n de nuestra instituci\u00f3n solamente fue a solicitud de la Fiscal\u00eda General de Justicia de Nuevo Le\u00f3n, como parte del protocolo de la colaboraci\u00f3n interinstitucional. Es absolutamente falso que la Fiscal\u00eda General de Justicia de la Ciudad de M\u00e9xico haya solicitado su detenci\u00f3n para coartar su libertad de expresi\u00f3n\u201d, aclar\u00f3 la dependencia capitalina.<\/p>\n<p style=\"text-align: justify;\">En un documento que circula en redes identificado como carpeta judicial 18753\/2023, de la Coordinaci\u00f3n General de Investigaci\u00f3n Forense, de la Fiscal\u00eda de la CDMX, se presenta un certificado de estado f\u00edsico y lesiones fechado el 5 de diciembre, en el que se precisa la condici\u00f3n en la que estaba el procesado al momento del arresto.<\/p>\n<p style=\"text-align: justify;\">Se muestra que Jalife, de 75 a\u00f1os, padece de prediabetes e hiperlipidemia, y que no presenta huellas recientes de lesiones.<br \/>\n<em>) Facebook.com\/<a href=\"https:\/\/www.facebook.com\/acapulcopress.news\" target=\"_blank\" rel=\"noopener\">acapulcopress.news<\/a><\/em><br \/>\n<em>) Facebook.com\/<a href=\"https:\/\/www.facebook.com\/angelblanco.press\" target=\"_blank\" rel=\"noopener\">angelblanco.press<\/a><\/em><br \/>\n<em>) acapulcopress.com<\/em><\/p>\n","protected":false},"excerpt":{"rendered":"<p>MONTERREY * Diciembre 6, 2023. ) Apro El analista Alfredo Jalife fue detenido en la Ciudad de M\u00e9xico y trasladado a Nuevo Le\u00f3n para que responda por el delito de calumnia ante la denuncia que present\u00f3 Tatiana Clouthier en su contra el a\u00f1o pasado. La Fiscal\u00eda de Justicia de Nuevo Le\u00f3n inform\u00f3 que la exsecretaria&#8230;<\/p>\n","protected":false},"author":2,"featured_media":1258575,"comment_status":"closed","ping_status":"closed","sticky":false,"template":"","format":"standard","meta":{"footnotes":""},"categories":[1988,1994],"tags":[],"class_list":["post-1258574","post","type-post","status-publish","format-standard","has-post-thumbnail","hentry","category-lifestyles","category-personalidades"],"_links":{"self":[{"href":"https:\/\/www.acapulcopress.com\/index.php\/wp-json\/wp\/v2\/posts\/1258574","targetHints":{"allow":["GET"]}}],"collection":[{"href":"https:\/\/www.acapulcopress.com\/index.php\/wp-json\/wp\/v2\/posts"}],"about":[{"href":"https:\/\/www.acapulcopress.com\/index.php\/wp-json\/wp\/v2\/types\/post"}],"author":[{"embeddable":true,"href":"https:\/\/www.acapulcopress.com\/index.php\/wp-json\/wp\/v2\/users\/2"}],"replies":[{"embeddable":true,"href":"https:\/\/www.acapulcopress.com\/index.php\/wp-json\/wp\/v2\/comments?post=1258574"}],"version-history":[{"count":0,"href":"https:\/\/www.acapulcopress.com\/index.php\/wp-json\/wp\/v2\/posts\/1258574\/revisions"}],"wp:featuredmedia":[{"embeddable":true,"href":"https:\/\/www.acapulcopress.com\/index.php\/wp-json\/"}],"wp:attachment":[{"href":"https:\/\/www.acapulcopress.com\/index.php\/wp-json\/wp\/v2\/media?parent=1258574"}],"wp:term":[{"taxonomy":"category","embeddable":true,"href":"https:\/\/www.acapulcopress.com\/index.php\/wp-json\/wp\/v2\/categories?post=1258574"},{"taxonomy":"post_tag","embeddable":true,"href":"https:\/\/www.acapulcopress.com\/index.php\/wp-json\/wp\/v2\/tags?post=1258574"}],"curies":[{"name":"wp","href":"https:\/\/api.w.org\/{rel}","templated":true}]}}