{"id":1258584,"date":"2023-12-06T20:21:09","date_gmt":"2023-12-07T02:21:09","guid":{"rendered":"https:\/\/www.acapulcopress.com\/?p=1258584"},"modified":"2023-12-06T20:21:09","modified_gmt":"2023-12-07T02:21:09","slug":"titular-de-segob-y-gobernadora-evaluan-avances-de-trabajos-de-limpieza-en-acapulco-y-coyuca","status":"publish","type":"post","link":"https:\/\/www.acapulcopress.com\/index.php\/2023\/12\/06\/titular-de-segob-y-gobernadora-evaluan-avances-de-trabajos-de-limpieza-en-acapulco-y-coyuca\/","title":{"rendered":"Titular de Segob y Gobernadora eval\u00faan avances de trabajos de limpieza en Acapulco y Coyuca"},"content":{"rendered":"<p style=\"text-align: justify;\">ACAPULCO * Diciembre 6, 2023.<br \/>\n<em>) Gobierno de Guerrero<\/em><br \/>\n<img loading=\"lazy\" decoding=\"async\" class=\"alignleft size-medium wp-image-1258587\" src=\"https:\/\/www.acapulcopress.com\/wp-content\/uploads\/2023\/12\/LUISA-ALCALA.EVELYN3-375x250.jpg\" alt=\"\" width=\"375\" height=\"250\" \/>Previo a la reuni\u00f3n con el presidente <a href=\"https:\/\/www.facebook.com\/lopezobrador.org.mx\" target=\"_blank\" rel=\"noopener\">Andr\u00e9s Manuel L\u00f3pez Obrador<\/a>, la gobernadora <a href=\"https:\/\/www.facebook.com\/EvelynSalgadoP\" target=\"_blank\" rel=\"noopener\">Evelyn Salgado Pineda<\/a>, sostuvo un encuentro con la titular de la Secretar\u00eda de Gobernaci\u00f3n, <a href=\"https:\/\/www.facebook.com\/LuisaMariaAlcalde\" target=\"_blank\" rel=\"noopener\">Luisa Mar\u00eda Alcalde<\/a>, con quien evalu\u00f3 los trabajos coordinados entre los tres \u00f3rdenes de gobierno en cuanto a las tareas de limpieza que se han realizado desde el primer momento despu\u00e9s del paso del hurac\u00e1n Otis por Acapulco y Coyuca de Ben\u00edtez.<\/p>\n<p style=\"text-align: justify;\">La mandataria estatal especific\u00f3 que los trabajos de recolecci\u00f3n de desechos y escombros de las 380 colonias correspondientes a las seis zonas asignadas al gobierno del estado, se encuentran con m\u00e1s del 90 por ciento de avance.<\/p>\n<p style=\"text-align: justify;\">Evelyn Salgado estuvo acompa\u00f1ada por los encargados de las 14 zonas en las que se <img loading=\"lazy\" decoding=\"async\" class=\"alignleft size-medium wp-image-1258590\" src=\"https:\/\/www.acapulcopress.com\/wp-content\/uploads\/2023\/12\/LUISA-ALCALA.EVELYN6-375x250.jpg\" alt=\"\" width=\"375\" height=\"250\" \/>dividi\u00f3 el municipio de Acapulco, as\u00ed como de la titular de la Secretar\u00eda de Bienestar, Ariadna Montiel; la presidenta municipal de Acapulco, Abelina L\u00f3pez Rodr\u00edguez y el alcalde de Coyuca de Ben\u00edtez, Ossiel Pacheco Salas<\/p>\n<p style=\"text-align: justify;\">Destac\u00f3 adem\u00e1s el arranque del reforzamiento a los operativos de limpieza por parte del gobierno del estado en Acapulco, arrendando 20 camiones compactadores y 50 contenedores de 9.5 toneladas de capacidad durante 60 d\u00edas, con el objetivo de redoblar el saneamiento del puerto y regularizar la recolecci\u00f3n de basura.<\/p>\n<p style=\"text-align: justify;\">Por su parte, la titular de la secretar\u00eda de Gobernaci\u00f3n, Luisa Mar\u00eda Alcalde, acord\u00f3 con la gobernadora y las autoridades municipales reforzar y agilizar las tareas en los lugares donde se requiera para reconstruir las zonas afectadas por el\u00a0hurac\u00e1n\u00a0Otis.<\/p>\n<p><img loading=\"lazy\" decoding=\"async\" class=\"alignnone wp-image-1258586 size-large\" src=\"https:\/\/www.acapulcopress.com\/wp-content\/uploads\/2023\/12\/LUISA-ALCALA.EVELYN2-840x560.jpg\" alt=\"\" width=\"696\" height=\"464\" \/><\/p>\n<p style=\"text-align: justify;\"><em>) Facebook.com\/<a href=\"https:\/\/www.facebook.com\/acapulcopress.news\" target=\"_blank\" rel=\"noopener\">acapulcopress.news<\/a><\/em><br \/>\n<em>) Facebook.com\/<a href=\"https:\/\/www.facebook.com\/angelblanco.press\" target=\"_blank\" rel=\"noopener\">angelblanco.press<\/a><\/em><br \/>\n<em>) acapulcopress.com<\/em><\/p>\n","protected":false},"excerpt":{"rendered":"<p>ACAPULCO * Diciembre 6, 2023. ) Gobierno de Guerrero Previo a la reuni\u00f3n con el presidente Andr\u00e9s Manuel L\u00f3pez Obrador, la gobernadora Evelyn Salgado Pineda, sostuvo un encuentro con la titular de la Secretar\u00eda de Gobernaci\u00f3n, Luisa Mar\u00eda Alcalde, con quien evalu\u00f3 los trabajos coordinados entre los tres \u00f3rdenes de gobierno en cuanto a las&#8230;<\/p>\n","protected":false},"author":2,"featured_media":1258588,"comment_status":"closed","ping_status":"closed","sticky":false,"template":"","format":"standard","meta":{"footnotes":""},"categories":[1983,18561],"tags":[3896,8251,12223],"class_list":["post-1258584","post","type-post","status-publish","format-standard","has-post-thumbnail","hentry","category-guerrerogob","category-society-politics","tag-andres-manuel-lopez-obrador","tag-evelyn-salgado-pineda","tag-luisa-maria-alcalde"],"_links":{"self":[{"href":"https:\/\/www.acapulcopress.com\/index.php\/wp-json\/wp\/v2\/posts\/1258584","targetHints":{"allow":["GET"]}}],"collection":[{"href":"https:\/\/www.acapulcopress.com\/index.php\/wp-json\/wp\/v2\/posts"}],"about":[{"href":"https:\/\/www.acapulcopress.com\/index.php\/wp-json\/wp\/v2\/types\/post"}],"author":[{"embeddable":true,"href":"https:\/\/www.acapulcopress.com\/index.php\/wp-json\/wp\/v2\/users\/2"}],"replies":[{"embeddable":true,"href":"https:\/\/www.acapulcopress.com\/index.php\/wp-json\/wp\/v2\/comments?post=1258584"}],"version-history":[{"count":0,"href":"https:\/\/www.acapulcopress.com\/index.php\/wp-json\/wp\/v2\/posts\/1258584\/revisions"}],"wp:featuredmedia":[{"embeddable":true,"href":"https:\/\/www.acapulcopress.com\/index.php\/wp-json\/"}],"wp:attachment":[{"href":"https:\/\/www.acapulcopress.com\/index.php\/wp-json\/wp\/v2\/media?parent=1258584"}],"wp:term":[{"taxonomy":"category","embeddable":true,"href":"https:\/\/www.acapulcopress.com\/index.php\/wp-json\/wp\/v2\/categories?post=1258584"},{"taxonomy":"post_tag","embeddable":true,"href":"https:\/\/www.acapulcopress.com\/index.php\/wp-json\/wp\/v2\/tags?post=1258584"}],"curies":[{"name":"wp","href":"https:\/\/api.w.org\/{rel}","templated":true}]}}