{"id":1258594,"date":"2023-12-06T20:47:05","date_gmt":"2023-12-07T02:47:05","guid":{"rendered":"https:\/\/www.acapulcopress.com\/?p=1258594"},"modified":"2023-12-06T20:47:05","modified_gmt":"2023-12-07T02:47:05","slug":"eu-sanciona-12-mexicanos-ligados-a-los-beltran","status":"publish","type":"post","link":"https:\/\/www.acapulcopress.com\/index.php\/2023\/12\/06\/eu-sanciona-12-mexicanos-ligados-a-los-beltran\/","title":{"rendered":"EU sanciona 12 mexicanos ligados a Los Beltr\u00e1n"},"content":{"rendered":"<p style=\"text-align: justify;\">WASHINGTON * Diciembre 6, 2023.<br \/>\n<em>) <a href=\"https:\/\/latinus.us\/2023\/12\/06\/eu-acusa-60-extranjeros-trafico-drogas-ellos-12-mexicanos-cartel-beltran-leyva-impuso-sanciones\/\" target=\"_blank\" rel=\"noopener\">Latinus<\/a><\/em><\/p>\n<p style=\"text-align: justify;\">El Departamento de Justicia de Estados Unidos inform\u00f3 este mi\u00e9rcoles que 60 ciudadanos mexicanos y extranjeros han sido acusados por el tr\u00e1fico de drogas, entre ellos 12 de las 15 personas sancionadas que el Departamento del Tesoro vincul\u00f3 con el C\u00e1rtel de los Beltr\u00e1n Leyva.<\/p>\n<p style=\"text-align: justify;\">En un comunicado, las autoridades explicaron que las personas est\u00e1n relacionadas en ocho casos que son analizados en Columbia, el distrito sur y norte de California, y el distrito norte de Illinois.<\/p>\n<p style=\"text-align: justify;\">En su visita a M\u00e9xico, la secretaria del Tesoro, Janet Yellen, anunci\u00f3 que la Oficina de Control de Activos Extranjeros (OFAC, en ingl\u00e9s) sancion\u00f3 a 15 personas y dos empresas ligadas al C\u00e1rtel de los Beltr\u00e1n Leyva.<\/p>\n<p style=\"text-align: justify;\">Por su parte, el Departamento de Justicia precis\u00f3 que cinco mexicanos son acusados en el distrito de Columbia por el tr\u00e1fico internacional de drogas, entre ellos Jos\u00e9 Gil Caro Quintero, alias \u201cEl Chino\u201d; Francisco Abraham Flores Ortiz, alias \u201cPanchito\u201d, y Oscar Manuel Gastelum Iribe, alias \u201cSalgado\u201d.<\/p>\n<p style=\"text-align: justify;\">Los se\u00f1alados habr\u00edan conspirado para el tr\u00e1fico a Estados Unidos de drogas como hero\u00edna, metanfetaminas y marihuana desde 1994 y hasta 2022.<\/p>\n<p style=\"text-align: justify;\">En las acusaciones destaca la participaci\u00f3n de personas ligadas a los Beltr\u00e1n Leyva, entre ellos Gatselum Iribe, quien es identificado como uno de los coordinadores log\u00edsticos de este grupo criminal.<\/p>\n<p style=\"text-align: justify;\">El hombre de 49 a\u00f1os enfrenta una pena de hasta cadena perpetua y se solicita el decomiso de 885 millones de d\u00f3lares.<\/p>\n<p style=\"text-align: justify;\">Adem\u00e1s de Lamberto Beltr\u00e1n, alias \u201cAmbertito\u201d, que habr\u00eda conspirado con al menos 26 c\u00f3mplices para distribuir drogas; est\u00e1 se\u00f1alado por los cargos de conspiraci\u00f3n y de posesi\u00f3n, por los que enfrentar\u00eda al menos 10 a\u00f1os de prisi\u00f3n por cada uno.<\/p>\n<p style=\"text-align: justify;\">\u201cLos acusados en estos casos amenazaron la seguridad y la salud del pueblo estadounidense al traficar fentanilo, metanfetamina y otras drogas mortales a Estados Unidos y al utilizar la violencia para promover sus actos criminales\u201d, a\u00f1adi\u00f3 la titular de la DEA, Anne Milgram.<\/p>\n<p style=\"text-align: justify;\"><em>) Facebook.com\/<a href=\"https:\/\/www.facebook.com\/acapulcopress.news\" target=\"_blank\" rel=\"noopener\">acapulcopress.news<\/a><\/em><br \/>\n<em>) Facebook.com\/<a href=\"https:\/\/www.facebook.com\/angelblanco.press\" target=\"_blank\" rel=\"noopener\">angelblanco.press<\/a><\/em><br \/>\n<em>) acapulcopress.com<\/em><\/p>\n","protected":false},"excerpt":{"rendered":"<p>WASHINGTON * Diciembre 6, 2023. ) Latinus El Departamento de Justicia de Estados Unidos inform\u00f3 este mi\u00e9rcoles que 60 ciudadanos mexicanos y extranjeros han sido acusados por el tr\u00e1fico de drogas, entre ellos 12 de las 15 personas sancionadas que el Departamento del Tesoro vincul\u00f3 con el C\u00e1rtel de los Beltr\u00e1n Leyva. En un comunicado,&#8230;<\/p>\n","protected":false},"author":2,"featured_media":1258595,"comment_status":"closed","ping_status":"closed","sticky":false,"template":"","format":"standard","meta":{"footnotes":""},"categories":[1997],"tags":[],"class_list":["post-1258594","post","type-post","status-publish","format-standard","has-post-thumbnail","hentry","category-noticias-destacadas"],"_links":{"self":[{"href":"https:\/\/www.acapulcopress.com\/index.php\/wp-json\/wp\/v2\/posts\/1258594","targetHints":{"allow":["GET"]}}],"collection":[{"href":"https:\/\/www.acapulcopress.com\/index.php\/wp-json\/wp\/v2\/posts"}],"about":[{"href":"https:\/\/www.acapulcopress.com\/index.php\/wp-json\/wp\/v2\/types\/post"}],"author":[{"embeddable":true,"href":"https:\/\/www.acapulcopress.com\/index.php\/wp-json\/wp\/v2\/users\/2"}],"replies":[{"embeddable":true,"href":"https:\/\/www.acapulcopress.com\/index.php\/wp-json\/wp\/v2\/comments?post=1258594"}],"version-history":[{"count":0,"href":"https:\/\/www.acapulcopress.com\/index.php\/wp-json\/wp\/v2\/posts\/1258594\/revisions"}],"wp:featuredmedia":[{"embeddable":true,"href":"https:\/\/www.acapulcopress.com\/index.php\/wp-json\/"}],"wp:attachment":[{"href":"https:\/\/www.acapulcopress.com\/index.php\/wp-json\/wp\/v2\/media?parent=1258594"}],"wp:term":[{"taxonomy":"category","embeddable":true,"href":"https:\/\/www.acapulcopress.com\/index.php\/wp-json\/wp\/v2\/categories?post=1258594"},{"taxonomy":"post_tag","embeddable":true,"href":"https:\/\/www.acapulcopress.com\/index.php\/wp-json\/wp\/v2\/tags?post=1258594"}],"curies":[{"name":"wp","href":"https:\/\/api.w.org\/{rel}","templated":true}]}}