{"id":1258597,"date":"2023-12-07T17:47:03","date_gmt":"2023-12-07T23:47:03","guid":{"rendered":"https:\/\/www.acapulcopress.com\/?p=1258597"},"modified":"2023-12-07T17:47:03","modified_gmt":"2023-12-07T23:47:03","slug":"inicia-semaren-reforestacion-de-acapulco","status":"publish","type":"post","link":"https:\/\/www.acapulcopress.com\/index.php\/2023\/12\/07\/inicia-semaren-reforestacion-de-acapulco\/","title":{"rendered":"Inicia Semaren reforestaci\u00f3n de Acapulco"},"content":{"rendered":"<div style=\"width: 848px;\" class=\"wp-video\"><video class=\"wp-video-shortcode\" id=\"video-1258597-1\" width=\"848\" height=\"480\" preload=\"metadata\" controls=\"controls\"><source type=\"video\/mp4\" src=\"https:\/\/www.acapulcopress.com\/wp-content\/uploads\/2023\/12\/REFORESTACION-ACAPULCO-OTIS.mp4?_=1\" \/><a href=\"https:\/\/www.acapulcopress.com\/wp-content\/uploads\/2023\/12\/REFORESTACION-ACAPULCO-OTIS.mp4\">https:\/\/www.acapulcopress.com\/wp-content\/uploads\/2023\/12\/REFORESTACION-ACAPULCO-OTIS.mp4<\/a><\/video><\/div>\n<p style=\"text-align: justify;\">ACAPULCO * Diciembre 7, 2023.<br \/>\n) Gobierno de Guerrero<br \/>\n<img loading=\"lazy\" decoding=\"async\" class=\"alignleft size-medium wp-image-1258606\" src=\"https:\/\/www.acapulcopress.com\/wp-content\/uploads\/2023\/12\/REFORESTACION-ACAPULCO-OTIS6-375x250.jpg\" alt=\"\" width=\"375\" height=\"250\" \/>Gracias a las gestiones de la gobernadora Evelyn Salgado, grupos empresariales iniciaron la donaci\u00f3n de 200 palmeras end\u00e9micas para la reforestaci\u00f3n de Acapulco tras el paso del hurac\u00e1n Otis, mismas que ya fueron colocadas en un primer tramo del Bulevar de Las Naciones.<\/p>\n<p style=\"text-align: justify;\">Ante esto, la gobernadora <a href=\"https:\/\/www.facebook.com\/EvelynSalgadoP\" target=\"_blank\" rel=\"noopener\">Evelyn Salgado Pineda<\/a>, anunci\u00f3 que el inicio formal de la reforestaci\u00f3n en Acapulco ser\u00e1 en el Parque Papagayo, el cual representa el mayor pulm\u00f3n verde para el puerto; y corresponde al megaproyecto que ser\u00e1 presentado por la Secretar\u00eda de Medio Ambiente y Recursos Naturales (<a href=\"https:\/\/www.facebook.com\/semaren.gro21\" target=\"_blank\" rel=\"noopener\">Semaren<\/a>), en pr\u00f3ximos d\u00edas.<\/p>\n<p style=\"text-align: justify;\">En cuanto a la colocaci\u00f3n de las 200 palmeras en el Bulevar de Las Naciones, el subsecretario de Administraci\u00f3n, Ricardo Salinas M\u00e9ndez, indic\u00f3 que los grupos <img loading=\"lazy\" decoding=\"async\" class=\"alignleft size-medium wp-image-1258604\" src=\"https:\/\/www.acapulcopress.com\/wp-content\/uploads\/2023\/12\/REFORESTACION-ACAPULCO-OTIS4-375x562.jpg\" alt=\"\" width=\"375\" height=\"562\" \/>empresariales que respaldan los trabajos realizados por la gobernadora, en apoyo al gobierno del estado, donar\u00e1n otras 200 palmeras end\u00e9micas que ser\u00e1n colocadas en el siguiente tramo de la v\u00eda en la zona Diamante, y subsecuente a esto, se recibir\u00e1n m\u00e1s para la Avenida Esc\u00e9nica y zonas de mayor afluencia tur\u00edstica en el puerto.<\/p>\n<p style=\"text-align: justify;\">El funcionario estatal resalt\u00f3 que esta donaci\u00f3n, es alterna al megaproyecto que en pr\u00f3ximos d\u00edas presentar\u00e1 la Semaren, en el cual se incluyen \u00e1rboles end\u00e9micos que coadyuven a la recuperaci\u00f3n de la vegetaci\u00f3n de Acapulco y Coyuca de Ben\u00edtez.<\/p>\n<p style=\"text-align: justify;\"><em>) Facebook.com\/<a href=\"https:\/\/www.facebook.com\/acapulcopress.news\" target=\"_blank\" rel=\"noopener\">acapulcopress.news<\/a><\/em><br \/>\n<em>) Facebook.com\/a<a href=\"https:\/\/www.facebook.com\/angelblanco.press\" target=\"_blank\" rel=\"noopener\">ngelblanco.press<\/a><\/em><br \/>\n<em>) acapulcopress.com<\/em><\/p>\n","protected":false},"excerpt":{"rendered":"<p>ACAPULCO * Diciembre 7, 2023. ) Gobierno de Guerrero Gracias a las gestiones de la gobernadora Evelyn Salgado, grupos empresariales iniciaron la donaci\u00f3n de 200 palmeras end\u00e9micas para la reforestaci\u00f3n de Acapulco tras el paso del hurac\u00e1n Otis, mismas que ya fueron colocadas en un primer tramo del Bulevar de Las Naciones. Ante esto, la&#8230;<\/p>\n","protected":false},"author":2,"featured_media":1258607,"comment_status":"closed","ping_status":"closed","sticky":false,"template":"","format":"standard","meta":{"footnotes":""},"categories":[1997],"tags":[8251,16226],"class_list":["post-1258597","post","type-post","status-publish","format-standard","has-post-thumbnail","hentry","category-noticias-destacadas","tag-evelyn-salgado-pineda","tag-secretaria-de-medio-ambiente-y-recursos-naturales-semaren"],"_links":{"self":[{"href":"https:\/\/www.acapulcopress.com\/index.php\/wp-json\/wp\/v2\/posts\/1258597","targetHints":{"allow":["GET"]}}],"collection":[{"href":"https:\/\/www.acapulcopress.com\/index.php\/wp-json\/wp\/v2\/posts"}],"about":[{"href":"https:\/\/www.acapulcopress.com\/index.php\/wp-json\/wp\/v2\/types\/post"}],"author":[{"embeddable":true,"href":"https:\/\/www.acapulcopress.com\/index.php\/wp-json\/wp\/v2\/users\/2"}],"replies":[{"embeddable":true,"href":"https:\/\/www.acapulcopress.com\/index.php\/wp-json\/wp\/v2\/comments?post=1258597"}],"version-history":[{"count":0,"href":"https:\/\/www.acapulcopress.com\/index.php\/wp-json\/wp\/v2\/posts\/1258597\/revisions"}],"wp:featuredmedia":[{"embeddable":true,"href":"https:\/\/www.acapulcopress.com\/index.php\/wp-json\/"}],"wp:attachment":[{"href":"https:\/\/www.acapulcopress.com\/index.php\/wp-json\/wp\/v2\/media?parent=1258597"}],"wp:term":[{"taxonomy":"category","embeddable":true,"href":"https:\/\/www.acapulcopress.com\/index.php\/wp-json\/wp\/v2\/categories?post=1258597"},{"taxonomy":"post_tag","embeddable":true,"href":"https:\/\/www.acapulcopress.com\/index.php\/wp-json\/wp\/v2\/tags?post=1258597"}],"curies":[{"name":"wp","href":"https:\/\/api.w.org\/{rel}","templated":true}]}}