{"id":1258619,"date":"2023-12-07T18:38:16","date_gmt":"2023-12-08T00:38:16","guid":{"rendered":"https:\/\/www.acapulcopress.com\/?p=1258619"},"modified":"2023-12-07T18:38:16","modified_gmt":"2023-12-08T00:38:16","slug":"realizo-congreso-conferencia-magistral-sobre-cambio-climatico","status":"publish","type":"post","link":"https:\/\/www.acapulcopress.com\/index.php\/2023\/12\/07\/realizo-congreso-conferencia-magistral-sobre-cambio-climatico\/","title":{"rendered":"Realiz\u00f3 Congreso conferencia magistral sobre cambio clim\u00e1tico"},"content":{"rendered":"<p style=\"text-align: justify;\">CHILPANCINGO * Diciembre 7, 2023<br \/>\n)<a href=\"https:\/\/www.facebook.com\/congresogro\" target=\"_blank\" rel=\"noopener\"><em> Congreso de Guerrero<\/em><\/a><br \/>\nEl Congreso del Estado, a trav\u00e9s del Instituto de Estudios Parlamentarios Eduardo Neri (IEPEN), desarroll\u00f3 este jueves la conferencia magistral \u201cCambio clim\u00e1tico, problema actual de la humanidad\u00bb, a cargo del diputado Fortunato Hern\u00e1ndez Carbajal, con el prop\u00f3sito de fomentar la cultura ambiental y enlazar compromisos entre gobiernos y sociedad para evitar las crisis clim\u00e1ticas que derivan en fen\u00f3menos naturales devastadores.<\/p>\n<p style=\"text-align: justify;\">En el desarrollo de su ponencia, el diputado extern\u00f3 la importancia de que la sociedad tome conciencia de las acciones negativas que realiza e impactan en los ecosistemas, bosques, r\u00edos, flora y fauna, contribuyendo al calentamiento global, que derivan en desastres <img loading=\"lazy\" decoding=\"async\" class=\"alignleft size-medium wp-image-1258621\" src=\"https:\/\/www.acapulcopress.com\/wp-content\/uploads\/2023\/12\/CAMBIO-CLIMATICO-BOL-471-1-375x250.jpg\" alt=\"\" width=\"375\" height=\"250\" \/>naturales de gran magnitud, como el hurac\u00e1n Otis que golpe\u00f3 a Acapulco y Coyuca de Ben\u00edtez el pasado mes de octubre.<\/p>\n<p style=\"text-align: justify;\">Por lo anterior, resalt\u00f3 que desde el \u00e1mbito educativo debe iniciarse el trabajo de concientizaci\u00f3n y educaci\u00f3n ambiental, en busca de revertir el proceso de deshumanizaci\u00f3n.<\/p>\n<p style=\"text-align: justify;\">\u201cResulta impostergable evolucionar a favor de la naturaleza y tomar acciones concretas para evitar una crisis ecol\u00f3gica y clim\u00e1tica de proporciones mayores que amenace la estabilidad humana\u201d, subray\u00f3.<\/p>\n<p style=\"text-align: justify;\">Al dar sus comentarios, la catedr\u00e1tica de la Uagro, Silvia Alem\u00e1n Mundo, manifest\u00f3 que el problema ambiental no es solo biol\u00f3gico, sino que tambi\u00e9n est\u00e1 vinculado a los procesos sociales, culturales y econ\u00f3micos que afectan a nivel mundial, y muestra de ello es la escasez del agua y el calentamiento global.<\/p>\n<p style=\"text-align: justify;\">En ese sentido, llam\u00f3 a generar conciencia ambiental y plantear propuestas viables para hacer frente a la escasez del agua en Chilpancingo, a trav\u00e9s del cambio de la red h\u00eddrica, investigar c\u00f3mo est\u00e1n las fuentes de agua en la ciudad, recuperar los bosques y trabajar con las comunidades rurales de la Sierra para que se comprometan a conservar sus \u00e1rboles, dot\u00e1ndolos de ingresos para generar la justicia social.<\/p>\n<p style=\"text-align: justify;\">Participaron tambi\u00e9n Flavio Manrique Godoy, integrante del Frente Democr\u00e1tico por la Reforma de la Uagro; Aurelio V\u00e1zquez Villanueva y Jos\u00e9 Hern\u00e1ndez Jim\u00e9nez, docentes de la misma instituci\u00f3n, as\u00ed como el director encargado del IEPEN, Celerino Tlacotempa Zapoteco.<\/p>\n<p style=\"text-align: justify;\"><em>) Facebook.com\/<a href=\"https:\/\/www.facebook.com\/acapulcopress.news\" target=\"_blank\" rel=\"noopener\">acapulcopress.news<\/a><\/em><br \/>\n<em>) Facebook.com\/a<a href=\"https:\/\/www.facebook.com\/angelblanco.press\" target=\"_blank\" rel=\"noopener\">ngelblanco.press<\/a><\/em><br \/>\n<em>) acapulcopress.com<\/em><\/p>\n","protected":false},"excerpt":{"rendered":"<p>CHILPANCINGO * Diciembre 7, 2023 ) Congreso de Guerrero El Congreso del Estado, a trav\u00e9s del Instituto de Estudios Parlamentarios Eduardo Neri (IEPEN), desarroll\u00f3 este jueves la conferencia magistral \u201cCambio clim\u00e1tico, problema actual de la humanidad\u00bb, a cargo del diputado Fortunato Hern\u00e1ndez Carbajal, con el prop\u00f3sito de fomentar la cultura ambiental y enlazar compromisos entre&#8230;<\/p>\n","protected":false},"author":2,"featured_media":1258620,"comment_status":"closed","ping_status":"closed","sticky":false,"template":"","format":"standard","meta":{"footnotes":""},"categories":[61,18561],"tags":[5015,6370],"class_list":["post-1258619","post","type-post","status-publish","format-standard","has-post-thumbnail","hentry","category-legislacion","category-society-politics","tag-cambio-climatico","tag-congreso-de-guerrero"],"_links":{"self":[{"href":"https:\/\/www.acapulcopress.com\/index.php\/wp-json\/wp\/v2\/posts\/1258619","targetHints":{"allow":["GET"]}}],"collection":[{"href":"https:\/\/www.acapulcopress.com\/index.php\/wp-json\/wp\/v2\/posts"}],"about":[{"href":"https:\/\/www.acapulcopress.com\/index.php\/wp-json\/wp\/v2\/types\/post"}],"author":[{"embeddable":true,"href":"https:\/\/www.acapulcopress.com\/index.php\/wp-json\/wp\/v2\/users\/2"}],"replies":[{"embeddable":true,"href":"https:\/\/www.acapulcopress.com\/index.php\/wp-json\/wp\/v2\/comments?post=1258619"}],"version-history":[{"count":0,"href":"https:\/\/www.acapulcopress.com\/index.php\/wp-json\/wp\/v2\/posts\/1258619\/revisions"}],"wp:featuredmedia":[{"embeddable":true,"href":"https:\/\/www.acapulcopress.com\/index.php\/wp-json\/"}],"wp:attachment":[{"href":"https:\/\/www.acapulcopress.com\/index.php\/wp-json\/wp\/v2\/media?parent=1258619"}],"wp:term":[{"taxonomy":"category","embeddable":true,"href":"https:\/\/www.acapulcopress.com\/index.php\/wp-json\/wp\/v2\/categories?post=1258619"},{"taxonomy":"post_tag","embeddable":true,"href":"https:\/\/www.acapulcopress.com\/index.php\/wp-json\/wp\/v2\/tags?post=1258619"}],"curies":[{"name":"wp","href":"https:\/\/api.w.org\/{rel}","templated":true}]}}