{"id":1258623,"date":"2023-12-07T18:55:57","date_gmt":"2023-12-08T00:55:57","guid":{"rendered":"https:\/\/www.acapulcopress.com\/?p=1258623"},"modified":"2023-12-07T18:55:57","modified_gmt":"2023-12-08T00:55:57","slug":"desarticula-fge-celula-de-los-rusos-que-operaba-en-el-mercado-central-de-acapulco","status":"publish","type":"post","link":"https:\/\/www.acapulcopress.com\/index.php\/2023\/12\/07\/desarticula-fge-celula-de-los-rusos-que-operaba-en-el-mercado-central-de-acapulco\/","title":{"rendered":"Desarticula FGE c\u00e9lula de &#8216;Los Rusos&#8217; que operaba en el Mercado Central de Acapulco"},"content":{"rendered":"<p style=\"text-align: justify;\">CHILPANCINGO * Diciembre 7, 2023.<br \/>\n) FGE<br \/>\n]La Fiscal\u00eda General del Estado informa que, como resultado de labores de inteligencia para detener a generadores de violencia en la entidad y fortalecer las acciones de combate al crimen, procesamiento y sanci\u00f3n de los delitos; Agentes de la Polic\u00eda Investigadora Ministerial, el 28 de Noviembre del 2023, implementaron un operativo en la colonia 20 de noviembre en Acapulco, para cumplimentar una orden de aprehensi\u00f3n por el delito de Desaparici\u00f3n de Persona Cometida por Particulares en contra de Ramiro \u201cN\u201d alias \u201cel marino y\/o el comandante 18\u201d, uno de los principales generadores de violencia en el puerto.<\/p>\n<p style=\"text-align: justify;\">Durante dicho operativo los Agentes Ministeriales fueron agredidos con disparos de arma de fuego; por lo que en estricto apego a la Ley Nacional sobre el Uso de la Fuerza, as\u00ed como a los principios de proporcionalidad y absoluta necesidad Agentes de la Polic\u00eda de Investigaci\u00f3n Ministerial repelieron la agresi\u00f3n y abatieron en enfrentamiento a Ramiro \u201cN\u201d alias \u201cel marino y\/o el comandante 18\u201d y Francisco \u201cN\u201d alias \u201cel 340\u201d, principal colaborador de \u201cel comandante 18\u201d; sin que hubiera lesionados o bajas por parte de personal de la FGE.<\/p>\n<p style=\"text-align: justify;\">Derivado de lo anterior, se asegur\u00f3 un veh\u00edculo, armas de fuego y un arma cortante (machete); destacando que la actuaci\u00f3n del personal de la FGE se realiz\u00f3 con pleno respeto a los derechos humanos.<\/p>\n<p style=\"text-align: justify;\">Ramiro \u201cN\u201d era el l\u00edder de la c\u00e9lula que opera en el mercado central denominada \u201cComandante 18\u201d, perteneciente al grupo delictivo de \u201cLos Rusos\u201d, quienes mantienen una confrontaci\u00f3n por el control de la zona centro del municipio de Acapulco contra remanentes del Cartel Independiente de Acapulco (CIDA), situaci\u00f3n que ha generado una creciente ola delictiva en la mencionada regi\u00f3n.<\/p>\n<p style=\"text-align: justify;\">Mediante labores de investigaci\u00f3n tanto en gabinete como en campo, el \u00e1rea de inteligencia tuvo conocimiento sobre la existencia de dicha c\u00e9lula delictiva, conformada por al menos 50 personas, bajo el mando de Ramiro \u201cN\u201d alias \u201cel marino y\/o el comandante 18\u201d, mismas que se encuentran distribuidas en su mayor\u00eda por la zona del Mercado Central, La Cima, Carabal\u00ed y Primero de Mayo, logrando identificar a algunos de sus principales integrantes, zonas de movilidad, veh\u00edculos en los que se transportan, puntos de halconeo, m\u00e9todo de comunicaci\u00f3n e incluso el inmueble habilitado como casa de seguridad, para la concentraci\u00f3n de armamento y ejecuci\u00f3n de homicidios, generalmente por desmembramiento y\/o \u201ctorniquete\u201d, lo que permiti\u00f3 llevar a cabo la planeaci\u00f3n de distintas acciones operativas.<\/p>\n<p style=\"text-align: justify;\">Adem\u00e1s, es el responsable de haber ordenado y participado en al menos 34 homicidios en lo que va del a\u00f1o, as\u00ed como en la desaparici\u00f3n de decenas de personas. Entre ellos:<\/p>\n<p style=\"text-align: justify;\">\u2022\u200bEl 27 de enero de 2023, en la Unidad Habitacional Fovissste, donde fueron localizados los restos humanos de una persona de sexo masculino, con dos cartulinas firmadas por \u201cel comandante 18\u201d.<\/p>\n<p style=\"text-align: justify;\">\u2022\u200bEl 01 de julio de 2023, en la Calle Amates, con Carretera federal Acapulco-Zihuatanejo, donde se localiz\u00f3 un cuerpo sin vida de un sujeto, atado de pies y manos con una bolsa de pl\u00e1stico blanca en la cabeza.<\/p>\n<p style=\"text-align: justify;\">\u2022\u200bEl 27 de agosto de 2023, en la Avenida Ruiz Cortines, Colonia La Laja, a la altura del mercado, se localizaron 3 cabezas humanas, cercenadas sobre tres veh\u00edculos.<\/p>\n<p style=\"text-align: justify;\">\u2022\u200bEl 11 de septiembre de 2023 sobre la Calle Lerdo de Tejada, Col. Centro, se encontraron 4 cuerpos desmembrados dentro de un taxi azul tipo versa, mismo que fue robado unas horas antes.<\/p>\n<p style=\"text-align: justify;\">\u2022\u200bDurante Jornada de b\u00fasqueda del 18 al 27 de septiembre de 2023, en el poblado Carabal\u00ed, a 700 metros del Parque el Veladero, fueron localizados 17 cuerpos, enterrados en distintos sitios ilegales de entierro.<\/p>\n<p style=\"text-align: justify;\">Asimismo, a trav\u00e9s de la Coordinaci\u00f3n General de Servicios Periciales, se implementaron distintas labores t\u00e9cnicas y cient\u00edficas, con la finalidad de realizar una recolecci\u00f3n adecuada de perfiles gen\u00e9ticos, logrando identificar a 16 cuerpos, quienes se encontraban en calidad de desaparecidos, siendo restituidos a sus familiares.<\/p>\n<p style=\"text-align: justify;\">En ese contexto, mediante labores de investigaci\u00f3n recientemente se logr\u00f3 ubicar a 1 cuerpo m\u00e1s, con lo que sumar\u00edan 18 personas localizadas en dicha zona.<\/p>\n<p style=\"text-align: justify;\">Cabe mencionar que entre estos cuerpos se encontraban 5 de las 7 personas privadas de su libertad del Centro de Rehabilitaci\u00f3n \u201cRenovaci\u00f3n Espiritual\u201d el 01 de Septiembre del 2023.<\/p>\n<p style=\"text-align: justify;\">\u2022\u200bEl 27 de septiembre de 2023, en la Calle del Mercado, Col. Hogar Moderno, se localiz\u00f3 1 cuerpo desmembrado dentro de costales, sobre la v\u00eda p\u00fablica.<\/p>\n<p style=\"text-align: justify;\">\u2022\u200b 01 de octubre de 2023, sobre la Calle 06 de Enero esquina con Chilpancingo, Col. La Laja, se localiz\u00f3 1 cuerpo desmembrado dentro de costales, con una cartulina.<\/p>\n<p style=\"text-align: justify;\">\u2022\u200b14 de octubre de 2023, en la Av. Ruiz Cortines, Col. La Laja, se localizaron 2 cabezas cercenadas en el toldo de un taxi azul tipo Chevy, mismo que fue robado y colocado sobre la avenida.<\/p>\n<p style=\"text-align: justify;\">\u2022\u200b24 de octubre de 2023, los cuerpos de 2 masculinos fueron abandonados en la segunda secci\u00f3n de la quinta etapa Infonavit Alta Progreso de Acapulco.<\/p>\n<p style=\"text-align: justify;\">\u2022\u200b22 de noviembre de 2023, sobre la calle Coahuila 27, colonia Progreso, se localiz\u00f3 01 masculino privado de la vida por torniquete, junto a una cartulina.<\/p>\n<p style=\"text-align: justify;\">Dentro de las acciones operativas emprendidas por esta Fiscal\u00eda para debilitar a dicho grupo delictivo se encuentran:<\/p>\n<p style=\"text-align: justify;\">La llevada a cabo el 23 de noviembre del 2023, donde personal de la FGE, en coordinaci\u00f3n con el Ej\u00e9rcito Mexicano y Guardia Nacional, lograron la detenci\u00f3n en flagrancia por el delito de homicidio calificado de Jos\u00e9 \u201cN\u201d alias el \u201c0\u201d y\/o \u201cEl Gordo\u201d, Bladimir \u201cN\u201d, V\u00edctor \u201cN\u201d, Rene Jhosimar \u201cN\u201d y Kevin \u201cN\u201d integrantes de la c\u00e9lula delictiva que lidereaba \u201cel marino y\/o comandante 18\u201d, quienes fueron vinculados a proceso por el delito de Homicidio Calificado en agravio de Axel Omar \u201cN.<\/p>\n<p style=\"text-align: justify;\">En este mismo acto fue asegurado un inmueble en la Colonia Progreso en donde se localiz\u00f3 sin vida a Axel Omar \u201cN\u201d quien horas antes hab\u00eda sido privado de su libertad. Dicho inmueble era utilizado como casa de seguridad para la concentraci\u00f3n de armamento y privar de la vida a sus v\u00edctimas generalmente por desmembramiento y\/o torniquete; asegurando, adem\u00e1s, armas y granadas.<\/p>\n<p style=\"text-align: justify;\">La llevada a cabo el 28 de noviembre del 2023, en la cual personal de la FGE continu\u00f3 con las acciones operativas y logr\u00f3 la detenci\u00f3n en la colonia providencia de Samir \u201cN\u201d alias \u201cel 66\u201d y Bernab\u00e9 \u201cN\u201d alias \u201cel 11\u201d, a este \u00faltimo se le asegur\u00f3 un arma; dichas personas fueron vinculadas a proceso por el delito de Extorsi\u00f3n.<\/p>\n<p style=\"text-align: justify;\">A esta agrupaci\u00f3n delictiva se le atribuye principalmente el delito de extorsi\u00f3n en el mercado central, en la colonia La Cima, Carabali y Primero de Mayo; los cobros de cuota por descarga, derecho de piso y supuesta seguridad a comerciantes fijos y semifijos.<\/p>\n<p style=\"text-align: justify;\">Lo anterior, representa un duro golpe a la estructura criminal y financiera de \u201cLos rusos\u201d, poniendo fuera de circulaci\u00f3n a 9 individuos, y el ingreso aproximado mensual de $2,000,000.00 de pesos;<\/p>\n<p style=\"text-align: justify;\">Estos resultados comprueban que la Fiscal\u00eda General del Estado mantiene su compromiso de cero impunidad y combate a los delitos de alto impacto.<\/p>\n<p style=\"text-align: justify;\">Con la desarticulaci\u00f3n de dicha c\u00e9lula, se prev\u00e9 que los homicidios efectuados con la caracter\u00edstica que los distingu\u00eda reduzcan en comparaci\u00f3n a los meses pasados.<\/p>\n<p style=\"text-align: justify;\">Con estas acciones la Fiscal\u00eda General del Estado refrenda su compromiso con las y los guerrerenses, a trav\u00e9s del fortalecimiento de las acciones en el combate al crimen, procesamiento y sanci\u00f3n de los delitos.<\/p>\n","protected":false},"excerpt":{"rendered":"<p>CHILPANCINGO * Diciembre 7, 2023. ) FGE ]La Fiscal\u00eda General del Estado informa que, como resultado de labores de inteligencia para detener a generadores de violencia en la entidad y fortalecer las acciones de combate al crimen, procesamiento y sanci\u00f3n de los delitos; Agentes de la Polic\u00eda Investigadora Ministerial, el 28 de Noviembre del 2023,&#8230;<\/p>\n","protected":false},"author":2,"featured_media":1258624,"comment_status":"closed","ping_status":"closed","sticky":false,"template":"","format":"standard","meta":{"footnotes":""},"categories":[1969,2005],"tags":[8698],"class_list":["post-1258623","post","type-post","status-publish","format-standard","has-post-thumbnail","hentry","category-trending","category-seguridad-y-justicia","tag-fiscalia-general-del-estado-fgegro"],"_links":{"self":[{"href":"https:\/\/www.acapulcopress.com\/index.php\/wp-json\/wp\/v2\/posts\/1258623","targetHints":{"allow":["GET"]}}],"collection":[{"href":"https:\/\/www.acapulcopress.com\/index.php\/wp-json\/wp\/v2\/posts"}],"about":[{"href":"https:\/\/www.acapulcopress.com\/index.php\/wp-json\/wp\/v2\/types\/post"}],"author":[{"embeddable":true,"href":"https:\/\/www.acapulcopress.com\/index.php\/wp-json\/wp\/v2\/users\/2"}],"replies":[{"embeddable":true,"href":"https:\/\/www.acapulcopress.com\/index.php\/wp-json\/wp\/v2\/comments?post=1258623"}],"version-history":[{"count":0,"href":"https:\/\/www.acapulcopress.com\/index.php\/wp-json\/wp\/v2\/posts\/1258623\/revisions"}],"wp:featuredmedia":[{"embeddable":true,"href":"https:\/\/www.acapulcopress.com\/index.php\/wp-json\/"}],"wp:attachment":[{"href":"https:\/\/www.acapulcopress.com\/index.php\/wp-json\/wp\/v2\/media?parent=1258623"}],"wp:term":[{"taxonomy":"category","embeddable":true,"href":"https:\/\/www.acapulcopress.com\/index.php\/wp-json\/wp\/v2\/categories?post=1258623"},{"taxonomy":"post_tag","embeddable":true,"href":"https:\/\/www.acapulcopress.com\/index.php\/wp-json\/wp\/v2\/tags?post=1258623"}],"curies":[{"name":"wp","href":"https:\/\/api.w.org\/{rel}","templated":true}]}}