{"id":1258631,"date":"2023-12-08T17:46:03","date_gmt":"2023-12-08T23:46:03","guid":{"rendered":"https:\/\/www.acapulcopress.com\/?p=1258631"},"modified":"2023-12-08T17:46:03","modified_gmt":"2023-12-08T23:46:03","slug":"guia-de-orientacion-juridica-para-damnificados-del-huracan-otis","status":"publish","type":"post","link":"https:\/\/www.acapulcopress.com\/index.php\/2023\/12\/08\/guia-de-orientacion-juridica-para-damnificados-del-huracan-otis\/","title":{"rendered":"GUIA DE ORIENTACI\u00d3N JUR\u00cdDICA PARA DAMNIFICADOS DEL HURACAN OTIS"},"content":{"rendered":"<p style=\"text-align: justify;\">)<a class=\"x1fey0fg xmper1u x1edh9d7\" href=\"https:\/\/www.acapulcopress.com\/wp-content\/uploads\/2023\/12\/GUIA-DE-ORIENTACION-JURIDICA-PARA-DAMNIFICADOS-DEL-HURACAN-OTIS.pdf\">https:\/\/www.acapulcopress.com\/wp-content\/uploads\/2023\/12\/GUIA-DE-ORIENTACION-JURIDICA-PARA-DAMNIFICADOS-DEL-HURACAN-OTIS.pdf<\/a><\/p>\n<p style=\"text-align: justify;\">En colaboraci\u00f3n con los Est\u00e1ndares Pro Bono M\u00e9xico, la Fundaci\u00f3n Barra Mexicana, A.C., la Fundaci\u00f3n Appleseed M\u00e9xico, A.C., y el Centro Mexicano Pro Bono, A.C., as\u00ed como con la valiosa participaci\u00f3n de la comunidad jur\u00eddica y diversos despachos aliados a los Est\u00e1ndares Pro Bono M\u00e9xico, presentamos la \u00abGu\u00eda de Orientaci\u00f3n Jur\u00eddica para los damnificados del Hurac\u00e1n Otis,\u00bb o \u201cGu\u00eda\u201d elaborada en noviembre de 2023 con fines informativos \u00fanicamente.<\/p>\n<p style=\"text-align: justify;\">La presente Gu\u00eda tiene como finalidad informar sobre aspectos importantes que las personas afectadas por el Hurac\u00e1n Otis necesitan conocer para enfrentar los da\u00f1os que desafortunadamente sufrieron, ya que muchas de las acciones que deber\u00e1n emprender tienen aspectos legales que deben conocer y poder as\u00ed acceder a sus derechos. Est\u00e1 desarrollada con informaci\u00f3n \u00fatil, respondiendo a preguntas ante la situaci\u00f3n que la sociedad civil pueda tener, incluyendo datos de contacto de la atenci\u00f3n a los temas que est\u00e1n enfrentando. Esta Gu\u00eda no sustituye la orientaci\u00f3n legal y personalizada que pueden requerir, y que en caso de necesitar asesor\u00eda legal especifica podr\u00e1n solicitarla de forma pro bono (gratuita) a trav\u00e9s de los Est\u00e1ndares Probono MX y las respectivas &#8216;clearing houses&#8217; abajo referidas.<br \/>\n<img loading=\"lazy\" decoding=\"async\" class=\"alignleft size-medium wp-image-1258636\" src=\"https:\/\/www.acapulcopress.com\/wp-content\/uploads\/2023\/12\/orientacion-otis-375x530.png\" alt=\"\" width=\"375\" height=\"530\" \/><br \/>\nEs importante destacar que esta iniciativa se inspira en la exitosa experiencia de dos gu\u00edas previas de apoyo ante situaciones de emergencia: \u201cLa Gu\u00eda Jur\u00eddica Para Asesorar A Los Damnificados Por Los Terremotos En M\u00e9xico En 2017\u201d y https:\/\/estandaresprobono.mx\/wpcontent\/uploads\/2020\/07\/Guia_Juridica_COVID-19-Mexico-v6.pdf\u201d (conocida como \u00abGu\u00eda Jur\u00eddica COVID-19\u00bb). Ambas gu\u00edas, resultado del esfuerzo conjunto de las organizaciones mencionadas y la comunidad jur\u00eddica, a quienes agradecemos su colaboraci\u00f3n.<\/p>\n<p style=\"text-align: justify;\">La \u00abGu\u00eda de Orientaci\u00f3n Jur\u00eddica para los damnificados del Hurac\u00e1n Otis \u00bb sigue la misma filosof\u00eda, poniendo a disposici\u00f3n de la sociedad civil afectada orientaci\u00f3n legal gratuita y recursos<br \/>\ninformativos valiosos.<\/p>\n<p style=\"text-align: justify;\">La Gu\u00eda cuenta con el respaldo y colaboraci\u00f3n necesarios para simplificar el acceso e identificaci\u00f3n de situaciones en las que puedan encontrarse ciudadanos(as) u OSC que atienden a poblaciones vulnerables. Este respaldo se logra gracias a la cooperaci\u00f3n de nuestros aliados, los colegios ANADE (Asociaci\u00f3n Nacional de Abogados de Empresa), Ilustre y Nacional Colegio de Abogados de M\u00e9xico A.C., y la Barra Mexicana, Colegio de Abogados, A.C. Agradecemos sinceramente su valiosa contribuci\u00f3n en este esfuerzo conjunto y destacamos el prop\u00f3sito de la Gu\u00eda en beneficio de la comunidad afectada.<\/p>\n<p style=\"text-align: justify;\">A trav\u00e9s de colaboraciones estrat\u00e9gicas, instituciones educativas, organizaciones de la sociedad civil y diversas entidades p\u00fablicas y privadas del pa\u00eds se unir\u00e1n para difundir la Gu\u00eda mencionada, con el objetivo de llegar a la mayor cantidad posible de la poblaci\u00f3n afectada por el Hurac\u00e1n Otis en Guerrero.<\/p>\n<p style=\"text-align: justify;\">Este esfuerzo conjunto refleja la solidaridad de la comunidad jur\u00eddica organizada en M\u00e9xico, que, trabajando de manera pro bono y coordinada, busca ser un apoyo fundamental para las comunidades locales afectadas en Guerrero.<\/p>\n<p style=\"text-align: justify;\"><em>) S\u00edguenos: <span class=\"xv78j7m\" spellcheck=\"false\">Facebook.com\/<a href=\"https:\/\/www.facebook.com\/acapulcopress.news\" target=\"_blank\" rel=\"noopener\">acapulcopress.news<\/a><\/span><\/em><br \/>\n<em>) S\u00edguenos: <span class=\"xv78j7m\" spellcheck=\"false\">Facebook.com\/<a href=\"https:\/\/www.facebook.com\/angelblanco.press\" target=\"_blank\" rel=\"noopener\">angelblanco.press<\/a><\/span><\/em><br \/>\n<em>) Vis\u00edtanos: acapulcopress.com<\/em><\/p>\n","protected":false},"excerpt":{"rendered":"<p>)https:\/\/www.acapulcopress.com\/wp-content\/uploads\/2023\/12\/GUIA-DE-ORIENTACION-JURIDICA-PARA-DAMNIFICADOS-DEL-HURACAN-OTIS.pdf En colaboraci\u00f3n con los Est\u00e1ndares Pro Bono M\u00e9xico, la Fundaci\u00f3n Barra Mexicana, A.C., la Fundaci\u00f3n Appleseed M\u00e9xico, A.C., y el Centro Mexicano Pro Bono, A.C., as\u00ed como con la valiosa participaci\u00f3n de la comunidad jur\u00eddica y diversos despachos aliados a los Est\u00e1ndares Pro Bono M\u00e9xico, presentamos la \u00abGu\u00eda de Orientaci\u00f3n Jur\u00eddica para los damnificados&#8230;<\/p>\n","protected":false},"author":2,"featured_media":1258636,"comment_status":"closed","ping_status":"closed","sticky":false,"template":"","format":"standard","meta":{"footnotes":""},"categories":[2036,1969],"tags":[],"class_list":["post-1258631","post","type-post","status-publish","format-standard","has-post-thumbnail","hentry","category-el-clima","category-trending"],"_links":{"self":[{"href":"https:\/\/www.acapulcopress.com\/index.php\/wp-json\/wp\/v2\/posts\/1258631","targetHints":{"allow":["GET"]}}],"collection":[{"href":"https:\/\/www.acapulcopress.com\/index.php\/wp-json\/wp\/v2\/posts"}],"about":[{"href":"https:\/\/www.acapulcopress.com\/index.php\/wp-json\/wp\/v2\/types\/post"}],"author":[{"embeddable":true,"href":"https:\/\/www.acapulcopress.com\/index.php\/wp-json\/wp\/v2\/users\/2"}],"replies":[{"embeddable":true,"href":"https:\/\/www.acapulcopress.com\/index.php\/wp-json\/wp\/v2\/comments?post=1258631"}],"version-history":[{"count":0,"href":"https:\/\/www.acapulcopress.com\/index.php\/wp-json\/wp\/v2\/posts\/1258631\/revisions"}],"wp:featuredmedia":[{"embeddable":true,"href":"https:\/\/www.acapulcopress.com\/index.php\/wp-json\/"}],"wp:attachment":[{"href":"https:\/\/www.acapulcopress.com\/index.php\/wp-json\/wp\/v2\/media?parent=1258631"}],"wp:term":[{"taxonomy":"category","embeddable":true,"href":"https:\/\/www.acapulcopress.com\/index.php\/wp-json\/wp\/v2\/categories?post=1258631"},{"taxonomy":"post_tag","embeddable":true,"href":"https:\/\/www.acapulcopress.com\/index.php\/wp-json\/wp\/v2\/tags?post=1258631"}],"curies":[{"name":"wp","href":"https:\/\/api.w.org\/{rel}","templated":true}]}}