{"id":1258647,"date":"2023-12-08T20:26:26","date_gmt":"2023-12-09T02:26:26","guid":{"rendered":"https:\/\/www.acapulcopress.com\/?p=1258647"},"modified":"2023-12-08T20:26:26","modified_gmt":"2023-12-09T02:26:26","slug":"la-salud-emocional-vertiente-que-necesita-atencion","status":"publish","type":"post","link":"https:\/\/www.acapulcopress.com\/index.php\/2023\/12\/08\/la-salud-emocional-vertiente-que-necesita-atencion\/","title":{"rendered":"La salud emocional vertiente que necesita atenci\u00f3n"},"content":{"rendered":"<p style=\"text-align: justify;\">Marem\u00e1gnum<br \/>\n\u00bb RICARDO | CASTILLO BARRIENTOS<br \/>\n<em>] Facebook ) <a href=\"https:\/\/www.facebook.com\/ricardocastill01\" target=\"_blank\" rel=\"noopener\">Ricardo Castillo Barrientos<\/a><\/em><\/p>\n<p style=\"text-align: justify;\">Cada d\u00eda est\u00e1n cobrando mayor fuerza las consecuencias emocionales generadas por el desastre ocasionado por el hurac\u00e1n \u201cOtis\u201d, que se manifiesta en trastornos psico-emocionales, como el estr\u00e9s agudo qu\u00e9 si no recibe tratamiento de especialistas, evoluciona desfavorablemente hacia el estr\u00e9s traum\u00e1tico, cuya sintomatolog\u00eda requiere la atenci\u00f3n de expertos en el campo de la psicolog\u00eda o psiquiatr\u00eda.<\/p>\n<p style=\"text-align: justify;\">Las experiencias vividas que sufrieron innumerables familias acapulque\u00f1as, a causa del poder\u00edo descomunal del fen\u00f3meno meteorol\u00f3gico, les alter\u00f3 sus funciones emocionales que trastocan algunos signos de personalidad o de sus quehaceres cotidianos.<\/p>\n<p style=\"text-align: justify;\">Han resultado de mucho valor algunas actividades art\u00edsticas y culturales, que han puesto en escena en el z\u00f3calo, Parque la Reyna, la Diana Cazadora y la Condesa, con artistas como Mariana Soane, un reconocido payaso internacional, el Grupo Teatral \u201cLa Gruta\u201d de la UAGro y grupos musicales del Sindicato de M\u00fasica. Les falt\u00f3 seguir el ejemplo y fortalecer estas actividades en barrios y colonias populares, a las secretarias de Cultura Estatal, Federal y la direcci\u00f3n de Cultura municipal. Este tipo de evento son enriquecedores emocionalmente, en estos momentos post meteoro.<\/p>\n<p style=\"text-align: justify;\">En la vertiente de ayuda psicol\u00f3gica profesional han comenzado a ponerse en pr\u00e1ctica iniciativas de la Sociedad Civil, organismos internacionales e instituciones p\u00fablicas, DIF-Nacional y la Secretar\u00eda de Salud. De las agrupaciones participan \u201cGuerrero es Primero\u201d, Asociaci\u00f3n Psicoanal\u00edtica Mexicana y organismos como la Agencia de la Organizaci\u00f3n de las Naciones Unidas para los Refugiados (ACNUR) y el Fondo de las Naciones Unidas para la Infancia (UNICEF).<\/p>\n<p style=\"text-align: justify;\">La atenci\u00f3n psicol\u00f3gica se est\u00e1 otorgando gratuitamente, en varias zonas del municipio donde est\u00e1n acudiendo especialistas para identificar y ayudar a las personas que necesitan de estos servicios para superar trastornos o conductas antisociales, que se manifiestan en ansiedad, depresi\u00f3n, fobias, alteraci\u00f3n en el estado de \u00e1nimo, del sue\u00f1o y alimentaci\u00f3n, violencia intrafamiliar. Estos estragos en la salud mental son atendibles y reparables con tratamientos personalizados de pacientes afectados, que ronda en un 30% de la poblaci\u00f3n local, de acuerdo a datos de asociaciones y cl\u00ednicas de salud mental.<\/p>\n<p style=\"text-align: justify;\">La Asociaci\u00f3n Psicoanal\u00edtica Mexicana (APM), brinda apoyo psicol\u00f3gico mediante llamadas telef\u00f3nicas para ser canalizados a terapeutas para la atenci\u00f3n del estr\u00e9s postraum\u00e1tico, comunic\u00e1ndose al tel\u00e9fono 55 4025 3231 de la CDMX.<\/p>\n<p style=\"text-align: justify;\">Estas tareas son bastante encomiables y muy necesarias porque no solo hubo perdidas de da\u00f1os materiales y humanos, sino tambi\u00e9n afectaciones en la salud mental de una significativa parte de la poblaci\u00f3n, que requiere la debida atenci\u00f3n para superar traumas por la impresionante devastaci\u00f3n del fen\u00f3meno meteorol\u00f3gico.<\/p>\n<p style=\"text-align: justify;\">Sin embargo, hasta el momento no se han visto brigadas de la Facultad de Psicolog\u00eda de la UAGro, por m\u00e1s alarde publicitario del tri-rector Javier Salda\u00f1a Almaz\u00e1n, en cuanto a la participaci\u00f3n social de la Alma M\u00e1ter en tareas de apoyo a la poblaci\u00f3n, excepto algunas despensas y opiniones subjetivas de algunos docentes e investigadores.<\/p>\n<p style=\"text-align: justify;\">Marea Baja.- Se hab\u00eda establecido el compromiso con SEDATU, que la remodelaci\u00f3n de las instalaciones de la Feria de Navidad y A\u00f1o Nuevo quedar\u00edan concluidas en diciembre del a\u00f1o pasado y hasta la fecha es hora que no terminan con los trabajos, y menos con el paro de los trabajadores de la obra por falta de pago a sus salarios, cuando estamos en v\u00edsperas que inicien los festejos de la Feria Navide\u00f1a.<\/p>\n<p style=\"text-align: justify;\">La informalidad de la dependencia federal pone en riesgo que la Feria de Chilpancingo no se celebre con la alegr\u00eda y entusiasmo de a\u00f1os anteriores, por lo cual deber\u00e1n de abocarse a trabajar intensamente hasta concluir con las obras programadas de la mejor manera.<\/p>\n<p style=\"text-align: justify;\">Mare Alta.- El tri-rector Javier Salda\u00f1a Almaz\u00e1n, fue nombrado \u201cHijo Predilecto\u201d de su natal Santa Barbara, en el municipio de Chilpancingo y tiene los merecimientos suficientes para ello, pues ha llevado diversas obras a su pueblo que lo vio nacer, donde viven sus padres, familiares y dem\u00e1s habitantes.<\/p>\n<p style=\"text-align: justify;\">Pero no fue suficiente con esa honrosa distinci\u00f3n, sino que se hizo la develaci\u00f3n de un busto en su honor, que indudablemente vino a satisfacer su ego que lo caracteriza y le desfavorece en su personalidad pol\u00edtica y acad\u00e9mica.<\/p>\n<p style=\"text-align: justify;\">No hay que descartar que al termino de su tercer rectorado quiera relegirse por cuarta ocasi\u00f3n o entronizar un cacicazgo donde siga ejerciendo su poder, sino alcanza alguna posici\u00f3n pol\u00edtica a la que aspira, para as\u00ed arribar a la gubernatura del estado, que es su m\u00e1xima ambici\u00f3n pol\u00edtica.<\/p>\n<p style=\"text-align: justify;\">Maremoto.- El anuncio del presidente Andr\u00e9s Manuel L\u00f3pez Obrador de entregar Certificados de Posesi\u00f3n, a las familias que carecen de Titulos de Propiedad, ser\u00e1 bien recibido por una gran cantidad de habitantes que viven en colonias irregulares por mas de 20 a\u00f1os y no cuentan con ese importante documento que da certeza jur\u00eddica.<\/p>\n<p style=\"text-align: justify;\">Durante sus visitas al puerto, el presidente L\u00f3pez Obrador, pudo constatar la dificultad de posesionarios de terrenos por regularizar sus predios, debido a la voracidad de l\u00edderes venales y la apat\u00eda o componendas de las dependencias encargadas de la regularizaci\u00f3n de predios.<\/p>\n<p style=\"text-align: justify;\">Recientemente la gobernadora Evelyn Salgado Pineda, inici\u00f3 un programa que permiti\u00f3 la entrega de m\u00e1s de 500 Titulos de Propiedad, de familias que habitan en colonias populares asentadas el Veladero, que son de propiedad federal, lo cual facilitar\u00e1 la regularizaci\u00f3n y de otras como la colonia Fuerza A\u00e9rea, donde sus habitantes tienen m\u00e1s de 20 a\u00f1os en posesi\u00f3n y que originalmente pertenec\u00edan al ejido de la Playa, que fueron despojados por una inmobiliaria fraudulenta que representa el hijo del ex gobernador Israel Nogueda Otero, quien se dice due\u00f1o de esas tierras.<\/p>\n<p style=\"text-align: justify;\">As\u00ed como este caso, existen otras personas sin espulos que recurren a las amenazas y actos violentos para despojar a los aut\u00e9nticos posesionarios.<\/p>\n","protected":false},"excerpt":{"rendered":"<p>Marem\u00e1gnum \u00bb RICARDO | CASTILLO BARRIENTOS ] Facebook ) Ricardo Castillo Barrientos Cada d\u00eda est\u00e1n cobrando mayor fuerza las consecuencias emocionales generadas por el desastre ocasionado por el hurac\u00e1n \u201cOtis\u201d, que se manifiesta en trastornos psico-emocionales, como el estr\u00e9s agudo qu\u00e9 si no recibe tratamiento de especialistas, evoluciona desfavorablemente hacia el estr\u00e9s traum\u00e1tico, cuya sintomatolog\u00eda&#8230;<\/p>\n","protected":false},"author":2,"featured_media":1258648,"comment_status":"closed","ping_status":"closed","sticky":false,"template":"","format":"standard","meta":{"footnotes":""},"categories":[2071,1991],"tags":[12503,15575],"class_list":["post-1258647","post","type-post","status-publish","format-standard","has-post-thumbnail","hentry","category-opinion-analisis-columnas","category-libertad-de-expresion","tag-maremagnum","tag-ricardo-castillo-barrientos"],"_links":{"self":[{"href":"https:\/\/www.acapulcopress.com\/index.php\/wp-json\/wp\/v2\/posts\/1258647","targetHints":{"allow":["GET"]}}],"collection":[{"href":"https:\/\/www.acapulcopress.com\/index.php\/wp-json\/wp\/v2\/posts"}],"about":[{"href":"https:\/\/www.acapulcopress.com\/index.php\/wp-json\/wp\/v2\/types\/post"}],"author":[{"embeddable":true,"href":"https:\/\/www.acapulcopress.com\/index.php\/wp-json\/wp\/v2\/users\/2"}],"replies":[{"embeddable":true,"href":"https:\/\/www.acapulcopress.com\/index.php\/wp-json\/wp\/v2\/comments?post=1258647"}],"version-history":[{"count":0,"href":"https:\/\/www.acapulcopress.com\/index.php\/wp-json\/wp\/v2\/posts\/1258647\/revisions"}],"wp:featuredmedia":[{"embeddable":true,"href":"https:\/\/www.acapulcopress.com\/index.php\/wp-json\/"}],"wp:attachment":[{"href":"https:\/\/www.acapulcopress.com\/index.php\/wp-json\/wp\/v2\/media?parent=1258647"}],"wp:term":[{"taxonomy":"category","embeddable":true,"href":"https:\/\/www.acapulcopress.com\/index.php\/wp-json\/wp\/v2\/categories?post=1258647"},{"taxonomy":"post_tag","embeddable":true,"href":"https:\/\/www.acapulcopress.com\/index.php\/wp-json\/wp\/v2\/tags?post=1258647"}],"curies":[{"name":"wp","href":"https:\/\/api.w.org\/{rel}","templated":true}]}}