{"id":1258651,"date":"2023-12-08T21:12:16","date_gmt":"2023-12-09T03:12:16","guid":{"rendered":"https:\/\/www.acapulcopress.com\/?p=1258651"},"modified":"2023-12-08T21:12:16","modified_gmt":"2023-12-09T03:12:16","slug":"vuelve-el-show-de-clavados-en-la-quebrada","status":"publish","type":"post","link":"https:\/\/www.acapulcopress.com\/index.php\/2023\/12\/08\/vuelve-el-show-de-clavados-en-la-quebrada\/","title":{"rendered":"Vuelve el show de clavados en La Quebrada"},"content":{"rendered":"<p style=\"text-align: justify;\">ACAPULCO * Diciembre 8, 2023.<br \/>\n<em>) Efe<\/em><br \/>\nA 45 d\u00edas del impacto del hurac\u00e1n Otis en Acapulco, uno de los principales destinos tur\u00edsticos de M\u00e9xico, el show de clavados de La Quebrada regres\u00f3 con solo dos horarios de funci\u00f3n al p\u00fablico turista.<\/p>\n<p style=\"text-align: justify;\">Este espect\u00e1culo es uno de los m\u00e1s emblem\u00e1ticos y tradicionales de Acapulco, donde se concentra la mayor actividad tur\u00edstica del estado de Guerrero, y el epicentro del desastre tras el impacto del pasado 25 de octubre de Otis, como hurac\u00e1n categor\u00eda 5.<\/p>\n<p style=\"text-align: justify;\">Los clavadistas advirtieron que, por ahora, solo tendr\u00e1n dos horarios y sus funciones depender\u00e1n tambi\u00e9n de la cantidad de turistas que lleguen durante las vacaciones decembrinas.<\/p>\n<p style=\"text-align: justify;\">Este viernes, la primera funci\u00f3n comenz\u00f3 a las 13:00 horas, misma que fue gratuita, y la segunda, alrededor de las 18:00 horas, ya con un costo 100 pesos (casi 6 d\u00f3lares) por persona adulta y 50 pesos (casi 3 d\u00f3lares) para ni\u00f1os.<\/p>\n<p style=\"text-align: justify;\">Al filo de La Quebrada, un acantilado de m\u00e1s de 40 metros de altura, donde las fuertes olas impactan las rocas y el agua cuenta con m\u00e1s de 4 metros de profundidad, seis mexicanos comenzaron con el primer show, de los cuales dos eras menores de edad, seguidos de un clavado doble y otros tres clavados de una altura de 28 y 35 metros.<\/p>\n<p style=\"text-align: justify;\">Los nervios, adrenalina y las ganas de brindar un gran espect\u00e1culo a todos los visitantes, abundaron en los clavadistas, quienes subieron los acantilados, rezaron y agradecieron a la Virgen de Guadalupe y realizar sus clavados.<\/p>\n<p style=\"text-align: justify;\">El clavadista, Giovanni Vargas, dijo a la agencia EFE que esta reapertura se da despu\u00e9s de 45 d\u00edas del impacto de Otis, por lo que han comenzado tambi\u00e9n con los entrenamientos.<\/p>\n<p style=\"text-align: justify;\">\u201cEsta funci\u00f3n la estamos brindando completamente gratis para el p\u00fablico en general, locales, turistas, m\u00e1s que nada con la finalidad de que vengan, se despejen un poco de lo que ha sucedido en el puerto\u201d, se\u00f1al\u00f3.<\/p>\n<p style=\"text-align: justify;\">Vargas tambi\u00e9n reconoci\u00f3 una baja en el turismo tras el azote de Otis, por lo que afirm\u00f3 que mantendr\u00e1n, por un tiempo, solo dos horarios de funciones.<\/p>\n<p style=\"text-align: justify;\">\u201cYa veremos en temporada decembrina, que se d\u00e9 el inicio de la temporada vacacional, y esperemos que vengan muchos turistas a visitarnos y los horarios se regularicen\u201d, expres\u00f3.<\/p>\n<p style=\"text-align: justify;\">Por otro lado, los clavadistas recordaron a todos sus compa\u00f1eros que acud\u00edan a bordo de sus embarcaciones, pero a partir de ahora ya no podr\u00e1n realizarlo, debido a todas las p\u00e9rdidas que hubo con los yates de recreo y privados.<\/p>\n<p><em>) S\u00edguenos: Facebook.com\/<a href=\"https:\/\/www.facebook.com\/acapulcopress.news\" target=\"_blank\" rel=\"noopener\">acapulcopress.news<\/a><\/em><br \/>\n<em>) S\u00edguenos: Facebook.com\/<a href=\"https:\/\/www.facebook.com\/angelblanco.press\" target=\"_blank\" rel=\"noopener\">angelblanco.press<\/a><\/em><br \/>\n<em>) Vis\u00edtanos: acapulcopress.com<\/em><\/p>\n","protected":false},"excerpt":{"rendered":"<p>ACAPULCO * Diciembre 8, 2023. ) Efe A 45 d\u00edas del impacto del hurac\u00e1n Otis en Acapulco, uno de los principales destinos tur\u00edsticos de M\u00e9xico, el show de clavados de La Quebrada regres\u00f3 con solo dos horarios de funci\u00f3n al p\u00fablico turista. Este espect\u00e1culo es uno de los m\u00e1s emblem\u00e1ticos y tradicionales de Acapulco, donde&#8230;<\/p>\n","protected":false},"author":2,"featured_media":1258652,"comment_status":"closed","ping_status":"closed","sticky":false,"template":"","format":"standard","meta":{"footnotes":""},"categories":[1997],"tags":[11609],"class_list":["post-1258651","post","type-post","status-publish","format-standard","has-post-thumbnail","hentry","category-noticias-destacadas","tag-la-quebrada-acapulco"],"_links":{"self":[{"href":"https:\/\/www.acapulcopress.com\/index.php\/wp-json\/wp\/v2\/posts\/1258651","targetHints":{"allow":["GET"]}}],"collection":[{"href":"https:\/\/www.acapulcopress.com\/index.php\/wp-json\/wp\/v2\/posts"}],"about":[{"href":"https:\/\/www.acapulcopress.com\/index.php\/wp-json\/wp\/v2\/types\/post"}],"author":[{"embeddable":true,"href":"https:\/\/www.acapulcopress.com\/index.php\/wp-json\/wp\/v2\/users\/2"}],"replies":[{"embeddable":true,"href":"https:\/\/www.acapulcopress.com\/index.php\/wp-json\/wp\/v2\/comments?post=1258651"}],"version-history":[{"count":0,"href":"https:\/\/www.acapulcopress.com\/index.php\/wp-json\/wp\/v2\/posts\/1258651\/revisions"}],"wp:featuredmedia":[{"embeddable":true,"href":"https:\/\/www.acapulcopress.com\/index.php\/wp-json\/"}],"wp:attachment":[{"href":"https:\/\/www.acapulcopress.com\/index.php\/wp-json\/wp\/v2\/media?parent=1258651"}],"wp:term":[{"taxonomy":"category","embeddable":true,"href":"https:\/\/www.acapulcopress.com\/index.php\/wp-json\/wp\/v2\/categories?post=1258651"},{"taxonomy":"post_tag","embeddable":true,"href":"https:\/\/www.acapulcopress.com\/index.php\/wp-json\/wp\/v2\/tags?post=1258651"}],"curies":[{"name":"wp","href":"https:\/\/api.w.org\/{rel}","templated":true}]}}