{"id":1258663,"date":"2023-12-11T21:14:46","date_gmt":"2023-12-12T03:14:46","guid":{"rendered":"https:\/\/www.acapulcopress.com\/?p=1258663"},"modified":"2023-12-11T21:14:46","modified_gmt":"2023-12-12T03:14:46","slug":"asociacion-gilberto-y-fundacion-jackomienza-suman-fuerza-a-favor-de-acapulco","status":"publish","type":"post","link":"https:\/\/www.acapulcopress.com\/index.php\/2023\/12\/11\/asociacion-gilberto-y-fundacion-jackomienza-suman-fuerza-a-favor-de-acapulco\/","title":{"rendered":"Asociaci\u00f3n Gilberto y Fundaci\u00f3n Jackomienza suman fuerza a favor de Acapulco"},"content":{"rendered":"<p style=\"text-align: justify;\">ACAPULCO * Diciembre 11, 2023.<br \/>\n<em>) Staff Jackomienza<\/em><br \/>\n<img loading=\"lazy\" decoding=\"async\" class=\"alignleft size-medium wp-image-1258665\" src=\"https:\/\/www.acapulcopress.com\/wp-content\/uploads\/2023\/12\/jackomienza-1-375x250.jpg\" alt=\"\" width=\"375\" height=\"250\" \/>Con absoluta empat\u00eda y en una conjunci\u00f3n de esfuerzos por una causa en com\u00fan, la <em>Asociaci\u00f3n Gilberto Acapulco<\/em> y la<em> Fundaci\u00f3n Jackomienza<\/em> organizaron este domingo 10 de diciembre una caravana de ayuda humanitaria por la zona rural de Acapulco, llevando apoyos a familias afectadas por el hurac\u00e1n Otis.<\/p>\n<p style=\"text-align: justify;\">Con el decidido respaldo del acapulque\u00f1o <a href=\"https:\/\/web.facebook.com\/SoyJackoBadillo\" target=\"_blank\" rel=\"noopener\">Jacko Badillo<\/a> y su entusiasta equipo de trabajo, desde muy temprana hora ambas asociaciones partieron de la zona Diamante de Acapulco a bordo de cinco veh\u00edculos \u2013dos camionetas estaquitas y tres pick ups- al encuentro de las miles de familias que ya los esperaban en comunidades del rumbo de los Bienes Comunales de Cacahuatepec.<\/p>\n<p style=\"text-align: justify;\">Paulina Ochoa, en representaci\u00f3n de la presidenta de la Asociaci\u00f3n Gilberto Acapulco, <img loading=\"lazy\" decoding=\"async\" class=\"alignleft size-medium wp-image-1258668\" src=\"https:\/\/www.acapulcopress.com\/wp-content\/uploads\/2023\/12\/jackomienza4-375x250.jpg\" alt=\"\" width=\"375\" height=\"250\" \/><a href=\"https:\/\/web.facebook.com\/ClaudiaWalton2\" target=\"_blank\" rel=\"noopener\">Claudia Walton Alvarez<\/a>; <a href=\"https:\/\/web.facebook.com\/alejandra.zuzuzarregui\" target=\"_blank\" rel=\"noopener\">Alejandra Mena Zuzuarregui<\/a>, presidenta de la <em>Fundaci\u00f3n<\/em> <em>JACKOmienza,<\/em> as\u00ed como Jacko Badillo y su equipo pargo arribaron a Progreso de Cacahuatepec, en donde los m\u00e1s entusiasmados al verlos llegar fueron los ni\u00f1os al descubrir que adem\u00e1s de los apoyos alimentarios tambi\u00e9n les llevaban ropa, regalos y juguetes para ellos.<\/p>\n<p style=\"text-align: justify;\">En eventos perfectamente bien organizados, tambi\u00e9n fueron recibidos por familias campesinas de Campanario, Cruces de Cacahuatepec, El Carrizo y El Rinc\u00f3n, las cinco comunidades que abarc\u00f3 el recorrido de trabajo dominical, cosechando sonrisas, abrazos y mucho afecto, sentimientos sinceros de la gente del campo que sabe reconocer el esfuerzo de quienes se preocupan por llevarles beneficios, por muy modestos que sean.<\/p>\n<p style=\"text-align: justify;\"><img loading=\"lazy\" decoding=\"async\" class=\"alignleft size-medium wp-image-1258665\" src=\"https:\/\/www.acapulcopress.com\/wp-content\/uploads\/2023\/12\/jackomienza-1-375x250.jpg\" alt=\"\" width=\"375\" height=\"250\" \/>Las autoridades comunales agradecieron el respaldo de la Asociaci\u00f3n Gilberto Acapulco, de su presidenta Claudia Walton y su representante Paulina Ochoa; de la muy conocida por esos rumbos Alejandra Mena \u201cLa China\u201d, que ya se ha vuelto una benefactora frecuente, as\u00ed como el respaldo de su amigo Jacko Badillo, siempre al pendiente de las comunidades.<\/p>\n<p style=\"text-align: justify;\">Cansados pero muy satisfechos, los participantes de la caravana regresaron a Acapulco ya entrando la noche, con la promesa de regresar muy pronto a recorrer m\u00e1s comunidades.<\/p>\n<p style=\"text-align: justify;\"><em>) S\u00edguenos: Facebook.com\/<a href=\"https:\/\/www.facebook.com\/acapulcopress.news\" target=\"_blank\" rel=\"noopener\">acapulcopress.news<\/a><\/em><br \/>\n<em>) S\u00edguenos: Facebook.com\/<a href=\"https:\/\/www.facebook.com\/acapulcopress.news\" target=\"_blank\" rel=\"noopener\">angelblanco.press<\/a><\/em><br \/>\n<em>) Vis\u00edtanos: acapulcopress.com<\/em><\/p>\n","protected":false},"excerpt":{"rendered":"<p>ACAPULCO * Diciembre 11, 2023. ) Staff Jackomienza Con absoluta empat\u00eda y en una conjunci\u00f3n de esfuerzos por una causa en com\u00fan, la Asociaci\u00f3n Gilberto Acapulco y la Fundaci\u00f3n Jackomienza organizaron este domingo 10 de diciembre una caravana de ayuda humanitaria por la zona rural de Acapulco, llevando apoyos a familias afectadas por el hurac\u00e1n&#8230;<\/p>\n","protected":false},"author":2,"featured_media":1258667,"comment_status":"closed","ping_status":"closed","sticky":false,"template":"","format":"standard","meta":{"footnotes":""},"categories":[2022,1972,1988],"tags":[3507,4300,5858,9019,9987,10804],"class_list":["post-1258663","post","type-post","status-publish","format-standard","has-post-thumbnail","hentry","category-actvismo","category-special","category-lifestyles","tag-alejandra-mena-zuzuarregui","tag-asociacion-gilberto-acapulco","tag-claudia-walton-alvarez","tag-fundacion-jackomienza","tag-huracan-otis","tag-joaquin-badillo-escamilla"],"_links":{"self":[{"href":"https:\/\/www.acapulcopress.com\/index.php\/wp-json\/wp\/v2\/posts\/1258663","targetHints":{"allow":["GET"]}}],"collection":[{"href":"https:\/\/www.acapulcopress.com\/index.php\/wp-json\/wp\/v2\/posts"}],"about":[{"href":"https:\/\/www.acapulcopress.com\/index.php\/wp-json\/wp\/v2\/types\/post"}],"author":[{"embeddable":true,"href":"https:\/\/www.acapulcopress.com\/index.php\/wp-json\/wp\/v2\/users\/2"}],"replies":[{"embeddable":true,"href":"https:\/\/www.acapulcopress.com\/index.php\/wp-json\/wp\/v2\/comments?post=1258663"}],"version-history":[{"count":0,"href":"https:\/\/www.acapulcopress.com\/index.php\/wp-json\/wp\/v2\/posts\/1258663\/revisions"}],"wp:featuredmedia":[{"embeddable":true,"href":"https:\/\/www.acapulcopress.com\/index.php\/wp-json\/"}],"wp:attachment":[{"href":"https:\/\/www.acapulcopress.com\/index.php\/wp-json\/wp\/v2\/media?parent=1258663"}],"wp:term":[{"taxonomy":"category","embeddable":true,"href":"https:\/\/www.acapulcopress.com\/index.php\/wp-json\/wp\/v2\/categories?post=1258663"},{"taxonomy":"post_tag","embeddable":true,"href":"https:\/\/www.acapulcopress.com\/index.php\/wp-json\/wp\/v2\/tags?post=1258663"}],"curies":[{"name":"wp","href":"https:\/\/api.w.org\/{rel}","templated":true}]}}