{"id":1258670,"date":"2023-12-11T21:34:49","date_gmt":"2023-12-12T03:34:49","guid":{"rendered":"https:\/\/www.acapulcopress.com\/?p=1258670"},"modified":"2023-12-11T21:34:49","modified_gmt":"2023-12-12T03:34:49","slug":"operativos-coordinados-han-mejorado-las-condiciones-de-seguridad-en-guerrero","status":"publish","type":"post","link":"https:\/\/www.acapulcopress.com\/index.php\/2023\/12\/11\/operativos-coordinados-han-mejorado-las-condiciones-de-seguridad-en-guerrero\/","title":{"rendered":"Operativos coordinados han mejorado las condiciones de seguridad en Guerrero"},"content":{"rendered":"<p style=\"text-align: justify;\"><em>* Golpe financiero a la delincuencia con decomiso de droga por m\u00e1s de un mill\u00f3n de pesos en Guerrero<\/em><br \/>\n<em>* Logr\u00f3 FGE sentencias de hasta 70 a\u00f1os de prisi\u00f3n por delito de secuestro <\/em><br \/>\n<em>* Titular de obras p\u00fablicas destac\u00f3 labor del Estado en la recolecci\u00f3n de m\u00e1s de 152 mil toneladas de basura en Acapulco\u00a0<\/em><\/p>\n<p style=\"text-align: justify;\">CHILPANCINGO * Diciembre 11, 2023.<br \/>\n<em>) Coordinaci\u00f3n para la Construcci\u00f3n de la Paz<\/em><br \/>\nComo resultado de los operativos coordinados para mejorar las condiciones de seguridad en el estado durante la primera semana del mes de diciembre, la polic\u00eda estatal en coordinaci\u00f3n con las fuerzas armadas logr\u00f3 generar una p\u00e9rdida financiera de m\u00e1s de un mill\u00f3n de pesos con el decomiso de 7.140 kilogramos de estupefacientes a la delincuencia organizada, mientras que en materia de procuraci\u00f3n de justicia se lograron 21 sentencias condenatorias, de hasta 70 a\u00f1os por el delito de secuestro.<\/p>\n<p style=\"text-align: justify;\">Durante la transmisi\u00f3n informativa por el vocero de la <em><a href=\"https:\/\/web.facebook.com\/ConstrucciondePazGuerrero\" target=\"_blank\" rel=\"noopener\">Mesa de Coordinaci\u00f3n para la Construcci\u00f3n de la Paz<\/a><\/em>, Randy Su\u00e1stegui Cebrero, en materia de seguridad p\u00fablica, el director General de la Polic\u00eda Estatal, Gabriel Rebollar Gonz\u00e1lez, destac\u00f3 que, del 4 al 10 de diciembre, se logr\u00f3 la detenci\u00f3n de 12 personas en distintos hechos por delitos del fuero com\u00fan y federal, adem\u00e1s de asegurar tres armas largas, dos armas cortas, mil 104 cartuchos \u00fatiles, 10 cargadores y un artefacto explosivo.<\/p>\n<p style=\"text-align: justify;\">En estas acciones de la justicia se logr\u00f3 decomisar 7.140 kilogramos de estupefacientes con un equivalente de m\u00e1s de un mill\u00f3n 100 pesos, generando una importante p\u00e9rdida financiera a la delincuencia organizada, adem\u00e1s de asegurar y recuperar 26 veh\u00edculos en distintos hechos, entre otros objetos, mismos que fueron puestos a disposici\u00f3n de la autoridad competente.<\/p>\n<p style=\"text-align: justify;\">En materia de procuraci\u00f3n de justicia, el vicefiscal de investigaci\u00f3n de la Fiscal\u00eda General del Estado, Gabriel Alejandro Hern\u00e1ndez Mendoza, destac\u00f3 que se lograron liberar 13 \u00f3rdenes de aprehensi\u00f3n por diversos delitos y cumplimentar 12 \u00f3rdenes de detenci\u00f3n por delitos de homicidio, secuestro, violaci\u00f3n y violencia familiar, en atenci\u00f3n a las denuncias presentadas por la ciudadan\u00eda.<\/p>\n<p style=\"text-align: justify;\">Cabe destacar que resultado del trabajo jur\u00eddico de la FGE se lograron un total de 21 sentencias condenatorias por diversos delitos, entre los que destacan veredictos de hasta 70 a\u00f1os de prisi\u00f3n por delito de secuestro, 22 y 30 a\u00f1os por violaci\u00f3n equiparada.<\/p>\n<p style=\"text-align: justify;\">El vicefiscal de investigaci\u00f3n, puntualiz\u00f3, referente a las acciones por el hurac\u00e1n Otis, que no han cesado los trabajos y operativos de b\u00fasqueda por tierra y mar en cooperaci\u00f3n con otras instituciones como la Marina, con personal especializado y herramienta para la remoci\u00f3n de escombros, atendiendo a las familias.<\/p>\n<p style=\"text-align: justify;\">Aunado al tema, en entrevista con Randy Su\u00e1stegui Cebrero, la titular de Desarrollo Urbano, Obras P\u00fablicas y Ordenamiento Territorial, Irene Jim\u00e9nez Montiel, puntualiz\u00f3 que la instrucci\u00f3n de la gobernadora Evelyn Salgado Pineda ha sido atender puntualmente las acciones de reconstrucci\u00f3n y limpieza de Acapulco y zonas afectadas por Otis.<\/p>\n<p style=\"text-align: justify;\">Mencion\u00f3 que desde el primer momento despu\u00e9s del paso del fen\u00f3meno meteorol\u00f3gico, con el apoyo de diversos sectores empresariales y de la construcci\u00f3n se logr\u00f3 la apertura de las avenidas y vialidades principales de Acapulco, as\u00ed como los accesos, por lo que se determin\u00f3 la divisi\u00f3n de la ciudad en 14 zonas de atenci\u00f3n, de las cuales 6 le corresponden al gobierno del estado donde se tiene m\u00e1s del 90 por ciento de avance en los trabajos de limpieza.<\/p>\n<p style=\"text-align: justify;\">Jim\u00e9nez Montiel, puntualiz\u00f3 que, la fecha, con jornadas nocturnas y con el apoyo solidario de todos los estados se han logrado recolectar 152 mil 898 toneladas de basura en las zonas bajo la responsabilidad del gobierno estatal, liberando un total de 274 kil\u00f3metros lineales de calles, avenidas y caminos, sumando a estos trabajos un total de 20 camiones compactadores y 50 contenedores en lugares estrat\u00e9gicos trabajando en coordinaci\u00f3n con el municipio.<\/p>\n<p style=\"text-align: justify;\">La funcionaria estatal llam\u00f3 a la poblaci\u00f3n a ser responsables con su basura para evitar conglomeraciones de desechos en la v\u00eda p\u00fablica y ofrecer una buena imagen y espacios limpios a los turistas, mientras tanto se implement\u00f3 un programa de reforestaci\u00f3n con 400 palmeras en la franja tur\u00edstica\u00a0Acapulco.<\/p>\n<p style=\"text-align: justify;\"><em>) S\u00edguenos: Facebook.com\/<a href=\"https:\/\/www.facebook.com\/acapulcopress.news\" target=\"_blank\" rel=\"noopener\">acapulcopress.news<\/a><\/em><br \/>\n<em>) S\u00edguenos: Facebook.com\/<a href=\"https:\/\/www.facebook.com\/acapulcopress.news\" target=\"_blank\" rel=\"noopener\">angelblanco.press<\/a><\/em><br \/>\n<em>) Vis\u00edtanos: acapulcopress.com<\/em><\/p>\n","protected":false},"excerpt":{"rendered":"<p>* Golpe financiero a la delincuencia con decomiso de droga por m\u00e1s de un mill\u00f3n de pesos en Guerrero * Logr\u00f3 FGE sentencias de hasta 70 a\u00f1os de prisi\u00f3n por delito de secuestro * Titular de obras p\u00fablicas destac\u00f3 labor del Estado en la recolecci\u00f3n de m\u00e1s de 152 mil toneladas de basura en Acapulco\u00a0&#8230;<\/p>\n","protected":false},"author":2,"featured_media":1258671,"comment_status":"closed","ping_status":"closed","sticky":false,"template":"","format":"standard","meta":{"footnotes":""},"categories":[1969,2005],"tags":[12964,15272],"class_list":["post-1258670","post","type-post","status-publish","format-standard","has-post-thumbnail","hentry","category-trending","category-seguridad-y-justicia","tag-mesa-de-coordinacion-para-la-construccion-de-la-paz","tag-randy-suastegui-cebrero"],"_links":{"self":[{"href":"https:\/\/www.acapulcopress.com\/index.php\/wp-json\/wp\/v2\/posts\/1258670","targetHints":{"allow":["GET"]}}],"collection":[{"href":"https:\/\/www.acapulcopress.com\/index.php\/wp-json\/wp\/v2\/posts"}],"about":[{"href":"https:\/\/www.acapulcopress.com\/index.php\/wp-json\/wp\/v2\/types\/post"}],"author":[{"embeddable":true,"href":"https:\/\/www.acapulcopress.com\/index.php\/wp-json\/wp\/v2\/users\/2"}],"replies":[{"embeddable":true,"href":"https:\/\/www.acapulcopress.com\/index.php\/wp-json\/wp\/v2\/comments?post=1258670"}],"version-history":[{"count":0,"href":"https:\/\/www.acapulcopress.com\/index.php\/wp-json\/wp\/v2\/posts\/1258670\/revisions"}],"wp:featuredmedia":[{"embeddable":true,"href":"https:\/\/www.acapulcopress.com\/index.php\/wp-json\/"}],"wp:attachment":[{"href":"https:\/\/www.acapulcopress.com\/index.php\/wp-json\/wp\/v2\/media?parent=1258670"}],"wp:term":[{"taxonomy":"category","embeddable":true,"href":"https:\/\/www.acapulcopress.com\/index.php\/wp-json\/wp\/v2\/categories?post=1258670"},{"taxonomy":"post_tag","embeddable":true,"href":"https:\/\/www.acapulcopress.com\/index.php\/wp-json\/wp\/v2\/tags?post=1258670"}],"curies":[{"name":"wp","href":"https:\/\/api.w.org\/{rel}","templated":true}]}}