{"id":1258675,"date":"2023-12-11T22:01:44","date_gmt":"2023-12-12T04:01:44","guid":{"rendered":"https:\/\/www.acapulcopress.com\/?p=1258675"},"modified":"2023-12-11T22:01:44","modified_gmt":"2023-12-12T04:01:44","slug":"continua-salud-con-acciones-preventivas-contra-el-dengue-en-acapulco-y-coyuca","status":"publish","type":"post","link":"https:\/\/www.acapulcopress.com\/index.php\/2023\/12\/11\/continua-salud-con-acciones-preventivas-contra-el-dengue-en-acapulco-y-coyuca\/","title":{"rendered":"Contin\u00faa Salud con acciones preventivas contra el dengue en Acapulco y Coyuca"},"content":{"rendered":"<p style=\"text-align: justify;\">ACAPULCO * Diciembre 11, 2023.<br \/>\n<em>) Salud Guerrero<\/em><br \/>\n<img loading=\"lazy\" decoding=\"async\" class=\"alignleft size-medium wp-image-1258679\" src=\"https:\/\/www.acapulcopress.com\/wp-content\/uploads\/2023\/12\/dengue4-375x281.jpg\" alt=\"\" width=\"375\" height=\"281\" \/>De acuerdo al Plan General de Reconstrucci\u00f3n y Apoyo a la Poblaci\u00f3n Afectada en Acapulco y Coyuca de Ben\u00edtez por el Hurac\u00e1n Otis, el gobierno que encabeza la gobernadora Evelyn Salgado Pineda, a trav\u00e9s de la Secretar\u00eda de Salud Guerrero (SSG), contin\u00faa con las brigadas de vectores para mantener el control larvario y evitar la proporci\u00f3n del virus del Dengue.<\/p>\n<p style=\"text-align: justify;\">La dependencia estatal inform\u00f3 que, con corte a este lunes, a trav\u00e9s del departamento de vectores se ha realizado control larvario en ocho \u00e1reas, visitando 38 mil 997 casas, trabajando 27 mil 360 viviendas, para proteger a una poblaci\u00f3n de 67 mil 767 personas.<\/p>\n<p style=\"text-align: justify;\">Adem\u00e1s, como parte de las acciones permanentes que fortalecen la prevenci\u00f3n, detecci\u00f3n y atenci\u00f3n oportuna del dengue, a trav\u00e9s del rociado espacial se han trabajado 25 mil 584 <img loading=\"lazy\" decoding=\"async\" class=\"alignleft size-medium wp-image-1258678\" src=\"https:\/\/www.acapulcopress.com\/wp-content\/uploads\/2023\/12\/dengue3-375x833.jpg\" alt=\"\" width=\"375\" height=\"833\" \/>hect\u00e1reas, con nebulizaci\u00f3n t\u00e9rmica 4 mil 227 hect\u00e1reas, y con nebulizaci\u00f3n \u00e1rea 18 mil 488 hect\u00e1reas.<\/p>\n<p style=\"text-align: justify;\">De \u201cOtis\u201d a la fecha, la entidad federativa en el Sistema Nacional de Vigilancia Epidemiol\u00f3gica registra 776 casos confirmados de dengue.<\/p>\n<p style=\"text-align: justify;\">A trav\u00e9s de personal de Promoci\u00f3n de la Salud se buscan reforzar las acciones preventivas contra el dengue, lavado correcto de manos, desinfecci\u00f3n de alimentos entre otros, realizando actividades como: activaci\u00f3n de 828 m\u00f3dulos de promoci\u00f3n, mil 586 talleres comunitarios, 75 mil 351 pl\u00e1ticas individuales, 2 mil 863 pl\u00e1ticas a grupos con 34 mil 097 asistentes.<\/p>\n<p style=\"text-align: justify;\"><em>) S\u00edguenos: Facebook.com\/<a href=\"https:\/\/www.facebook.com\/acapulcopress.news\" target=\"_blank\" rel=\"noopener\">acapulcopress.news<\/a><\/em><br \/>\n<em>) S\u00edguenos: Facebook.com\/<a href=\"https:\/\/www.facebook.com\/angelblanco.press\" target=\"_blank\" rel=\"noopener\">angelblanco.press<\/a><\/em><br \/>\n<em>) Vis\u00edtanos: acapulcopress.com<\/em><\/p>\n","protected":false},"excerpt":{"rendered":"<p>ACAPULCO * Diciembre 11, 2023. ) Salud Guerrero De acuerdo al Plan General de Reconstrucci\u00f3n y Apoyo a la Poblaci\u00f3n Afectada en Acapulco y Coyuca de Ben\u00edtez por el Hurac\u00e1n Otis, el gobierno que encabeza la gobernadora Evelyn Salgado Pineda, a trav\u00e9s de la Secretar\u00eda de Salud Guerrero (SSG), contin\u00faa con las brigadas de vectores&#8230;<\/p>\n","protected":false},"author":2,"featured_media":1258676,"comment_status":"closed","ping_status":"closed","sticky":false,"template":"","format":"standard","meta":{"footnotes":""},"categories":[1983,18561],"tags":[],"class_list":["post-1258675","post","type-post","status-publish","format-standard","has-post-thumbnail","hentry","category-guerrerogob","category-society-politics"],"_links":{"self":[{"href":"https:\/\/www.acapulcopress.com\/index.php\/wp-json\/wp\/v2\/posts\/1258675","targetHints":{"allow":["GET"]}}],"collection":[{"href":"https:\/\/www.acapulcopress.com\/index.php\/wp-json\/wp\/v2\/posts"}],"about":[{"href":"https:\/\/www.acapulcopress.com\/index.php\/wp-json\/wp\/v2\/types\/post"}],"author":[{"embeddable":true,"href":"https:\/\/www.acapulcopress.com\/index.php\/wp-json\/wp\/v2\/users\/2"}],"replies":[{"embeddable":true,"href":"https:\/\/www.acapulcopress.com\/index.php\/wp-json\/wp\/v2\/comments?post=1258675"}],"version-history":[{"count":0,"href":"https:\/\/www.acapulcopress.com\/index.php\/wp-json\/wp\/v2\/posts\/1258675\/revisions"}],"wp:featuredmedia":[{"embeddable":true,"href":"https:\/\/www.acapulcopress.com\/index.php\/wp-json\/"}],"wp:attachment":[{"href":"https:\/\/www.acapulcopress.com\/index.php\/wp-json\/wp\/v2\/media?parent=1258675"}],"wp:term":[{"taxonomy":"category","embeddable":true,"href":"https:\/\/www.acapulcopress.com\/index.php\/wp-json\/wp\/v2\/categories?post=1258675"},{"taxonomy":"post_tag","embeddable":true,"href":"https:\/\/www.acapulcopress.com\/index.php\/wp-json\/wp\/v2\/tags?post=1258675"}],"curies":[{"name":"wp","href":"https:\/\/api.w.org\/{rel}","templated":true}]}}