{"id":1258681,"date":"2023-12-11T22:25:53","date_gmt":"2023-12-12T04:25:53","guid":{"rendered":"https:\/\/www.acapulcopress.com\/?p=1258681"},"modified":"2023-12-11T22:25:53","modified_gmt":"2023-12-12T04:25:53","slug":"gobernadora-evelyn-salgado-encendio-el-tradicional-arbol-navideno-de-coca-cola","status":"publish","type":"post","link":"https:\/\/www.acapulcopress.com\/index.php\/2023\/12\/11\/gobernadora-evelyn-salgado-encendio-el-tradicional-arbol-navideno-de-coca-cola\/","title":{"rendered":"Gobernadora Evelyn Salgado encendi\u00f3 el tradicional \u00e1rbol navide\u00f1o de Coca-Cola"},"content":{"rendered":"<p style=\"text-align: justify;\">ACAPULCO * Diciembre 11, 2023.<br \/>\n<em>) Gobierno de Guerrero<\/em><br \/>\n\u201cCon este \u00e1rbol, as\u00ed como los distintos puntos que se han iluminado de nuestro maravilloso <img loading=\"lazy\" decoding=\"async\" class=\"alignleft size-medium wp-image-1258689\" src=\"https:\/\/www.acapulcopress.com\/wp-content\/uploads\/2023\/12\/Cocacola-FEMSA8-375x250.jpg\" alt=\"\" width=\"375\" height=\"250\" \/>puerto, esto sin duda marca la esperanza, marca el renacer de Acapulco\u201d, resalt\u00f3 la gobernadora<a href=\"https:\/\/www.facebook.com\/EvelynSalgadoP\" target=\"_blank\" rel=\"noopener\"> Evelyn Salgado Pineda<\/a>, previo a realizar el encendido del emblem\u00e1tico \u00e1rbol navide\u00f1o Coca-Cola FEMSA.<\/p>\n<p style=\"text-align: justify;\">Luego de varios a\u00f1os de ausencia de este ic\u00f3nico \u00e1rbol navide\u00f1o de 14 metros de altura por 7 metros de base, la mandataria estatal realiz\u00f3 diversas gestiones para lograr que el emblem\u00e1tico pino regresara al hogar del sol para llenar de alegr\u00eda estas fechas.<\/p>\n<p style=\"text-align: justify;\">\u201cVamos a celebrar juntas y juntos la unidad, la fuerza y la resiliencia del pueblo acapulque\u00f1o\u201d, indic\u00f3 la gobernadora ante cientos de familias y las ni\u00f1as y ni\u00f1os de la Casa Hogar Marsh, quienes se dieron cita en la renovada Plaza Quebec, en el punto conocido <img loading=\"lazy\" decoding=\"async\" class=\"alignleft size-medium wp-image-1258688\" src=\"https:\/\/www.acapulcopress.com\/wp-content\/uploads\/2023\/12\/Cocacola-FEMSA7-375x250.jpg\" alt=\"\" width=\"375\" height=\"250\" \/>como La Diana Cazadora.<\/p>\n<p style=\"text-align: justify;\">\u201cMientras haya esta fuerza que tienen las y los acapulque\u00f1os, vamos a salir adelante\u201d, puntualiz\u00f3 la mandataria estatal, quien estuvo acompa\u00f1ada de la titular del sistema DIF Guerrero, Liz Salgado Pineda.<\/p>\n<p style=\"text-align: justify;\">Reiterando su compromiso de embellecer el puerto y recuperar su brillo, la gobernadora puntualiz\u00f3 que seguir\u00e1 tocando puertas para que m\u00e1s empresas se sumen para que el puerto resurja como el hogar del sol y las familias acapulque\u00f1as recuperen la alegr\u00eda de estas fechas de celebraci\u00f3n luego del paso del hurac\u00e1n Otis.<\/p>\n<p style=\"text-align: justify;\">Por su parte, el gerente de asuntos corporativos y gubernamentales M\u00e9xico Coca-Cola FEMSA, Gibr\u00e1n de la Torre Gonz\u00e1lez, indic\u00f3 que la prioridad para la empresa refresquera es <img loading=\"lazy\" decoding=\"async\" class=\"alignleft size-medium wp-image-1258683\" src=\"https:\/\/www.acapulcopress.com\/wp-content\/uploads\/2023\/12\/Cocacola-FEMSA2-375x250.jpg\" alt=\"\" width=\"375\" height=\"250\" \/>generar un valor econ\u00f3mico y social en las comunidades donde operan, \u201cpor eso estamos trabajando en esta reactivaci\u00f3n econ\u00f3mica en Acapulco\u201d.<\/p>\n<p style=\"text-align: justify;\">De la Torre Gonz\u00e1lez destac\u00f3 que el compromiso hist\u00f3rico con el puerto hizo que desde el primer momento del embate del hurac\u00e1n Otis, se realizaran acciones como la instalaci\u00f3n de dos plantas potabilizadoras, dar hidrataci\u00f3n a las familias que m\u00e1s lo requer\u00edan, adem\u00e1s de invertir m\u00e1s de 575 millones de pesos para reactivar las operaciones y dar apoyo a propietarios de peque\u00f1as tiendas\u00a0de\u00a0abarrotes.<\/p>\n<p style=\"text-align: justify;\"><em>) S\u00edguenos: Facebook.com\/<a href=\"https:\/\/www.facebook.com\/acapulcopress.news\" target=\"_blank\" rel=\"noopener\">acapulcopress.news<\/a><\/em><br \/>\n<em>) S\u00edguenos: Facebook.com\/<a href=\"https:\/\/www.facebook.com\/angelblanco.press\" target=\"_blank\" rel=\"noopener\">angelblanco.press<\/a><\/em><br \/>\n<em>) Vis\u00edtanos: acapulcopress.com<\/em><\/p>\n","protected":false},"excerpt":{"rendered":"<p>ACAPULCO * Diciembre 11, 2023. ) Gobierno de Guerrero \u201cCon este \u00e1rbol, as\u00ed como los distintos puntos que se han iluminado de nuestro maravilloso puerto, esto sin duda marca la esperanza, marca el renacer de Acapulco\u201d, resalt\u00f3 la gobernadora Evelyn Salgado Pineda, previo a realizar el encendido del emblem\u00e1tico \u00e1rbol navide\u00f1o Coca-Cola FEMSA. Luego de&#8230;<\/p>\n","protected":false},"author":2,"featured_media":1258683,"comment_status":"closed","ping_status":"closed","sticky":false,"template":"","format":"standard","meta":{"footnotes":""},"categories":[1972,2058,1988],"tags":[8251,8746],"class_list":["post-1258681","post","type-post","status-publish","format-standard","has-post-thumbnail","hentry","category-special","category-festivales-y-tradiciones","category-lifestyles","tag-evelyn-salgado-pineda","tag-fomento-economico-mexicano-sa-femsa"],"_links":{"self":[{"href":"https:\/\/www.acapulcopress.com\/index.php\/wp-json\/wp\/v2\/posts\/1258681","targetHints":{"allow":["GET"]}}],"collection":[{"href":"https:\/\/www.acapulcopress.com\/index.php\/wp-json\/wp\/v2\/posts"}],"about":[{"href":"https:\/\/www.acapulcopress.com\/index.php\/wp-json\/wp\/v2\/types\/post"}],"author":[{"embeddable":true,"href":"https:\/\/www.acapulcopress.com\/index.php\/wp-json\/wp\/v2\/users\/2"}],"replies":[{"embeddable":true,"href":"https:\/\/www.acapulcopress.com\/index.php\/wp-json\/wp\/v2\/comments?post=1258681"}],"version-history":[{"count":0,"href":"https:\/\/www.acapulcopress.com\/index.php\/wp-json\/wp\/v2\/posts\/1258681\/revisions"}],"wp:featuredmedia":[{"embeddable":true,"href":"https:\/\/www.acapulcopress.com\/index.php\/wp-json\/"}],"wp:attachment":[{"href":"https:\/\/www.acapulcopress.com\/index.php\/wp-json\/wp\/v2\/media?parent=1258681"}],"wp:term":[{"taxonomy":"category","embeddable":true,"href":"https:\/\/www.acapulcopress.com\/index.php\/wp-json\/wp\/v2\/categories?post=1258681"},{"taxonomy":"post_tag","embeddable":true,"href":"https:\/\/www.acapulcopress.com\/index.php\/wp-json\/wp\/v2\/tags?post=1258681"}],"curies":[{"name":"wp","href":"https:\/\/api.w.org\/{rel}","templated":true}]}}