{"id":1258750,"date":"2023-12-15T22:10:19","date_gmt":"2023-12-16T04:10:19","guid":{"rendered":"https:\/\/www.acapulcopress.com\/?p=1258750"},"modified":"2023-12-15T22:10:19","modified_gmt":"2023-12-16T04:10:19","slug":"asiste-gobernadora-a-graduacion-de-100-elementos-de-la-unipol-guerrero","status":"publish","type":"post","link":"https:\/\/www.acapulcopress.com\/index.php\/2023\/12\/15\/asiste-gobernadora-a-graduacion-de-100-elementos-de-la-unipol-guerrero\/","title":{"rendered":"Asiste Gobernadora a graduaci\u00f3n de 100 elementos de la Unipol Guerrero"},"content":{"rendered":"<p style=\"text-align: justify;\">CHILPANCINGO * Diciembre 14, 2023.<br \/>\n<em>) Gobierno de Guerrero<\/em><br \/>\nLa gobernadora <a href=\"https:\/\/www.facebook.com\/EvelynSalgadoP\" target=\"_blank\" rel=\"noopener\">Evelyn Salgado Pineda<\/a> clausur\u00f3 los cursos de formaci\u00f3n inicial aspirante para Polic\u00eda Estatal Preventivo y Polic\u00eda Preventivo Municipal en la Universidad Policial del <img loading=\"lazy\" decoding=\"async\" class=\"alignleft size-medium wp-image-1258758\" src=\"https:\/\/www.acapulcopress.com\/wp-content\/uploads\/2023\/12\/Unipol-Gro8-375x250.jpg\" alt=\"\" width=\"375\" height=\"250\" \/>estado de Guerrero (<a href=\"https:\/\/web.facebook.com\/UnipolGuerrer\" target=\"_blank\" rel=\"noopener\">Unipol<\/a>), de donde egresaron un total de 100 cadetes, a quienes exhort\u00f3 a cumplir con su deber de proteger a la familias de guerrerenses y procurar la paz en las comunidades, actuando con responsabilidad y pleno respeto a los derechos humanos.<\/p>\n<p style=\"text-align: justify;\">Tras cuatro meses de intensa formaci\u00f3n y adiestramiento en la Universidad Policial del Estado de Guerrero, un total de 58 mujeres y 42 hombres, un total de 82 nuevos elementos se integran a la labores de la polic\u00eda estatal y 18 a las polic\u00edas municipales de San Marcos, Tixtla, Atenango, Iguala, Chilpancingo, Pilcaya, Ayutla, Atoyac y Chilapa.<\/p>\n<p style=\"text-align: justify;\">\u00abMi m\u00e1s amplia felicitaci\u00f3n y reconocimiento. Le invito a que contin\u00faen fomentando los <img loading=\"lazy\" decoding=\"async\" class=\"alignleft size-medium wp-image-1258753\" src=\"https:\/\/www.acapulcopress.com\/wp-content\/uploads\/2023\/12\/Unipol-Gro2-375x250.jpg\" alt=\"\" width=\"375\" height=\"250\" \/>valores, los principios de esta gran instituci\u00f3n. Hoy llevan una formaci\u00f3n con perspectiva de g\u00e9nero, con una agenda 2030 que nos habla del respeto a la naturaleza, a la igualdad, una formaci\u00f3n con un respeto irrestricto a los derechos humanos que es muy importante\u00bb, puntualiz\u00f3 Evelyn Salgado.<\/p>\n<p style=\"text-align: justify;\">Ante familiares, autoridades civiles, militares y mandos de la Secretar\u00eda de Seguridad P\u00fablica del Estado, la gobernadora Evelyn Salgado conmin\u00f3 a las y los cadetes, servir y proteger al pueblo de Guerrero bajo los principios que rige la disciplina policial y el respeto irrestricto a los derechos humanos, reiter\u00f3.<\/p>\n<p style=\"text-align: justify;\">Tambi\u00e9n, destac\u00f3 que este grupo egresa con una experiencia adicional a estos cuatro <img loading=\"lazy\" decoding=\"async\" class=\"alignleft size-medium wp-image-1258755\" src=\"https:\/\/www.acapulcopress.com\/wp-content\/uploads\/2023\/12\/Unipol-Gro4-375x250.jpg\" alt=\"\" width=\"375\" height=\"250\" \/>meses de formaci\u00f3n porque participaron, junto al personal operativo de la Polic\u00eda Estatal, en las labores de reconstrucci\u00f3n en apoyo a nuestros hermanos de Acapulco y Coyuca de Ben\u00edtez, acci\u00f3n que fue reconocida por la mandataria estatal.<\/p>\n<p style=\"text-align: justify;\">Destac\u00f3 que Guerrero tiene una polic\u00eda que se suma todos los d\u00edas a los esfuerzos del Protocolo Violeta, defendiendo a todas las mujeres de todo tipo de violencia, tambi\u00e9n con la Polic\u00eda Ecol\u00f3gica que realiza diferentes labores para cuidar el medio ambiente.<\/p>\n<p style=\"text-align: justify;\">\u00abEstamos comprometidos y trabajando para hacer de nuestras polic\u00edas instituciones ejemplares en todos los sentidos, garantizando sus derechos laborales, que tengan equipamiento moderno, infraestructura digna como es el caso de este inmueble que estamos rehabilitando con una inversi\u00f3n de 10 millones de pesos en una primera etapa con recursos del FASP\u00bb, puntualiz\u00f3 la gobernadora.<\/p>\n<p style=\"text-align: justify;\">Por su parte, el secretario de Seguridad P\u00fablica, Evelio M\u00e9ndez G\u00f3mez, destac\u00f3 que los cadetes cumplieron con \u00e9xito las etapas de formaci\u00f3n inicial aspirante para Polic\u00eda Estatal Preventivo y Preventivo Municipal, por lo que se sumar\u00e1n de inmediato a la labores policiales incrementando la presencia de elementos en las comunidades.<\/p>\n<p style=\"text-align: justify;\">Durante la ceremonia, la gobernadora, acompa\u00f1ada por el senador F\u00e9lix Salgado Macedonio, as\u00ed como de la presidenta del Congreso del Estado, Leticia Mosso Hern\u00e1ndez y el presidente del Tribunal Superior de Justicia, Raymundo Casarrubias V\u00e1zquez, entreg\u00f3 las constancias de formaci\u00f3n policial y reconocimientos a los alumnos que obtuvieron los primeros lugares de aprovechamiento, as\u00ed como un reconocimiento especial al polic\u00eda estatal acreditable Jos\u00e9 Manuel Ram\u00edrez Salinas, por actual de manera oportuna en el rescate de una persona en la ciudad de Acapulco.<\/p>\n<p style=\"text-align: justify;\">Tambi\u00e9n asistieron el secretario General de Gobierno, Ludwig Marcial Reynoso N\u00fa\u00f1ez; la presidenta de la Comisi\u00f3n de Derechos Humanos del estado, Cecilia Narciso Gayt\u00e1n; el coordinador Estatal de la Guardia Nacional, Luis Valent\u00edn Iglesias Solorzano, Asunci\u00f3n representantes de la Sedena y Marina, entre otros.<\/p>\n<p><img loading=\"lazy\" decoding=\"async\" class=\"alignnone wp-image-1258752 size-large\" src=\"https:\/\/www.acapulcopress.com\/wp-content\/uploads\/2023\/12\/Unipol-Gro-840x560.jpg\" alt=\"\" width=\"696\" height=\"464\" \/><\/p>\n<p style=\"text-align: justify;\"><em>) S\u00edguenos: Facebook.com\/<a href=\"https:\/\/www.facebook.com\/acapulcopress.news\" target=\"_blank\" rel=\"noopener\">acapulcopress.news<\/a><\/em><br \/>\n<em>) S\u00edguenos: Facebook.com\/<a href=\"https:\/\/www.facebook.com\/angelblanco.press\" target=\"_blank\" rel=\"noopener\">angelblanco.press<\/a><\/em><br \/>\n<em>) Vis\u00edtanos: acapulcopress.com<\/em><\/p>\n","protected":false},"excerpt":{"rendered":"<p>CHILPANCINGO * Diciembre 14, 2023. ) Gobierno de Guerrero La gobernadora Evelyn Salgado Pineda clausur\u00f3 los cursos de formaci\u00f3n inicial aspirante para Polic\u00eda Estatal Preventivo y Polic\u00eda Preventivo Municipal en la Universidad Policial del estado de Guerrero (Unipol), de donde egresaron un total de 100 cadetes, a quienes exhort\u00f3 a cumplir con su deber de&#8230;<\/p>\n","protected":false},"author":2,"featured_media":1258756,"comment_status":"closed","ping_status":"closed","sticky":false,"template":"","format":"standard","meta":{"footnotes":""},"categories":[1972,1983,18561],"tags":[8251,17653],"class_list":["post-1258750","post","type-post","status-publish","format-standard","has-post-thumbnail","hentry","category-special","category-guerrerogob","category-society-politics","tag-evelyn-salgado-pineda","tag-universidad-policial-del-estado-de-guerrero-unipol"],"_links":{"self":[{"href":"https:\/\/www.acapulcopress.com\/index.php\/wp-json\/wp\/v2\/posts\/1258750","targetHints":{"allow":["GET"]}}],"collection":[{"href":"https:\/\/www.acapulcopress.com\/index.php\/wp-json\/wp\/v2\/posts"}],"about":[{"href":"https:\/\/www.acapulcopress.com\/index.php\/wp-json\/wp\/v2\/types\/post"}],"author":[{"embeddable":true,"href":"https:\/\/www.acapulcopress.com\/index.php\/wp-json\/wp\/v2\/users\/2"}],"replies":[{"embeddable":true,"href":"https:\/\/www.acapulcopress.com\/index.php\/wp-json\/wp\/v2\/comments?post=1258750"}],"version-history":[{"count":0,"href":"https:\/\/www.acapulcopress.com\/index.php\/wp-json\/wp\/v2\/posts\/1258750\/revisions"}],"wp:featuredmedia":[{"embeddable":true,"href":"https:\/\/www.acapulcopress.com\/index.php\/wp-json\/"}],"wp:attachment":[{"href":"https:\/\/www.acapulcopress.com\/index.php\/wp-json\/wp\/v2\/media?parent=1258750"}],"wp:term":[{"taxonomy":"category","embeddable":true,"href":"https:\/\/www.acapulcopress.com\/index.php\/wp-json\/wp\/v2\/categories?post=1258750"},{"taxonomy":"post_tag","embeddable":true,"href":"https:\/\/www.acapulcopress.com\/index.php\/wp-json\/wp\/v2\/tags?post=1258750"}],"curies":[{"name":"wp","href":"https:\/\/api.w.org\/{rel}","templated":true}]}}