{"id":1258785,"date":"2023-12-19T06:15:34","date_gmt":"2023-12-19T12:15:34","guid":{"rendered":"https:\/\/www.acapulcopress.com\/?p=1258785"},"modified":"2023-12-19T06:15:34","modified_gmt":"2023-12-19T12:15:34","slug":"damnificados-dejan-sin-agua-gran-parte-de-acapulco","status":"publish","type":"post","link":"https:\/\/www.acapulcopress.com\/index.php\/2023\/12\/19\/damnificados-dejan-sin-agua-gran-parte-de-acapulco\/","title":{"rendered":"Damnificados dejan sin agua gran parte de Acapulco"},"content":{"rendered":"<p style=\"text-align: justify;\">ACAPULCO * Diciembre 19, 2023.<br \/>\n) Aps<\/p>\n<p style=\"text-align: justify;\">A ra\u00edz de que, como medida de presi\u00f3n, un grupo de damnificados que demandan ser censados para recibir los entregados por el gobierno federal a personas cuyas viviendas y comercial resultaron afectados por el hurac\u00e1n Otis, paralizaron los principales equipos de rebombeo de agua potable de la CAPAMA, gran parte de Acapulco se qued\u00f3 sin el <img loading=\"lazy\" decoding=\"async\" class=\"alignleft size-medium wp-image-1258787\" src=\"https:\/\/www.acapulcopress.com\/wp-content\/uploads\/2023\/12\/CAPAMA-375x226.jpg\" alt=\"\" width=\"375\" height=\"226\" \/>abastecimiento del vital l\u00edquido desde las primeras horas del lunes.<\/p>\n<p style=\"text-align: justify;\">En representaci\u00f3n del director general, <a href=\"https:\/\/web.facebook.com\/profile.php?id=100091995002311\" target=\"_blank\" rel=\"noopener\"><span class=\"xv78j7m\" spellcheck=\"false\">Hugo Lozano Hern\u00e1ndez<\/span><\/a>, el asesor de dicha \u00e1rea de la Comisi\u00f3n de Agua Potable y Alcantarillado del Municipio de Acapulco (<span class=\"xv78j7m\" spellcheck=\"false\"><a href=\"https:\/\/web.facebook.com\/capama.aca\" target=\"_blank\" rel=\"noopener\">CAPAMA<\/a>)<\/span>, Alfredo Rivera Alarc\u00f3n, y Antonio Herrera, subdirector de Recaudaci\u00f3n, indicaron que habitantes de cuatro comunidades rurales pertenecientes al municipio de San Marcos, como La Barrera, El M\u00e9dano, Las Orquetas y Las Arenas, tomaron por asalta el Acueducto Lomas de Chapultepec, uno de los principales sistemas de captaci\u00f3n de agua potable al municipio de Acapulco, en demanda de que el gobierno federal los incluya en los censos del Bienestar otorgados a damnificados\u00a0 por el hurac\u00e1n Otis, que azot\u00f3 en Guerrero la noche del pasado 24 de octubre.<\/p>\n<p style=\"text-align: justify;\">Esta acci\u00f3n, totalmente ajena a CAPAMA y al municipio de Acapulco, fue la que provoc\u00f3 que el servicio de agua potable en Acapulco se viera afectado en un 25 por ciento y salieran afectadas m\u00faltiples \u00e1reas y colonias de la Zona Diamante hasta la Alta Icacos.<\/p>\n<p style=\"text-align: justify;\">Pr\u00e1cticamente, el objetivo de la conferencia de prensa, celebrada en las oficinas centrales de CAPAMA, fue un exhorto respetuoso al gobierno federal para que atienda el problema de los censos a personas damnificadas por el hurac\u00e1n Otis, ya que sus acciones pasaron a afectar el suministro del vital l\u00edquido a los acapulque\u00f1os.<\/p>\n<p style=\"text-align: justify;\">Las colonias y poblados afectados hasta el momento son El podrido, Alfredo Bonfil, Barra Vieja, Aeropuerto, las unidades habitacionales Vicente Guerrero y Luis Donaldo Colosio, Cumbres de Llano Largo, Av. Esc\u00e9nica, La Poza y Bulevar de Las Naciones,\u00a0 entre otras tantas que conforman el corredor Diamante del puerto.<\/p>\n<p style=\"text-align: justify;\">Era obligatorio precisar esas informaci\u00f3n en vista del malestar que ha surgido por los habitantes de las colonias afectadas porque el problema es totalmente ajeno a CAPAMA y ni siquiera compete al Gobierno de Acapulco atender esa problem\u00e1tica, porque la demanda de los manifestantes nada tiene que ver con peticiones locales, sino que sean considerados por el Gobierno de M\u00e9xico en los censos del Bienestar otorgados a las personas cuyas viviendas resultaron afectadas por el hurac\u00e1n Otis.<\/p>\n<p style=\"text-align: justify;\">En otros temas, el subdirector de de la Direcci\u00f3n Comercial del Organismo P\u00fablico Descentralizado denominado CAPAMA (los OPD son entidades paraestatales cuya responsabilidad es hacerse cargo de un \u00e1rea estrat\u00e9gica o un \u00e1rea prioritaria y proporcionar un servicio p\u00fablico o social), Miguel Cham\u00fa Reyes, invit\u00f3 a los usuarios a aprovechar los \u00faltimos d\u00edas de la campa\u00f1a \u201cCAPAMA Contigo Otis 2023\u201d, la cual ofrece descuentos entre el 10 y 30 por ciento en consumo de agua y 100 por ciento en recargos o exenci\u00f3n del pagos en los meses de noviembre y diciembre siempre y cuando hayan liquidado el servicio del mes de octubre.<\/p>\n<p style=\"text-align: justify;\"><em>) S\u00edguenos: Facebook.com\/<a href=\"https:\/\/www.facebook.com\/acapulcopress.news\" target=\"_blank\" rel=\"noopener\">acapulcopress.news<\/a><br \/>\n<\/em><em>) S\u00edguenos: Facebook.com\/<a href=\"https:\/\/www.facebook.com\/angelblanco.press\" target=\"_blank\" rel=\"noopener\">angelblanco.press<\/a><\/em><br \/>\n<em>) Vis\u00edtanos: acapulcopress.com<\/em><\/p>\n","protected":false},"excerpt":{"rendered":"<p>ACAPULCO * Diciembre 19, 2023. ) Aps A ra\u00edz de que, como medida de presi\u00f3n, un grupo de damnificados que demandan ser censados para recibir los entregados por el gobierno federal a personas cuyas viviendas y comercial resultaron afectados por el hurac\u00e1n Otis, paralizaron los principales equipos de rebombeo de agua potable de la CAPAMA,&#8230;<\/p>\n","protected":false},"author":2,"featured_media":1258786,"comment_status":"closed","ping_status":"closed","sticky":false,"template":"","format":"standard","meta":{"footnotes":""},"categories":[1972,1981,18561],"tags":[6080,6902,9945,9987],"class_list":["post-1258785","post","type-post","status-publish","format-standard","has-post-thumbnail","hentry","category-special","category-acapulco","category-society-politics","tag-comision-de-agua-potable-y-alcantarillado-del-municipio-de-acapulco-capama","tag-damnificados-por-otis","tag-hugo-lozano-hernandez","tag-huracan-otis"],"_links":{"self":[{"href":"https:\/\/www.acapulcopress.com\/index.php\/wp-json\/wp\/v2\/posts\/1258785","targetHints":{"allow":["GET"]}}],"collection":[{"href":"https:\/\/www.acapulcopress.com\/index.php\/wp-json\/wp\/v2\/posts"}],"about":[{"href":"https:\/\/www.acapulcopress.com\/index.php\/wp-json\/wp\/v2\/types\/post"}],"author":[{"embeddable":true,"href":"https:\/\/www.acapulcopress.com\/index.php\/wp-json\/wp\/v2\/users\/2"}],"replies":[{"embeddable":true,"href":"https:\/\/www.acapulcopress.com\/index.php\/wp-json\/wp\/v2\/comments?post=1258785"}],"version-history":[{"count":0,"href":"https:\/\/www.acapulcopress.com\/index.php\/wp-json\/wp\/v2\/posts\/1258785\/revisions"}],"wp:featuredmedia":[{"embeddable":true,"href":"https:\/\/www.acapulcopress.com\/index.php\/wp-json\/"}],"wp:attachment":[{"href":"https:\/\/www.acapulcopress.com\/index.php\/wp-json\/wp\/v2\/media?parent=1258785"}],"wp:term":[{"taxonomy":"category","embeddable":true,"href":"https:\/\/www.acapulcopress.com\/index.php\/wp-json\/wp\/v2\/categories?post=1258785"},{"taxonomy":"post_tag","embeddable":true,"href":"https:\/\/www.acapulcopress.com\/index.php\/wp-json\/wp\/v2\/tags?post=1258785"}],"curies":[{"name":"wp","href":"https:\/\/api.w.org\/{rel}","templated":true}]}}