{"id":1258821,"date":"2023-12-14T10:54:15","date_gmt":"2023-12-14T16:54:15","guid":{"rendered":"https:\/\/www.acapulcopress.com\/?p=1258821"},"modified":"2023-12-14T10:54:15","modified_gmt":"2023-12-14T16:54:15","slug":"sefina-y-congreso-analizan-ajustes-del-paquete-fiscal-2024","status":"publish","type":"post","link":"https:\/\/www.acapulcopress.com\/index.php\/2023\/12\/14\/sefina-y-congreso-analizan-ajustes-del-paquete-fiscal-2024\/","title":{"rendered":"Sefina y Congreso analizan ajustes del Paquete Fiscal 2024"},"content":{"rendered":"<p style=\"text-align: justify;\">CHILPANCINGO * Diciembre 14, 2023.<br \/>\n<em>) Congreso de Guerrero<\/em><br \/>\nLa Comisi\u00f3n de Hacienda del Congreso del Estado realiz\u00f3 este jueves una reuni\u00f3n de trabajo con el secretario de Finanzas y Administraci\u00f3n (Sefina) del <img loading=\"lazy\" decoding=\"async\" class=\"alignleft size-medium wp-image-1258823\" src=\"https:\/\/www.acapulcopress.com\/wp-content\/uploads\/2023\/12\/HACIENDA-SEFINA-375x240.jpg\" alt=\"\" width=\"375\" height=\"240\" \/>Gobierno del Estado, Raymundo Segura Estrada, con el prop\u00f3sito de intercambiar opiniones y despejar dudas respecto a los reajustes al Paquete Fiscal 2024, derivados de las afectaciones causadas por el hurac\u00e1n Otis.<\/p>\n<p style=\"text-align: justify;\">Al dar la bienvenida, el diputado Bernardo Ortega Jim\u00e9nez, presidente del citado \u00f3rgano legislativo, extern\u00f3 la disposici\u00f3n de la comisi\u00f3n para trabajar de manera coordinada con la dependencia, a efecto de arribar a una oportuna y adecuada dictaminaci\u00f3n de los componentes del Paquete Fiscal, para su respectiva discusi\u00f3n y aprobaci\u00f3n en el Pleno.<\/p>\n<p style=\"text-align: justify;\">Recalc\u00f3, asimismo, que no pretenden entorpecer las acciones que est\u00e1 realizando el Gobierno estatal, sino que este cuente con las herramientas necesarias para lograr una correcta recaudaci\u00f3n de impuestos, sobre todo por los momentos dif\u00edciles que vive Guerrero a consecuencia del desastre.<\/p>\n<p style=\"text-align: justify;\">En su oportunidad, el diputado Jos\u00e9 Efr\u00e9n L\u00f3pez Cort\u00e9s, vocal de dicha comisi\u00f3n legislativa, hizo un reconocimiento al funcionario por su disposici\u00f3n de trabajar de manera conjunta en el an\u00e1lisis del Paquete Fiscal, en espec\u00edfico sobre los rubros que se ver\u00e1n m\u00e1s afectado por la baja de ingresos.<\/p>\n<p style=\"text-align: justify;\">Por su parte, la diputada Beatriz Mojica Morga, tambi\u00e9n vocal del citado \u00f3rgano legislativo, indic\u00f3 que es importante vislumbrar los recortes y proyecciones en el Paquete Fiscal del pr\u00f3ximo a\u00f1o, en el entendido de que Acapulco representa la mayor fortaleza de la econom\u00eda del estado, cuyas finanzas, sin duda, ser\u00e1n gravemente impactadas, por lo cual es importante cerrar filas para salir adelante.<\/p>\n<p style=\"text-align: justify;\">Por \u00faltimo, la diputada Alicia Zamora Villalva resalt\u00f3 la importancia de esta reuni\u00f3n de trabajo para la exposici\u00f3n de distintos planteamientos, que permitir\u00e1n a la Comisi\u00f3n de Hacienda, en su momento, poder dictaminar con mucha claridad y precisi\u00f3n, garantizando la debida atenci\u00f3n de la emergencia generada por el hurac\u00e1n Otis, lo cual no es solo un asunto de los gobiernos federal y estatal, sino un esfuerzo de todas y todos los guerrerenses para impulsar la econom\u00eda.<\/p>\n<p style=\"text-align: justify;\">En su exposici\u00f3n, el titular de la Sefina se\u00f1al\u00f3 que en la propuesta de Ley de Ingresos presentada al Congreso se establecen mecanismos a favor de los contribuyentes, con el fin de no incrementar la carga fiscal, ni crear nuevos impuestos.<\/p>\n<p style=\"text-align: justify;\">Abund\u00f3 que, derivado del hurac\u00e1n Otis, la mandataria estatal ha planteado modificaciones para no afectar a la ciudadan\u00eda y las empresas afectadas econ\u00f3micamente, quienes gozar\u00e1n de pr\u00f3rrogas para el pago de diversos impuestos por los meses de octubre, noviembre y diciembre de 2023.<\/p>\n<p style=\"text-align: justify;\">En ese tenor, enfatiz\u00f3 que habr\u00e1 un impacto negativo en la captaci\u00f3n de ingresos propios durante 2024, situaci\u00f3n que obliga a realizar ajustes a la iniciativa de Ley de Ingresos del Estado de Guerrero.<\/p>\n<p style=\"text-align: justify;\"><em>) S\u00edguenos: Facebook.com\/<a href=\"https:\/\/www.facebook.com\/acapulcopress.news\" target=\"_blank\" rel=\"noopener\">acapulcopress.news<\/a><\/em><br \/>\n<em>) S\u00edguenos: Facebook.com\/<a href=\"https:\/\/www.facebook.com\/angelblanco.press\" target=\"_blank\" rel=\"noopener\">angelblanco.press<\/a><\/em><br \/>\n<em>) Vis\u00edtanos: acapulcopress.com<\/em><\/p>\n","protected":false},"excerpt":{"rendered":"<p>CHILPANCINGO * Diciembre 14, 2023. ) Congreso de Guerrero La Comisi\u00f3n de Hacienda del Congreso del Estado realiz\u00f3 este jueves una reuni\u00f3n de trabajo con el secretario de Finanzas y Administraci\u00f3n (Sefina) del Gobierno del Estado, Raymundo Segura Estrada, con el prop\u00f3sito de intercambiar opiniones y despejar dudas respecto a los reajustes al Paquete Fiscal&#8230;<\/p>\n","protected":false},"author":2,"featured_media":1258824,"comment_status":"closed","ping_status":"closed","sticky":false,"template":"","format":"standard","meta":{"footnotes":""},"categories":[61,18561],"tags":[],"class_list":["post-1258821","post","type-post","status-publish","format-standard","has-post-thumbnail","hentry","category-legislacion","category-society-politics"],"_links":{"self":[{"href":"https:\/\/www.acapulcopress.com\/index.php\/wp-json\/wp\/v2\/posts\/1258821","targetHints":{"allow":["GET"]}}],"collection":[{"href":"https:\/\/www.acapulcopress.com\/index.php\/wp-json\/wp\/v2\/posts"}],"about":[{"href":"https:\/\/www.acapulcopress.com\/index.php\/wp-json\/wp\/v2\/types\/post"}],"author":[{"embeddable":true,"href":"https:\/\/www.acapulcopress.com\/index.php\/wp-json\/wp\/v2\/users\/2"}],"replies":[{"embeddable":true,"href":"https:\/\/www.acapulcopress.com\/index.php\/wp-json\/wp\/v2\/comments?post=1258821"}],"version-history":[{"count":0,"href":"https:\/\/www.acapulcopress.com\/index.php\/wp-json\/wp\/v2\/posts\/1258821\/revisions"}],"wp:featuredmedia":[{"embeddable":true,"href":"https:\/\/www.acapulcopress.com\/index.php\/wp-json\/"}],"wp:attachment":[{"href":"https:\/\/www.acapulcopress.com\/index.php\/wp-json\/wp\/v2\/media?parent=1258821"}],"wp:term":[{"taxonomy":"category","embeddable":true,"href":"https:\/\/www.acapulcopress.com\/index.php\/wp-json\/wp\/v2\/categories?post=1258821"},{"taxonomy":"post_tag","embeddable":true,"href":"https:\/\/www.acapulcopress.com\/index.php\/wp-json\/wp\/v2\/tags?post=1258821"}],"curies":[{"name":"wp","href":"https:\/\/api.w.org\/{rel}","templated":true}]}}