{"id":1258862,"date":"2023-12-28T19:26:32","date_gmt":"2023-12-29T01:26:32","guid":{"rendered":"https:\/\/www.acapulcopress.com\/?p=1258862"},"modified":"2023-12-28T19:26:32","modified_gmt":"2023-12-29T01:26:32","slug":"renuncia-evelyn-asume-felix-la-gubernatura-hay-nube-de-cambios","status":"publish","type":"post","link":"https:\/\/www.acapulcopress.com\/index.php\/2023\/12\/28\/renuncia-evelyn-asume-felix-la-gubernatura-hay-nube-de-cambios\/","title":{"rendered":"Renuncia Evelyn, asume F\u00e9lix la gubernatura, hay nube de cambios"},"content":{"rendered":"<p style=\"text-align: justify;\">Marem\u00e1gnum<br \/>\n\u00bb <strong>RICARDO<\/strong> | <strong>CASTILLO BARRIENTOS<\/strong><br \/>\n<em>] Facebook ) <a href=\"https:\/\/www.facebook.com\/ricardocastill01\" target=\"_blank\" rel=\"noopener\">Ricardo Castillo Barrientos<\/a><\/em><\/p>\n<p style=\"text-align: justify;\">Como estaba previsto, lo que ten\u00eda que suceder, sucedi\u00f3: la renuncia obligada e irrevocable de la gobernadora Evelyn Cesia Salgado Pineda, despu\u00e9s de dos a\u00f1os al frente del Gobierno del Estado.<\/p>\n<p style=\"text-align: justify;\">La nueva responsabilidad estatal recay\u00f3 en el senador F\u00e9lix Salgado Macedonio, quien fue despojado por el INE de la candidatura de MORENA a gobernador del Estado, en el pasado proceso electoral, siendo sustituido por su hija Evelyn, por \u00f3rdenes del presidente Andr\u00e9s Manuel L\u00f3pez Obrador.<\/p>\n<p style=\"text-align: justify;\">Por fin se vio culminado el ansiado anhelo del nuevo gobernador, despu\u00e9s de tres intentos fallidos por ocupar la codiciada silla gubernamental de Palacio de Gobierno, en la ciudad capital de Chilpancingo.<\/p>\n<p style=\"text-align: justify;\">Trascendi\u00f3 de \u00faltima hora que el tambi\u00e9n senador Manuel A\u00f1orve Ba\u00f1os, se incorpor\u00f3 a las filas morenistas, con el objetivo de ocupar el espacio vacante de la ex gobernadora, al que tambi\u00e9n ha aspirado en m\u00faltiples ocasiones, siendo derrotado por su hom\u00f3logo, el nuevo gobernador de Guerrero, F\u00e9lix Salgado Macedonio, quien nombr\u00f3 nuevo gabinete.<\/p>\n<p style=\"text-align: justify;\">El flamante mandatario estatal de inmediato dio a conocer su Plan de Gobierno y se comprometi\u00f3 a la construcci\u00f3n del \u201cTren Bala\u201d, que correr\u00e1 de la Ciudad de M\u00e9xico al puerto de Acapulco; la conclusi\u00f3n de la carretera federal de la Costa Grande y Costa Chica, de los l\u00edmites de Michoac\u00e1n a los l\u00edmites de Oaxaca, cubriendo el 100% los litorales guerrerenses.<\/p>\n<p style=\"text-align: justify;\">Otros de los compromisos que asumi\u00f3 el gobernador Salgado Macedonio consisten en arrancar de inmediato, los proyectos de transportaci\u00f3n mar\u00edtima como el \u201cMar&amp;B\u00fas y el Telef\u00e9rico, \u201cCableB\u00fas\u201d.<\/p>\n<p style=\"text-align: justify;\">No conforme con la ejecuci\u00f3n de estos magnos proyectos, el gobernador Salgado, paralelamente, consigui\u00f3 el apoyo del acaudalado empresario Carlos Slim, para la renovaci\u00f3n del \u201cAcapulco Tradicional\u201d con hoteles boutique; rescate de la plaza de toros; ex front\u00f3n Jai Alai; puente peatonal de Playa Langosta a la Playa Manzanillo; ampliaci\u00f3n del \u201cPaseo del Pescador\u201d de Playa Honda-Playa las Hamacas; remodelaci\u00f3n integral del malec\u00f3n, incluye el \u201cJard\u00edn del Puerto\u201d; as\u00ed y el \u201cAcuario Inbursa\u201d, en el ex edificio de exportaci\u00f3n de autom\u00f3viles.<\/p>\n<p style=\"text-align: justify;\">No conforme con estos ambiciosos proyectos, el mandatario guerrerense, solicitar\u00e1 a su candidata Claudia Sheinbaum, para cuando llegue a la Presidencia de la Rep\u00fablica, inicie la construcci\u00f3n del mega puente \u201cCaleta-Puerto Marqu\u00e9s, semejante al del r\u00edo T\u00e1mesis, en Londres, o como el \u201cGolden Gate\u201d, en San Francisco; o de perdida el puente \u201cBaluarte Bicentenario\u201d, en los entre los estados Sinaloa-Durango, a fin de lograr la reinvenci\u00f3n de Acapulco.<\/p>\n<p style=\"text-align: justify;\">Atenci\u00f3n especial tendr\u00e1 el tema de la inseguridad y para ello, establecer\u00e1 una polic\u00eda pro-activa, no reactiva, con una polic\u00eda cient\u00edfica, como en Atlantic City, San Pedro Garza, Coahuila o M\u00e9rida.<\/p>\n<p style=\"text-align: justify;\">Por otra parte, el vigoroso gobernante inici\u00f3 su primera gira de trabajo en la regi\u00f3n de La Monta\u00f1a, dando banderazos de obras productivas tendientes a dar pleno empleo a los habitantes de esa olvidada regi\u00f3n, principalmente, Metlat\u00f3noc, Cochoapa el Grande, Malinaltepec, Iliatenco y los dem\u00e1s, contar\u00e1n con todos los servicios p\u00fablicos de primera calidad o del primer mundo, como en Dinamarca.<\/p>\n<p style=\"text-align: justify;\">El nuevo gobernador tiene considerado el fortalecimiento de los programas federales de bienestar social con el incremento del 100% a las becas estudiantiles en todos los niveles, as\u00ed como los apoyos a madres solteras, discapacitados y adultos mayores.<\/p>\n<p style=\"text-align: justify;\">Con estas medidas extraordinarias ser\u00eda posible que el estado de Guerrero salga del \u00faltimo lugar, junto con Oaxaca y Chiapas, del subdesarrollo nacional como hace pocas d\u00e9cadas lo lograron Veracruz, Hidalgo y Tlaxcala.<\/p>\n<p style=\"text-align: justify;\"><strong>Marea Baja.-<\/strong> En vista que F\u00e9lix Salgado prefiri\u00f3 asumir la gubernatura interina del estado, dej\u00f3 vacante la candidatura al Senado de la Rep\u00fablica, fue nominado el arribista Pablo Amilcar Sandoval, que se distingui\u00f3 como el mejor presidente del Comit\u00e9 Estatal de MORENA y el mejor delegado de los programas federales del pa\u00eds. En reconocimiento a su labor fuera de serie, el presidente del CEN, Mario Delgado, le otorg\u00f3 la candidatura por unanimidad, dejando tirado al actual delegado, Iv\u00e1n Hern\u00e1ndez, quien ha realizado un p\u00e9simo y triste papel al frente de la Delegaci\u00f3n del Bienestar Federal.<\/p>\n<p style=\"text-align: justify;\"><strong>Marea Alta.-<\/strong> En Acapulco, qued\u00f3 definida la candidatura a favor del novel pol\u00edtico Joshio \u00c1vila, quien avasall\u00f3 por amplio margen a la controvertida alcaldesa Abelina L\u00f3pez y a la diputada Yoloczin Dom\u00ednguez, que ven\u00eda avanzando pero en el momento decisivo se desfond\u00f3 hasta el pen\u00faltimo lugar junto al diputado Jacko Badillo, que ocup\u00f3 la \u00faltima posici\u00f3n. Mario Solorio se perfila por el Frente Amplio por M\u00e9xico.<\/p>\n<p style=\"text-align: justify;\">En Chilpancingo, el Frente Opositor postular\u00e1 al aguerrido l\u00edder popular \u00c1lvaro Leyva, para enfrentar al candidato de MORENA, un tal Oscar David, que nadie conoce y que se publicita en sendos espectaculares para darse a conocer.<\/p>\n<p style=\"text-align: justify;\">Para la senadur\u00edas, el ex gobernador H\u00e9ctor Astudillo y Mario Moreno, vestir\u00e1n la camiseta naranja de Movimiento Ciudadano (MC).<\/p>\n<p style=\"text-align: justify;\"><strong>Maremoto.-<\/strong> Est\u00e1 confirmado que X\u00f3chitl G\u00e1lvez ser\u00e1 sustituida por Cuauht\u00e9moc C\u00e1rdenas como candidato oficial del Frente Amplio por M\u00e9xico, que integran el PAN-PRI-PRD, al cual se ha sumado el MC, para enfrentar con \u00e9xito a la candidata obradorista Claudia Sheinbaum y arrebatarle la silla presidencial.<\/p>\n<p style=\"text-align: justify;\">X\u00f3chitl G\u00e1lvez fue desplazada por C\u00e1rdenas, por no haber levantado su campa\u00f1a pol\u00edtica, ya que permanec\u00eda 50 puntos debajo de la candidata oficial.<br \/>\nP.D: Inocente palomita que te dejas enga\u00f1ar, pues en este d\u00eda en nadie se debe confiar. \u201cFeliz D\u00eda de los Inocentes\u201d: 28 de diciembre.<\/p>\n<p style=\"text-align: justify;\"><em>) S\u00edguenos: Facebook.com\/<a href=\"https:\/\/www.facebook.com\/acapulcopress.news\" target=\"_blank\" rel=\"noopener\">acapulcopress.news<\/a><\/em><br \/>\n<em>) S\u00edguenos: Facebook.com\/<a href=\"https:\/\/www.facebook.com\/angelblanco.press\" target=\"_blank\" rel=\"noopener\">angelblanco.press<\/a><\/em><br \/>\n<em>) Vis\u00edtanos: acapulcopress.com<\/em><\/p>\n","protected":false},"excerpt":{"rendered":"<p>Marem\u00e1gnum \u00bb RICARDO | CASTILLO BARRIENTOS ] Facebook ) Ricardo Castillo Barrientos Como estaba previsto, lo que ten\u00eda que suceder, sucedi\u00f3: la renuncia obligada e irrevocable de la gobernadora Evelyn Cesia Salgado Pineda, despu\u00e9s de dos a\u00f1os al frente del Gobierno del Estado. La nueva responsabilidad estatal recay\u00f3 en el senador F\u00e9lix Salgado Macedonio, quien&#8230;<\/p>\n","protected":false},"author":2,"featured_media":1258863,"comment_status":"closed","ping_status":"closed","sticky":false,"template":"","format":"standard","meta":{"footnotes":""},"categories":[1972,2071,1991],"tags":[12503,15575],"class_list":["post-1258862","post","type-post","status-publish","format-standard","has-post-thumbnail","hentry","category-special","category-opinion-analisis-columnas","category-libertad-de-expresion","tag-maremagnum","tag-ricardo-castillo-barrientos"],"_links":{"self":[{"href":"https:\/\/www.acapulcopress.com\/index.php\/wp-json\/wp\/v2\/posts\/1258862","targetHints":{"allow":["GET"]}}],"collection":[{"href":"https:\/\/www.acapulcopress.com\/index.php\/wp-json\/wp\/v2\/posts"}],"about":[{"href":"https:\/\/www.acapulcopress.com\/index.php\/wp-json\/wp\/v2\/types\/post"}],"author":[{"embeddable":true,"href":"https:\/\/www.acapulcopress.com\/index.php\/wp-json\/wp\/v2\/users\/2"}],"replies":[{"embeddable":true,"href":"https:\/\/www.acapulcopress.com\/index.php\/wp-json\/wp\/v2\/comments?post=1258862"}],"version-history":[{"count":0,"href":"https:\/\/www.acapulcopress.com\/index.php\/wp-json\/wp\/v2\/posts\/1258862\/revisions"}],"wp:featuredmedia":[{"embeddable":true,"href":"https:\/\/www.acapulcopress.com\/index.php\/wp-json\/"}],"wp:attachment":[{"href":"https:\/\/www.acapulcopress.com\/index.php\/wp-json\/wp\/v2\/media?parent=1258862"}],"wp:term":[{"taxonomy":"category","embeddable":true,"href":"https:\/\/www.acapulcopress.com\/index.php\/wp-json\/wp\/v2\/categories?post=1258862"},{"taxonomy":"post_tag","embeddable":true,"href":"https:\/\/www.acapulcopress.com\/index.php\/wp-json\/wp\/v2\/tags?post=1258862"}],"curies":[{"name":"wp","href":"https:\/\/api.w.org\/{rel}","templated":true}]}}