{"id":1258867,"date":"2023-12-28T20:23:19","date_gmt":"2023-12-29T02:23:19","guid":{"rendered":"https:\/\/www.acapulcopress.com\/?p=1258867"},"modified":"2023-12-28T20:23:19","modified_gmt":"2023-12-29T02:23:19","slug":"gobernadora-y-titular-del-bienestar-evaluan-apoyos-a-270-mil-damnificados-por-otis","status":"publish","type":"post","link":"https:\/\/www.acapulcopress.com\/index.php\/2023\/12\/28\/gobernadora-y-titular-del-bienestar-evaluan-apoyos-a-270-mil-damnificados-por-otis\/","title":{"rendered":"Gobernadora y titular del Bienestar eval\u00faan apoyos a 270 mil damnificados por Otis"},"content":{"rendered":"<p style=\"text-align: justify;\">ACAPULCO * Diciembre 28, 2023.<br \/>\n<em>) Gobierno de Guerrero<\/em><br \/>\nLa gobernadora, Evelyn Salgado Pineda recibi\u00f3 a la secretaria de Bienestar Federal, Ariadna <img loading=\"lazy\" decoding=\"async\" class=\"alignleft size-medium wp-image-1258869\" src=\"https:\/\/www.acapulcopress.com\/wp-content\/uploads\/2023\/12\/EVELYN-ARIADNA2-375x252.jpg\" alt=\"\" width=\"375\" height=\"252\" \/>Montiel Reyes, con quien revis\u00f3 los avances del Plan de Apoyo para la Reconstrucci\u00f3n de Viviendas y Locales en Acapulco y Coyuca de Ben\u00edtez, destacando que el balance es positivo con la entrega directa de los beneficios a poco m\u00e1s de dos meses del impacto del hurac\u00e1n Otis.<\/p>\n<p style=\"text-align: justify;\">Previo a la reuni\u00f3n general con el presidente de la Rep\u00fablica Andr\u00e9s Manuel L\u00f3pez Obrador; la gobernadora refrend\u00f3 su compromiso con el bienestar de las y los guerrerenses en un refuerzo conjunto de estrategias para la reactivaci\u00f3n de ambos municipios, adem\u00e1s de destacar la reapertura de hoteles y negocios para recibir a locales y visitantes en condiciones favorables durante esta temporada vacacional.<\/p>\n<p style=\"text-align: justify;\">La gobernadora y la funcionaria federal resaltaron el avance en la entrega de los diferentes <img loading=\"lazy\" decoding=\"async\" class=\"alignleft size-medium wp-image-1258870\" src=\"https:\/\/www.acapulcopress.com\/wp-content\/uploads\/2023\/12\/EVELYN-ARIADNA3-375x263.jpg\" alt=\"\" width=\"375\" height=\"263\" \/>apoyos otorgados por el Gobierno Federal, que hasta el momento han llegado para alrededor de 270 mil familias beneficiadas en Acapulco y Coyuca de Ben\u00edtez.<\/p>\n<p style=\"text-align: justify;\">Cabe se\u00f1alar que hasta el d\u00eda 27 de diciembre del presente a\u00f1o, se han entregado alrededor de 12 mil millones de pesos de manera directa a las familias afectadas en ambos municipios, de acuerdo con lo mencionado por el presidente L\u00f3pez Obrador en su conferencia matutina de este d\u00eda.<\/p>\n<p style=\"text-align: justify;\">En este contexto, la gobernadora agradeci\u00f3 la solidaridad del mandatario federal e indic\u00f3 que se seguir\u00e1n entregando despensas, apoyos y continuar\u00e1 trabajando de manera ardua para la reconstrucci\u00f3n total de Acapulco y Coyuca\u00a0de\u00a0Ben\u00edtez.<\/p>\n<p style=\"text-align: justify;\"><em>) S\u00edguenos: Facebook.com\/<a href=\"https:\/\/www.facebook.com\/acapulcopress.news\" target=\"_blank\" rel=\"noopener\">acapulcopress.news<\/a><\/em><br \/>\n<em>) S\u00edguenos: Facebook.com\/<a href=\"https:\/\/www.facebook.com\/angelblanco.press\" target=\"_blank\" rel=\"noopener\">angelblanco.press<\/a><\/em><br \/>\n<em>) Vis\u00edtanos: acapulcopress.com<\/em><\/p>\n","protected":false},"excerpt":{"rendered":"<p>ACAPULCO * Diciembre 28, 2023. ) Gobierno de Guerrero La gobernadora, Evelyn Salgado Pineda recibi\u00f3 a la secretaria de Bienestar Federal, Ariadna Montiel Reyes, con quien revis\u00f3 los avances del Plan de Apoyo para la Reconstrucci\u00f3n de Viviendas y Locales en Acapulco y Coyuca de Ben\u00edtez, destacando que el balance es positivo con la entrega&#8230;<\/p>\n","protected":false},"author":2,"featured_media":1258868,"comment_status":"closed","ping_status":"closed","sticky":false,"template":"","format":"standard","meta":{"footnotes":""},"categories":[1972,1983,18561],"tags":[4115,8251],"class_list":["post-1258867","post","type-post","status-publish","format-standard","has-post-thumbnail","hentry","category-special","category-guerrerogob","category-society-politics","tag-ariadna-montiel-reyes","tag-evelyn-salgado-pineda"],"_links":{"self":[{"href":"https:\/\/www.acapulcopress.com\/index.php\/wp-json\/wp\/v2\/posts\/1258867","targetHints":{"allow":["GET"]}}],"collection":[{"href":"https:\/\/www.acapulcopress.com\/index.php\/wp-json\/wp\/v2\/posts"}],"about":[{"href":"https:\/\/www.acapulcopress.com\/index.php\/wp-json\/wp\/v2\/types\/post"}],"author":[{"embeddable":true,"href":"https:\/\/www.acapulcopress.com\/index.php\/wp-json\/wp\/v2\/users\/2"}],"replies":[{"embeddable":true,"href":"https:\/\/www.acapulcopress.com\/index.php\/wp-json\/wp\/v2\/comments?post=1258867"}],"version-history":[{"count":0,"href":"https:\/\/www.acapulcopress.com\/index.php\/wp-json\/wp\/v2\/posts\/1258867\/revisions"}],"wp:featuredmedia":[{"embeddable":true,"href":"https:\/\/www.acapulcopress.com\/index.php\/wp-json\/"}],"wp:attachment":[{"href":"https:\/\/www.acapulcopress.com\/index.php\/wp-json\/wp\/v2\/media?parent=1258867"}],"wp:term":[{"taxonomy":"category","embeddable":true,"href":"https:\/\/www.acapulcopress.com\/index.php\/wp-json\/wp\/v2\/categories?post=1258867"},{"taxonomy":"post_tag","embeddable":true,"href":"https:\/\/www.acapulcopress.com\/index.php\/wp-json\/wp\/v2\/tags?post=1258867"}],"curies":[{"name":"wp","href":"https:\/\/api.w.org\/{rel}","templated":true}]}}