{"id":1258872,"date":"2023-12-29T10:57:08","date_gmt":"2023-12-29T16:57:08","guid":{"rendered":"https:\/\/www.acapulcopress.com\/?p=1258872"},"modified":"2023-12-29T10:57:08","modified_gmt":"2023-12-29T16:57:08","slug":"megafarmacia-impulsada-por-amlo-panacea-o-demagogia","status":"publish","type":"post","link":"https:\/\/www.acapulcopress.com\/index.php\/2023\/12\/29\/megafarmacia-impulsada-por-amlo-panacea-o-demagogia\/","title":{"rendered":"Megafarmacia impulsada por AMLO, \u00bfpanacea o demagogia?"},"content":{"rendered":"<p style=\"text-align: justify;\"><em>Para los expertos es un proyecto que se ha echado a andar sin planeaci\u00f3n ni presupuesto y que plantea m\u00e1s dudas que soluciones.<\/em><\/p>\n<p>CIUDAD DE M\u00c9XICO * Diciembre 29, 2023.<br \/>\n<em>) AP<br \/>\n<\/em>Mexico quiere tener un almac\u00e9n \u201ccon todas las medinas del mundo\u201d, una especie de banco de medicamentos desde el que se pueda atender cualquier necesidad de forma r\u00e1pida en cualquier punto de un pa\u00eds extenso (de casi 2 millones de km2) de complicada geograf\u00eda, muy heterog\u00e9neo y donde existen problemas de abastecimiento de medicinas.<\/p>\n<p style=\"text-align: justify;\">El presidente Andr\u00e9s Manuel L\u00f3pez Obrador se prepara para inaugurar el viernes la llamada \u201cmegafarmacia\u201d que estar\u00e1 dirigido por un general, aunque no se sabe c\u00f3mo.<\/p>\n<p style=\"text-align: justify;\">Para los expertos es un proyecto que se ha echado a andar sin planeaci\u00f3n ni presupuesto y que plantea m\u00e1s dudas que soluciones.<\/p>\n<p style=\"text-align: justify;\">De momento, tendr\u00e1 una bodega de 40.000 metros cuadros que operar\u00e1 en el estado central de M\u00e9xico, vecino a la capital mexicana, y ser\u00e1 manejada por una empresa estatal al mando del proyecto Birmex, dirigida por un militar. La intenci\u00f3n, seg\u00fan adelant\u00f3 L\u00f3pez Obrador, es que pueda abastecer a todos los hospitales y centros de salud del pa\u00eds en un plazo entre 24 a 48 horas con el f\u00e1rmaco que se necesite.<\/p>\n<p style=\"text-align: justify;\">El mandatario indic\u00f3 que Birmex contar\u00e1 con el apoyo de las fuerzas armadas para el transporte terrestre y a\u00e9reo de los medicamentos, pero no ofreci\u00f3 detalles.<\/p>\n<p style=\"text-align: justify;\">M\u00e9xico tiene un sistema de salud p\u00fablico muy fragmentado y desarticulado \u2014varias entidades nacionales que dan servicio a poblaciones distintas m\u00e1s los servicios estatales\u2014 y en medio siempre ha habido un sistema de compra y distribuci\u00f3n de medicamentos marcado por la corrupci\u00f3n, coinciden los expertos.<\/p>\n<p style=\"text-align: justify;\">En 2019 el modelo de compra cambi\u00f3. La Secretar\u00eda de Hacienda lo centraliz\u00f3 y se separ\u00f3 el proceso de distribuci\u00f3n, antes coordinado por las farmac\u00e9uticas, y que qued\u00f3 en manos del Estado.<\/p>\n<p style=\"text-align: justify;\">El objetivo: luchar contra la corrupci\u00f3n que muy pocos niegan. El resultado: el desabasto.<\/p>\n<p style=\"text-align: justify;\">Seg\u00fan \u201cCero Desabasto\u201d, conformado por distintos colectivos sociales mexicanos, las cifras de la falta de medicinas pasaron del mill\u00f3n y medio de recetas no surtidas de forma efectiva en 2019, a los 22 millones de 2021, aunque obviamente la pandemia fue un factor determinante, seg\u00fan expertos.<\/p>\n<p style=\"text-align: justify;\">El acuerdo entre M\u00e9xico y la ONU firmado en 2020 para que su oficina de servicios centralizara las compras, pagos y entrega de medicamentos en la capital fue muy elogiado. En 2022 hubo mejoras, pero el desabasto continu\u00f3: 12,5 millones de recetas no surtidas.<\/p>\n<p style=\"text-align: justify;\">El mismo colectivo registr\u00f3 un aumento de 142% entre 2021 y 2022 en el n\u00famero de alertas emitidas por autoridades federales relativas a la falsificaci\u00f3n y adulteraci\u00f3n de medicamentos.<\/p>\n<p style=\"text-align: justify;\">Las razones de la falta de medicamentos var\u00edan seg\u00fan a quien se pregunte.<\/p>\n<p style=\"text-align: justify;\">Seg\u00fan el presidente, las farmac\u00e9uticas que vieron cancelados sus contratos se vengaron boicoteando la entrega de medicinas muy espec\u00edficas, como las oncol\u00f3gicas. Seg\u00fan el sector, hubo mala gesti\u00f3n p\u00fablica que cre\u00f3 un \u201ccuello de botella\u201d en la distribuci\u00f3n, en palabras de Rafael Gual, director de C\u00e1mara Nacional de la Industria Farmac\u00e9utica.<\/p>\n<p style=\"text-align: justify;\">En medio, la poblaci\u00f3n afectada, como los padres de ni\u00f1os con c\u00e1ncer que, en varias ocasiones en los \u00faltimos a\u00f1os han salido a las calles para exigir soluciones a las autoridades.<\/p>\n<p style=\"text-align: justify;\">El 2 de agosto el presidente inform\u00f3 por primera vez de su idea \u201cpara darle una salida definitiva al desabasto\u201d: la farmacia \u201ccon todas, todas, todas las medicinas del mundo\u201d.<\/p>\n<p style=\"text-align: justify;\">Los expertos no se atreven a valorar una iniciativa cuyo detalle nadie conoce.<\/p>\n<p style=\"text-align: justify;\">Mauricio Rodr\u00edguez, profesor de la facultad de Medicina de la Universidad Nacional Aut\u00f3noma de M\u00e9xico, enumera un sinf\u00edn de preguntas sin respuesta: \u00bfA qui\u00e9n va a surtir? \u00bfTendr\u00e1 insumos o solo medicamentos y \u00bftodos? \u00bflos de uso general? \u00bfC\u00f3mo se har\u00e1 la distribuci\u00f3n? \u00bfCamiones? \u00bfAvionetas? \u00bfEn veh\u00edculos militares? \u00bfO se va a consolidar la entrega a los estados?\u00bb<\/p>\n<p style=\"text-align: justify;\">\u201cEs una locura\u201d, resume Rodr\u00edguez. A su juicio, se corre el riesgo de duplicar la capacidad de almacenamiento de los sistemas de salud actuales, o de situar en un solo lugar demasiados insumos, con los peligros que puede suponer eso. Y, en su opini\u00f3n, nada garantiza que con esta estrategia se acabe la corrupci\u00f3n.<\/p>\n<p style=\"text-align: justify;\">Desde la industria, Gual recuerda que todo debe estar milimetradamente planificado para que funcione y tener muy claro la demanda a cubrir. Seg\u00fan explic\u00f3, se necesitan cuatro meses desde que se planea una compra hasta que este producto llega a un hospital porque hay que pedir el principio activo, que seg\u00fan Gual en el 85% de casos es importado; luego se fabrica y por \u00faltimo se distribuye.<\/p>\n<p style=\"text-align: justify;\">Tanto Gual como Rodr\u00edguez coinciden en que Birmex \u2014que tradicionalmente era fabricante de vacunas\u2014 no tiene capacidad ni presupuesto para ser distribuidor y aunque hizo ese trabajo durante la pandemia, una cosa es repartir un solo tipo de productos que mil.<\/p>\n<p style=\"text-align: justify;\">El m\u00e9dico cirujano mexicano Xavier Tello, que public\u00f3 en el 2022 el libro \u201cLa Tragedia del Desabasto\u201d, va m\u00e1s all\u00e1. Tello dijo a la AP que Birmex ni las fuerzas armadas han mostrado alguna experiencia para manejar algo tan complejo como lo es manejo y la distribuci\u00f3n de medicamentos.<\/p>\n<p style=\"text-align: justify;\">Desde la Organizaci\u00f3n Mundial de la Salud (OMS), el doctor Jos\u00e9 Moya, su representante en M\u00e9xico, defiende que puede haber estrategias centralizadas de abastecimiento de medicinas pero subraya que deben tener una cadena log\u00edstica impecable con apropiado seguimiento para que sean eficaces porque no solo hay que almacenar en condiciones muy concretas los productos, sino que de deben tener movilidad, porque las medicinas caducan.<\/p>\n<p style=\"text-align: justify;\">Y un ejemplo es el mega almac\u00e9n de la OMS en Panam\u00e1, dise\u00f1ado para enviar a los pa\u00edses de la regi\u00f3n insumos b\u00e1sicos en caso de cat\u00e1strofes naturales, brotes de dengue o epidemias respiratorias, por ejemplo.<\/p>\n<p style=\"text-align: justify;\">\u201cSi se est\u00e1 pensando en un almac\u00e9n de esta naturaleza es porque hay una necesidad\u201d, dijo. \u201cY eso tiene que estar bien organizado\u201d.<\/p>\n<p style=\"text-align: justify;\">) S\u00edguenos: Facebook.com\/acapulcopress.news<br \/>\n) S\u00edguenos: Facebook.com\/angelblanco.press<br \/>\n) Vis\u00edtanos: acapulcopress.com<\/p>\n<p style=\"text-align: justify;\">https:\/\/www.facebook.com\/acapulcopress.news<br \/>\nhttps:\/\/www.facebook.com\/angelblanco.press<\/p>\n","protected":false},"excerpt":{"rendered":"<p>Para los expertos es un proyecto que se ha echado a andar sin planeaci\u00f3n ni presupuesto y que plantea m\u00e1s dudas que soluciones. CIUDAD DE M\u00c9XICO * Diciembre 29, 2023. ) AP Mexico quiere tener un almac\u00e9n \u201ccon todas las medinas del mundo\u201d, una especie de banco de medicamentos desde el que se pueda atender&#8230;<\/p>\n","protected":false},"author":2,"featured_media":1258873,"comment_status":"closed","ping_status":"closed","sticky":false,"template":"","format":"standard","meta":{"footnotes":""},"categories":[1969,1972,1989],"tags":[4755,12894],"class_list":["post-1258872","post","type-post","status-publish","format-standard","has-post-thumbnail","hentry","category-trending","category-special","category-noticias-generales","tag-birmex","tag-megafarmacia-mexico"],"_links":{"self":[{"href":"https:\/\/www.acapulcopress.com\/index.php\/wp-json\/wp\/v2\/posts\/1258872","targetHints":{"allow":["GET"]}}],"collection":[{"href":"https:\/\/www.acapulcopress.com\/index.php\/wp-json\/wp\/v2\/posts"}],"about":[{"href":"https:\/\/www.acapulcopress.com\/index.php\/wp-json\/wp\/v2\/types\/post"}],"author":[{"embeddable":true,"href":"https:\/\/www.acapulcopress.com\/index.php\/wp-json\/wp\/v2\/users\/2"}],"replies":[{"embeddable":true,"href":"https:\/\/www.acapulcopress.com\/index.php\/wp-json\/wp\/v2\/comments?post=1258872"}],"version-history":[{"count":0,"href":"https:\/\/www.acapulcopress.com\/index.php\/wp-json\/wp\/v2\/posts\/1258872\/revisions"}],"wp:featuredmedia":[{"embeddable":true,"href":"https:\/\/www.acapulcopress.com\/index.php\/wp-json\/"}],"wp:attachment":[{"href":"https:\/\/www.acapulcopress.com\/index.php\/wp-json\/wp\/v2\/media?parent=1258872"}],"wp:term":[{"taxonomy":"category","embeddable":true,"href":"https:\/\/www.acapulcopress.com\/index.php\/wp-json\/wp\/v2\/categories?post=1258872"},{"taxonomy":"post_tag","embeddable":true,"href":"https:\/\/www.acapulcopress.com\/index.php\/wp-json\/wp\/v2\/tags?post=1258872"}],"curies":[{"name":"wp","href":"https:\/\/api.w.org\/{rel}","templated":true}]}}