{"id":1258941,"date":"2025-06-29T19:37:36","date_gmt":"2025-06-30T01:37:36","guid":{"rendered":"https:\/\/www.acapulcopress.com\/?p=1258941"},"modified":"2025-07-04T08:09:22","modified_gmt":"2025-07-04T14:09:22","slug":"congreso-aprobo-hasta-dos-dias-de-licencia-mentrual-con-goce-de-sueldo","status":"publish","type":"post","link":"https:\/\/www.acapulcopress.com\/index.php\/2025\/06\/29\/congreso-aprobo-hasta-dos-dias-de-licencia-mentrual-con-goce-de-sueldo\/","title":{"rendered":"Congreso aprob\u00f3 hasta dos d\u00edas de licencia mentrual con goce de sueldo"},"content":{"rendered":"<p>CHILPANCINGO * 29 de junio 2025<br \/>\n)<em> LXVI legislatura | Guerrero<\/em><br \/>\nEl Poder Legislativo aprob\u00f3 adiciones a la Ley de Trabajo de los Servidores P\u00fablicos del Estado y a la Ley Estatuto de los Trabajadores al Servicio del Estado, de los municipios y de los organismos p\u00fablicos coordinados y descentralizados, para otorgar licencia menstrual con goce de sueldo de hasta un m\u00e1ximo de dos d\u00edas por mes a trabajadoras que han sido diagnosticadas m\u00e9dicamente con dismenorrea primaria o secundaria, a fin de garantizar su derecho a la salud y bienestar laboral.<\/p>\n<p>Al fundamentar el dictamen, el diputado <strong>Marco Tulio S\u00e1nchez Alarc\u00f3n<\/strong>, presidente de la Comisi\u00f3n de Desarrollo Econ\u00f3mico y Trabajo, explic\u00f3 que la iniciativa de adici\u00f3n presentada por la diputada<strong> Mar\u00eda de Jes\u00fas Galena Radilla<\/strong> es aprobada en sentido positivo y no contraviene con lo establecido en el marco jur\u00eddico federal y estatal, por el contrario, refuerza que todas las personas tienen derecho a la protecci\u00f3n de la salud como un derecho fundamental e irrenunciable.<\/p>\n<p>Dijo que las diputadas y diputados integrantes de esta Comisi\u00f3n consideran que la incorporaci\u00f3n de la licencia menstrual coadyuva a la acci\u00f3n afirmativa de pol\u00edtica p\u00fablica que busca atender de manera espec\u00edfica las necesidades m\u00e9dicas y de bienestar de las mujeres trabajadoras que sufren dismenorrea, asegurando que puedan mantener condiciones laborales \u00f3ptimas sin detrimento de su salud.<\/p>\n<p>S\u00e1nchez Alarc\u00f3n dijo que con la aprobaci\u00f3n de la licencia menstrual el Congreso de Guerrero da cumplimiento a las recomendaciones internacionales y nacionales en materia de derechos humanos laborales y de g\u00e9nero, as\u00ed como seguir reforzando ordenamientos locales como la <em>Ley N\u00famero 553 de Acceso de las Mujeres a una Vida Libre de Violencia del Estado,<\/em> que plasma la obligaci\u00f3n del Estado y las instituciones de promover, respetar, proteger y garantizar condiciones laborales libres de violencia y discriminaci\u00f3n hacia las mujeres.<\/p>\n<p>\u201cLa omisi\u00f3n de medidas espec\u00edficas frente a padecimientos derivados de la menstruaci\u00f3n, como es la dismenorrea, podr\u00eda constituir una forma de violencia laboral indirecta o estructural y discriminaci\u00f3n al no proporcionar las condiciones necesarias para la salud y bienestar de las trabajadoras\u201d, refiri\u00f3 el legislador.<\/p>\n<p>Por ello, resalt\u00f3 que esta iniciativa de adici\u00f3n a la<em> Ley de Trabajo de los Servidores P\u00fablicos del Estado<\/em> y a la <em>Ley Estatuto de los Trabajadores al Servicio del Estad<\/em>o, de los Municipios y de los organismos p\u00fablicos, coordinados y descentralizados, refuerza garantizar la igualdad sustantiva en el \u00e1mbito laboral, ofreciendo condiciones laborales justas, equitativas, eliminar el estigma en torno a la menstruaci\u00f3n y reconocer que en algunos casos requiere de ausentarse de su entorno laboral.<\/p>\n<p><em>) acapulcopress.com<\/em><\/p>\n","protected":false},"excerpt":{"rendered":"<p>CHILPANCINGO * 29 de junio 2025 ) LXVI legislatura | Guerrero El Poder Legislativo aprob\u00f3 adiciones a la Ley de Trabajo de los Servidores P\u00fablicos del Estado y a la Ley Estatuto de los Trabajadores al Servicio del Estado, de los municipios y de los organismos p\u00fablicos coordinados y descentralizados, para otorgar licencia menstrual con&#8230;<\/p>\n","protected":false},"author":1,"featured_media":1258942,"comment_status":"closed","ping_status":"open","sticky":false,"template":"","format":"standard","meta":{"footnotes":""},"categories":[2037,61],"tags":[11858,18595,18372,12491,18594],"class_list":["post-1258941","post","type-post","status-publish","format-standard","has-post-thumbnail","hentry","category-congreso-de-guerrero","category-legislacion","tag-ley-de-trabajo-de-los-servidores-publicos-del-estado-de-guerrero-248","tag-ley-numero-553-de-acceso-de-las-mujeres-a-una-vida-libre-de-violencia","tag-lxvi-legislatura-guerrero","tag-marco-tulio-sanchez-alarcon","tag-maria-de-jesus-galena-radilla"],"_links":{"self":[{"href":"https:\/\/www.acapulcopress.com\/index.php\/wp-json\/wp\/v2\/posts\/1258941","targetHints":{"allow":["GET"]}}],"collection":[{"href":"https:\/\/www.acapulcopress.com\/index.php\/wp-json\/wp\/v2\/posts"}],"about":[{"href":"https:\/\/www.acapulcopress.com\/index.php\/wp-json\/wp\/v2\/types\/post"}],"author":[{"embeddable":true,"href":"https:\/\/www.acapulcopress.com\/index.php\/wp-json\/wp\/v2\/users\/1"}],"replies":[{"embeddable":true,"href":"https:\/\/www.acapulcopress.com\/index.php\/wp-json\/wp\/v2\/comments?post=1258941"}],"version-history":[{"count":3,"href":"https:\/\/www.acapulcopress.com\/index.php\/wp-json\/wp\/v2\/posts\/1258941\/revisions"}],"predecessor-version":[{"id":1258998,"href":"https:\/\/www.acapulcopress.com\/index.php\/wp-json\/wp\/v2\/posts\/1258941\/revisions\/1258998"}],"wp:featuredmedia":[{"embeddable":true,"href":"https:\/\/www.acapulcopress.com\/index.php\/wp-json\/wp\/v2\/media\/1258942"}],"wp:attachment":[{"href":"https:\/\/www.acapulcopress.com\/index.php\/wp-json\/wp\/v2\/media?parent=1258941"}],"wp:term":[{"taxonomy":"category","embeddable":true,"href":"https:\/\/www.acapulcopress.com\/index.php\/wp-json\/wp\/v2\/categories?post=1258941"},{"taxonomy":"post_tag","embeddable":true,"href":"https:\/\/www.acapulcopress.com\/index.php\/wp-json\/wp\/v2\/tags?post=1258941"}],"curies":[{"name":"wp","href":"https:\/\/api.w.org\/{rel}","templated":true}]}}