{"id":1258945,"date":"2025-06-30T14:53:46","date_gmt":"2025-06-30T20:53:46","guid":{"rendered":"https:\/\/www.acapulcopress.com\/?p=1258945"},"modified":"2025-06-30T15:07:28","modified_gmt":"2025-06-30T21:07:28","slug":"nombra-sheinbaum-a-gattel-representante-de-mexico-ante-la-oms","status":"publish","type":"post","link":"https:\/\/www.acapulcopress.com\/index.php\/2025\/06\/30\/nombra-sheinbaum-a-gattel-representante-de-mexico-ante-la-oms\/","title":{"rendered":"Nombra Sheinbaum a Gattel representante de M\u00e9xico ante la OMS"},"content":{"rendered":"<p>CIUDAD DE M\u00c9XICO * 30 de junio 2025<br \/>\n<em>) Redacci\u00f3n Aps<br \/>\n<\/em>Responsabilizado por voces civiles diversas, partidos pol\u00edticos y juristas por su omisi\u00f3n y negligencia ante las alertas mundiales que <img loading=\"lazy\" decoding=\"async\" class=\"alignleft wp-image-1258947 size-cmsmasters-square-thumb\" src=\"https:\/\/www.acapulcopress.com\/wp-content\/uploads\/2025\/06\/GATTEL-Y-SHEINBAUM-360x360.png\" alt=\"\" width=\"360\" height=\"360\" srcset=\"https:\/\/www.acapulcopress.com\/wp-content\/uploads\/2025\/06\/GATTEL-Y-SHEINBAUM-360x360.png 360w, https:\/\/www.acapulcopress.com\/wp-content\/uploads\/2025\/06\/GATTEL-Y-SHEINBAUM-150x150.png 150w, https:\/\/www.acapulcopress.com\/wp-content\/uploads\/2025\/06\/GATTEL-Y-SHEINBAUM-70x70.png 70w\" sizes=\"auto, (max-width: 360px) 100vw, 360px\" \/>ocasionaro <strong>7 millones 619 mil 458<\/strong> personas confirmadas de coronavirus y <strong>334 mil 551<\/strong> personas fallecidas durante la pandemia de la <em>Covid-19<\/em> (27 de febrero del 2020 a 9 de mayo del 2023), seg\u00fan datos actualizados al 4 de agosto de 2024 por el sitio \u201c<a href=\"https:\/\/datosmacro.expansion.com\/demografia\/mortalidad\/mexico\" target=\"_blank\" rel=\"noopener\">Datos Macros<\/a>\u201d, del portal E<em>xpansi\u00f3n<\/em>, <strong>Hugo L\u00f3pez-Gatell Ram\u00edrez<\/strong>, exsubsecretario de<em> Prevenci\u00f3n y Promoci\u00f3n de la Salud<\/em> del gobierno de <strong>Andr\u00e9s Manuel L\u00f3pez Obrador<\/strong>, fue pomposa y presuntuosamente confirmado este lunes por la presidente <strong>Claudia Sheinbaum Pardo<\/strong> como representante de M\u00e9xico ante la Organizaci\u00f3n Mundial de la Salud (OMS).<\/p>\n<p>A decir de la exdirectora del <em>Conahcyt,<\/em> <strong>Mar\u00eda Elena \u00c1lvarez-Buylla<\/strong>, el nombramiento es una \u201cgran noticia para las pol\u00edticas de salud p\u00fablica nacionales y mundiales\u201d, en vista que el \u201cDr. Gatell (realiz\u00f3) magn\u00edfica funci\u00f3n en el Gobierno de L\u00f3pez Obrador, donde \u201dayud\u00f3 a salvar tantas vidas\u201d.<\/p>\n<p><strong>YO LO RECOMD\u00c9, YO LO PROPUSE | SHEINBAUM<\/strong><\/p>\n<p>No obstante los antecedentes, \u00b4la presidente Claudia Sheinbaum confirm\u00f3 este lunes que Hugo L\u00f3pez-Gatell, exsubsecretario de Salud en el gobienro de Andr\u00e9s Manuel L\u00f3pez Obrador, ser\u00e1 el representante de M\u00e9xico ante la <em>Organizaci\u00f3n Mundial de la Salud (OMS)<\/em>.<\/p>\n<p>En su conferencia de este lunes, la mandataria nacional explic\u00f3 que el nombramiento del exfuncionario que estuvo a cargo de la pandemia de la Covid-19 no requiere de la aprobaci\u00f3n del Congreso. \u00abYo lo nombr\u00e9; s\u00ed, yo lo propuse\u00bb, dijo la mandataria nacional en su conferencia de este lunes. No obstante, Sheinbaum aclar\u00f3 que todav\u00eda no tiene la fecha exacta en la que L\u00f3pez-Gatell asumir\u00e1 el nombramiento ante la OMS.<\/p>\n<p>\u201c\u00a1Yo lo nombr\u00e9, yo lo propuse! Su nombramiento no requiere de la aprobaci\u00f3n del Congreso\u201d, dijo con presunci\u00f3n enf\u00e1tica Sheinbaum Pardo.<\/p>\n<p><strong>ANTECEDENTES DE GATTEL<\/strong><\/p>\n<p>El 18 de septiembre del 2020, legisladores de Acci\u00f3n Nacional interpusieron denuncia penal ante la <em>Fiscal\u00eda General de la Rep\u00fablica (FGR)<\/em> contra \u00ab<strong>Hugo L\u00f3pez-Gattel Ram\u00edrez<\/strong> y Quienes resulten responsables\u00bb por \u00ablas acciones, omisiomes y negligencias en la atenci\u00f3n y manejo de la pandemia originada por el Covid-19\u00bb.<\/p>\n<p>Al exsubsecretario de Salud del gobierno de Andr\u00e9s Manuel L\u00f3pez Obrador se le hall\u00f3 responsable de las muertes y contagios en aumento por \u00abdeficiente, incurriendo en actos, omisiones y\/o negligencias que atentan contra los bienes jur\u00eddicos tutelados penalmente como la vida y la salud de las personas y que deber\u00e1n reparar los da\u00f1os y perjuicios causados a las v\u00edctimas, por las conductas il\u00edcitas que se mencionan en la presente denuncia\u00bb.<br \/>\n<em>) <a href=\"https:\/\/www.pan.senado.gob.mx\/wp-content\/uploads\/2020\/09\/2020.09.18-DenunciaFGR_Covid2020.pdf\">https:\/\/www.pan.senado.gob.mx\/wp-content\/uploads\/2020\/09\/2020.09.18-DenunciaFGR_Covid2020.pdf<\/a><\/em><\/p>\n<p>El 20 de enero del 2022, tras varias denuncias civiles acumuladas, un juez federal orden\u00f3 a la Fiscal\u00eda General de la Rep\u00fablica (FGR) iniciar una carpeta de investigaci\u00f3n en contra del subsecretario de Prevenci\u00f3n y Promoci\u00f3n de la Salud, Hugo L\u00f3pez-Gatell , por las muertes provocadas por la pandemia de Covid-19 en M\u00e9xico. M\u00e1s tarde, la misma FGR desech\u00f3 las investigacione.<br \/>\n<em>) <a href=\"https:\/\/www.excelsior.com.mx\/nacional\/investigacion-fgr-hugo-lopez-gatell-por-muertes-covid\/1494003\" target=\"_blank\" rel=\"noopener\">https:\/\/www.excelsior.com.mx\/nacional\/investigacion-fgr-hugo-lopez-gatell-por-muertes-covid\/1494003<\/a><\/em><\/p>\n<p>Sin embargo, despu\u00e9s de tantas impugnaciones y m\u00e1s casos surgidos, apenas el 10 de mayo de 2023 (hace m\u00e1s de un a\u00f1o), un juez federal orden\u00f3 a la Fiscal\u00eda General de la Rep\u00fablica (FGR) \u00abretomar la investigaci\u00f3n contra Hugo L\u00f3pez-Gatell\u00bb para \u00abdeterminar su responsabilidad en las muertes ocasionadas por la pandemia de covid-19\u00bb.<\/p>\n<p>Y es que, en representaci\u00f3n de familiares de dos v\u00edctimas de Covid-19, en 2021, el despacho Coello &amp; Trejo emprendi\u00f3 desde noviembre del 2020 (despu\u00e9s de la denuncia interpuesta por Acci\u00f3n Penal en septiembre de ese a\u00f1o), una denuncia contra L\u00f3pez-Gatell por su \u00abfalta de cuidado, negligencia y el debido ejercicio de la funci\u00f3n p\u00fablica, por sus declaraciones que minimizaban la pandemia, el uso de cubrebocas, la aplicaci\u00f3n de pruebas de detecci\u00f3n, entre otros hechos\u00bb.<\/p>\n<p>Aunque el 23 de marzo del 2023 el Ministerio P\u00fablico de la Federaci\u00f3n determin\u00f3 el no ejercicio de la acci\u00f3n penal en contra de Hugo L\u00f3pez-Gatell y otros funcionarios de la Secretar\u00eda de Salud, el 2 de mayo del mismo a\u00f1o, el juez Arturo Medel Casquera #revoc\u00f3 la resoluci\u00f3n de no ejercicio de la acci\u00f3n penal de marzo del 2023, por considerar que \u00abse debe investigar los hechos denunciados con base en el C\u00f3digo Penal Federal, de manera concreta un evento de #homicidio, contemplado en el art\u00edculo 302, adem\u00e1s de en relaci\u00f3n con el 307 del c\u00f3digo sustantivo de comisi\u00f3n por omisi\u00f3n, es decir, que tiene relaci\u00f3n precisamente con lo que establece el art\u00edculo 7 del c\u00f3digo sustantivo en el sentido siguiente: dicen los delitos de resultado materia tambi\u00e9n ser\u00e1 atribuible a resultado at\u00edpico producido al que omite impedirlo si \u00e9ste ten\u00eda el deber jur\u00eddico de evitarlo\u201d.<br \/>\n<em>) <a href=\"https:\/\/www.eleconomista.com.mx\/politica\/Juez-ordena-investigar-la-labor-de-Lopez-Gatell-durante-la-pandemia-por-presunta-negligencia-20230510-0069.html\" target=\"_blank\" rel=\"noopener\">https:\/\/www.eleconomista.com.mx\/politica\/Juez-ordena-investigar-la-labor-de-Lopez-Gatell-durante-la-pandemia-por-presunta-negligencia-20230510-0069.html<\/a><\/em><\/p>\n<p>Mientras L\u00f3pez-Gattel est\u00e1 sujeto a investigaci\u00f3n por \u00abhomicidio, omisi\u00f3n y negligencia\u00bb por las muertes y contagios en la pandemia del Covid-19, Claudia sheinbaum decidi\u00f3 premiarlo con la representaci\u00f3n nacional ante la OMS, lamentan en redes sociales.<br \/>\n) acapulcopress.com<\/p>\n","protected":false},"excerpt":{"rendered":"<p>CIUDAD DE M\u00c9XICO * 30 de junio 2025 ) Redacci\u00f3n Aps Responsabilizado por voces civiles diversas, partidos pol\u00edticos y juristas por su omisi\u00f3n y negligencia ante las alertas mundiales que ocasionaro 7 millones 619 mil 458 personas confirmadas de coronavirus y 334 mil 551 personas fallecidas durante la pandemia de la Covid-19 (27 de febrero&#8230;<\/p>\n","protected":false},"author":1,"featured_media":1258946,"comment_status":"closed","ping_status":"open","sticky":false,"template":"","format":"standard","meta":{"footnotes":""},"categories":[1997],"tags":[3896,5853,18596,6701,8691,9942,12557,14033],"class_list":["post-1258945","post","type-post","status-publish","format-standard","has-post-thumbnail","hentry","category-noticias-destacadas","tag-andres-manuel-lopez-obrador","tag-claudia-sheinbaum-pardo","tag-conahcyt","tag-covid-19","tag-fiscalia-general-de-la-republica-fgr","tag-hugo-lopez-gatell-ramirez","tag-maria-elena-alvarez-buylla","tag-organizacion-mundial-de-la-salud-oms"],"_links":{"self":[{"href":"https:\/\/www.acapulcopress.com\/index.php\/wp-json\/wp\/v2\/posts\/1258945","targetHints":{"allow":["GET"]}}],"collection":[{"href":"https:\/\/www.acapulcopress.com\/index.php\/wp-json\/wp\/v2\/posts"}],"about":[{"href":"https:\/\/www.acapulcopress.com\/index.php\/wp-json\/wp\/v2\/types\/post"}],"author":[{"embeddable":true,"href":"https:\/\/www.acapulcopress.com\/index.php\/wp-json\/wp\/v2\/users\/1"}],"replies":[{"embeddable":true,"href":"https:\/\/www.acapulcopress.com\/index.php\/wp-json\/wp\/v2\/comments?post=1258945"}],"version-history":[{"count":3,"href":"https:\/\/www.acapulcopress.com\/index.php\/wp-json\/wp\/v2\/posts\/1258945\/revisions"}],"predecessor-version":[{"id":1258951,"href":"https:\/\/www.acapulcopress.com\/index.php\/wp-json\/wp\/v2\/posts\/1258945\/revisions\/1258951"}],"wp:featuredmedia":[{"embeddable":true,"href":"https:\/\/www.acapulcopress.com\/index.php\/wp-json\/wp\/v2\/media\/1258946"}],"wp:attachment":[{"href":"https:\/\/www.acapulcopress.com\/index.php\/wp-json\/wp\/v2\/media?parent=1258945"}],"wp:term":[{"taxonomy":"category","embeddable":true,"href":"https:\/\/www.acapulcopress.com\/index.php\/wp-json\/wp\/v2\/categories?post=1258945"},{"taxonomy":"post_tag","embeddable":true,"href":"https:\/\/www.acapulcopress.com\/index.php\/wp-json\/wp\/v2\/tags?post=1258945"}],"curies":[{"name":"wp","href":"https:\/\/api.w.org\/{rel}","templated":true}]}}