{"id":1258953,"date":"2025-07-02T19:02:48","date_gmt":"2025-07-03T01:02:48","guid":{"rendered":"https:\/\/www.acapulcopress.com\/?p=1258953"},"modified":"2025-07-02T19:26:01","modified_gmt":"2025-07-03T01:26:01","slug":"abelina-lopez-hazmerreir-de-morena-a-nivel-nacional","status":"publish","type":"post","link":"https:\/\/www.acapulcopress.com\/index.php\/2025\/07\/02\/abelina-lopez-hazmerreir-de-morena-a-nivel-nacional\/","title":{"rendered":"Abelina L\u00f3pez, hazmerre\u00edr de Morena a nivel nacional\u00a0"},"content":{"rendered":"<p>Marem\u00e1gnum<br \/>\n\u00bb <a href=\"https:\/\/www.facebook.com\/ricardocastill01\" target=\"_blank\" rel=\"noopener\"><strong>RICARDO<\/strong> |<strong> CASTILLO BARRIENTOS<\/strong><\/a><\/p>\n<p>En los \u00faltimos cuatro a\u00f1os, el puerto de Acapulco se ha convertido en noticia nacional de primera plana en la prensa, televisi\u00f3n, radio y medios digitales, a ra\u00edz de los turbulentos fen\u00f3menos hidrometeorol\u00f3gicos y las frecuentes e irracionales declaraciones de la alcaldesa, <strong>Abelina L\u00f3pez Rodr\u00edguez<\/strong>, siempre fuera de lugar.<\/p>\n<p>Cuando fue diputada federal por el IV distrito federal, en el periodo 2018-2021, se dio a conocer en los medios nacionales al aseverar desde la tribuna del Congreso de la Uni\u00f3n, que como litigante hab\u00eda sobornado a un juez federal con 20 mil pesos, a fin le concediera un \u201cjuicio abreviado\u201d, para favorecer a uno de sus clientes.<\/p>\n<p>Desde esa primera declaraci\u00f3n hasta la \u00faltima, referente al \u201cdi\u00f3xido de carbono\u201d, Abelina L\u00f3pez ha sido v\u00edctima de su propia verborrea, en otras palabras, cuando abre la boca se da el cl\u00e1sico \u201ctiro en el pie\u201d, provocando cr\u00edticas acres, erigi\u00e9ndose en el hazmerre\u00edr de la gente local, estatal y nacional.<\/p>\n<p>Nadie en absoluto de sus asesores y colaboradores la hace reflexionar para que modifique su actitud y evite improvisar sus sandeces, las cuales se transforman en caricaturas, memes, canciones o poemas chuscos, siendo la \u201ccomidilla del d\u00eda\u201d, en conversaciones cotidianas o en reuniones sociales.<\/p>\n<p>Lamentablemente quien paga el \u201cpato\u201d es la poblaci\u00f3n acapulque\u00f1a y desde afuera se preguntan, \u201ccomo era posible eligieran y reeligieran a semejante ignara del puerto m\u00e1s hermoso de M\u00e9xico\u201d. Claro, ese es el nivel promedio de la clase pol\u00edtica de Guerrero, para muestra basta un bot\u00f3n con Abelina L\u00f3pez.<\/p>\n<p>Quien est\u00e1 pagando caro las consecuencias es el partido que la llev\u00f3 al poder municipal, desde donde aspira dar el paso siguiente es su mete\u00f3rica carrera pol\u00edtica: la gubernatura de Guerrero. \u00a1Dios nos libre de semejante aberraci\u00f3n!<\/p>\n<p>Sea como sea, debemos reconocer las habilidades de Abelina L\u00f3pez para colocarse en el sitial donde se encuentra, desde ah\u00ed est\u00e1 sorteando infinidad de batallas originadas por ella misma, principalmente, en la operatividad de la administraci\u00f3n municipal, que muestra graves deficiencias en asuntos de seguridad p\u00fablica, suministro de agua potable y drenaje, recolecci\u00f3n de basura y otros servicios, en lo particular, la falta de transparencia en el manejo de los recursos p\u00fablicos, lo cual le ha ocasionado verse envuelta en litigios financieros, en los \u00f3rganos de administraci\u00f3n de justicia.<\/p>\n<p>El nombre de la alcaldesa de Acapulco y sus frecuentes sandeces, son tomados como ejemplo a nivel nacional para golpear a Morena, en momentos previos a las elecciones federales y locales en 2027, convirti\u00e9ndose un lastre para el partido <em>obradorista<\/em>, que ha impulsado sus habilidades y astucias.<\/p>\n<p>Existe un rechazo casi generalizado hacia la edil porte\u00f1a, qui\u00e9n ha resultada beneficiada del factor AMLO, el hurac\u00e1n <em>Otis <\/em>y Marcelo Ebrard, sin esos elementos y apoyos nunca estar\u00eda sentada en el mullido sill\u00f3n municipal.<\/p>\n<p><strong>Marea Baja.-<\/strong> El magistrado Jes\u00fas Mart\u00ednez Garnelo es uno de los abogados m\u00e1s galardonados en Guerrero, M\u00e9xico y Am\u00e9rica Latina, por sus sesudas investigaciones jur\u00eddicas y acad\u00e9micas, siendo ahora objeto del reconocimiento denominado \u201cMexicanos de \u00c9xito\u201d, avalado por siete academias nacionales e internacionales.<\/p>\n<p>El emblem\u00e1tico reconocimiento que fue objeto el ameritado maestro Mart\u00ednez Garnelo, dice: \u201cPorque con su trabajo y trayectoria inspira a las nuevas generaciones\u201d, as\u00ed como la medalla \u201cMexicanos de \u00c9xito\u201d, inspirando nuevas generaciones. El evento fue celerado en el Teatro Centenario Coyoac\u00e1n, en la Ciudad de M\u00e9xico.<\/p>\n<p><strong>Marea Alta.-<\/strong> Una gran psicosis se ha venido generando con eso de las tormentas tropicales, ciclones y huracanes, porque la gente ya vive\u00a0 \u201ccon el Jes\u00fas en a boca\u201d, esperando en mala hora que uno de esos fen\u00f3menos naturales arrase con sus bienes o vidas.<\/p>\n<p>El huracansito <em>Flossi<\/em>e despert\u00f3 temor entre los pobladores de las costas, Acapulco, Chilpancingo y La Monta\u00f1a, afortunadamente pas\u00f3 de largo y no pudo hacer de las suyas en territorio guerrerense.<\/p>\n<p>Sin embargo, ahora estamos m\u00e1s preparados para hacer frente a estas adversidades clim\u00e1ticas, al asumirse medidas preventivas como el tapiado de fachadas y la protecci\u00f3n de ventanales con cintas adhesivas, adem\u00e1s de otra serie de acciones.<\/p>\n<p><strong>Maremoto.-<\/strong> Ya est\u00e1 el material de bronce requerido para la construcci\u00f3n de la estatua en honor del \u201calcalde m\u00e1rtir de Chilpancingo\u201d, Alejandro Arcos Catal\u00e1n, as\u00ed lo anunci\u00f3 la Asociaci\u00f3n Civil que lleva su nombre.<\/p>\n<p>En breve se iniciar\u00e1 la elaboraci\u00f3n de la estatua, as\u00ed lo dio a conocer la coordinadora de la Asociaci\u00f3n Civil, Angela Memije Alarc\u00f3n, con la aportaci\u00f3n de la poblaci\u00f3n chilpancingue\u00f1a y de todas las personas que se sumen a rendir un merecido homenaje al extinto ex alcalde de la capital del estado.<br \/>\n<em>) acapulcopress.com<\/em><\/p>\n","protected":false},"excerpt":{"rendered":"<p>Marem\u00e1gnum | En los \u00faltimos cuatro a\u00f1os, el puerto de Acapulco se ha convertido en noticia nacional de primera plana en la prensa, televisi\u00f3n, radio y medios digitales,<\/p>\n","protected":false},"author":1,"featured_media":1258954,"comment_status":"closed","ping_status":"open","sticky":false,"template":"","format":"standard","meta":{"footnotes":""},"categories":[2071,1991],"tags":[3077,12503,15575],"class_list":["post-1258953","post","type-post","status-publish","format-standard","has-post-thumbnail","hentry","category-opinion-analisis-columnas","category-libertad-de-expresion","tag-abelina-lopez-rodriguez","tag-maremagnum","tag-ricardo-castillo-barrientos"],"_links":{"self":[{"href":"https:\/\/www.acapulcopress.com\/index.php\/wp-json\/wp\/v2\/posts\/1258953","targetHints":{"allow":["GET"]}}],"collection":[{"href":"https:\/\/www.acapulcopress.com\/index.php\/wp-json\/wp\/v2\/posts"}],"about":[{"href":"https:\/\/www.acapulcopress.com\/index.php\/wp-json\/wp\/v2\/types\/post"}],"author":[{"embeddable":true,"href":"https:\/\/www.acapulcopress.com\/index.php\/wp-json\/wp\/v2\/users\/1"}],"replies":[{"embeddable":true,"href":"https:\/\/www.acapulcopress.com\/index.php\/wp-json\/wp\/v2\/comments?post=1258953"}],"version-history":[{"count":2,"href":"https:\/\/www.acapulcopress.com\/index.php\/wp-json\/wp\/v2\/posts\/1258953\/revisions"}],"predecessor-version":[{"id":1258956,"href":"https:\/\/www.acapulcopress.com\/index.php\/wp-json\/wp\/v2\/posts\/1258953\/revisions\/1258956"}],"wp:featuredmedia":[{"embeddable":true,"href":"https:\/\/www.acapulcopress.com\/index.php\/wp-json\/wp\/v2\/media\/1258954"}],"wp:attachment":[{"href":"https:\/\/www.acapulcopress.com\/index.php\/wp-json\/wp\/v2\/media?parent=1258953"}],"wp:term":[{"taxonomy":"category","embeddable":true,"href":"https:\/\/www.acapulcopress.com\/index.php\/wp-json\/wp\/v2\/categories?post=1258953"},{"taxonomy":"post_tag","embeddable":true,"href":"https:\/\/www.acapulcopress.com\/index.php\/wp-json\/wp\/v2\/tags?post=1258953"}],"curies":[{"name":"wp","href":"https:\/\/api.w.org\/{rel}","templated":true}]}}