{"id":1258960,"date":"2025-07-02T20:10:51","date_gmt":"2025-07-03T02:10:51","guid":{"rendered":"https:\/\/www.acapulcopress.com\/?p=1258960"},"modified":"2025-07-02T20:33:28","modified_gmt":"2025-07-03T02:33:28","slug":"comision-covid-mexico-rechazo-nombramiento-de-gattel-ante-oms","status":"publish","type":"post","link":"https:\/\/www.acapulcopress.com\/index.php\/2025\/07\/02\/comision-covid-mexico-rechazo-nombramiento-de-gattel-ante-oms\/","title":{"rendered":"Comisi\u00f3n Covid M\u00e9xico rechaz\u00f3 nombramiento de Gattel ante OMS"},"content":{"rendered":"<p>CIUDAD DE M\u00c9XICO * 2 de julio 2025<br \/>\n<em>) <a href=\"https:\/\/latinus.us\/mexico\/2025\/7\/2\/comision-de-investigacion-sobre-la-covid-19-rechaza-el-nombramiento-de-lopez-gatell-como-representante-ante-la-oms-145906.html\" target=\"_blank\" rel=\"noopener\">LatinUs<\/a><\/em><br \/>\nComisi\u00f3n Independiente de Investigaci\u00f3n sobre la Pandemia de Covid-19 en M\u00e9xico rechaz\u00f3 este mi\u00e9rcoles el nombramiento de <strong>Hugo L\u00f3pez-Gatell<\/strong> como representante ante la <em>Organizaci\u00f3n Mundial de la Salud (OMS).<\/em><\/p>\n<p>En un comunicado, la comisi\u00f3n calific\u00f3 el nombramiento como \u201cinaudito\u201d, adem\u00e1s de \u201cinexistente dentro el esquema formal de representaci\u00f3n diplom\u00e1tica\u201d de M\u00e9xico.<\/p>\n<p>El grupo de investigadores record\u00f3 que durante la etapa de la pandemia document\u00f3 \u201cgraves omisiones y decisiones que contribuyeron a que M\u00e9xico registrara el cuarto nivel m\u00e1s alto de exceso de mortalidad en el mundo\u201d, de acuerdo con cifras de la OMS.<\/p>\n<p>Seg\u00fan la comisi\u00f3n, M\u00e9xico contabiliz\u00f3 el n\u00famero m\u00e1s alto de muertes de personal m\u00e9dico en el continente americano y el 44% de mortalidad hospitalaria.<\/p>\n<p>\u201cCon este nombramiento, no s\u00f3lo se ignoran las lecciones de la pandemia: se env\u00eda una se\u00f1al alarmante sobre la falta de compromiso del Estado mexicano con los est\u00e1ndares internacionales de salud p\u00fablica\u201d, se\u00f1ala del documento.<\/p>\n<p>En el escrito, se se\u00f1al\u00f3 que la relaci\u00f3n de M\u00e9xico con la OMS \u201cno puede quedar en manos de funcionarios directamente responsables de que la respuesta gubernamental se apartara de forma sostenida\u201d de las recomendaciones de esta dicha organizaci\u00f3n durante la crisis sanitaria.<\/p>\n<p>\u201cEl manejo pol\u00edtico de las percepciones se puso por encima de las normas de la OMS, la evidencia y la vida misma\u201d, acus\u00f3 la comisi\u00f3n.<\/p>\n<p>El pasado lunes la presidenta<strong> Claudia Sheinbaum<\/strong> confirm\u00f3 que el exsubsecretario de Salud, Hugo L\u00f3pez-Gatell, ser\u00e1 representante del pa\u00eds ante la OMS y explic\u00f3 que el nombramiento no requiere aprobaci\u00f3n del Congreso.<\/p>\n<p><img loading=\"lazy\" decoding=\"async\" class=\"alignleft size-full wp-image-1258962\" src=\"https:\/\/www.acapulcopress.com\/wp-content\/uploads\/2025\/07\/COVID1.jpeg\" alt=\"\" width=\"960\" height=\"1352\" srcset=\"https:\/\/www.acapulcopress.com\/wp-content\/uploads\/2025\/07\/COVID1.jpeg 960w, https:\/\/www.acapulcopress.com\/wp-content\/uploads\/2025\/07\/COVID1-213x300.jpeg 213w, https:\/\/www.acapulcopress.com\/wp-content\/uploads\/2025\/07\/COVID1-727x1024.jpeg 727w, https:\/\/www.acapulcopress.com\/wp-content\/uploads\/2025\/07\/COVID1-768x1082.jpeg 768w, https:\/\/www.acapulcopress.com\/wp-content\/uploads\/2025\/07\/COVID1-580x817.jpeg 580w, https:\/\/www.acapulcopress.com\/wp-content\/uploads\/2025\/07\/COVID1-860x1211.jpeg 860w\" sizes=\"auto, (max-width: 960px) 100vw, 960px\" \/> <img loading=\"lazy\" decoding=\"async\" class=\"alignleft size-full wp-image-1258963\" src=\"https:\/\/www.acapulcopress.com\/wp-content\/uploads\/2025\/07\/COVID2.jpeg\" alt=\"\" width=\"940\" height=\"1336\" srcset=\"https:\/\/www.acapulcopress.com\/wp-content\/uploads\/2025\/07\/COVID2.jpeg 940w, https:\/\/www.acapulcopress.com\/wp-content\/uploads\/2025\/07\/COVID2-211x300.jpeg 211w, https:\/\/www.acapulcopress.com\/wp-content\/uploads\/2025\/07\/COVID2-720x1024.jpeg 720w, https:\/\/www.acapulcopress.com\/wp-content\/uploads\/2025\/07\/COVID2-768x1092.jpeg 768w, https:\/\/www.acapulcopress.com\/wp-content\/uploads\/2025\/07\/COVID2-580x824.jpeg 580w, https:\/\/www.acapulcopress.com\/wp-content\/uploads\/2025\/07\/COVID2-860x1222.jpeg 860w\" sizes=\"auto, (max-width: 940px) 100vw, 940px\" \/><\/p>\n<p><em>) acapulcopress.com<\/em><\/p>\n","protected":false},"excerpt":{"rendered":"<p>CIUDAD DE M\u00c9XICO * 2 de julio 2025 ) LatinUs Comisi\u00f3n Independiente de Investigaci\u00f3n sobre la Pandemia de Covid-19 en M\u00e9xico rechaz\u00f3 este mi\u00e9rcoles el nombramiento de Hugo L\u00f3pez-Gatell como representante ante la Organizaci\u00f3n Mundial de la Salud (OMS). En un comunicado, la comisi\u00f3n calific\u00f3 el nombramiento como \u201cinaudito\u201d, adem\u00e1s de \u201cinexistente dentro el esquema&#8230;<\/p>\n","protected":false},"author":1,"featured_media":1258961,"comment_status":"closed","ping_status":"open","sticky":false,"template":"","format":"standard","meta":{"footnotes":""},"categories":[1997],"tags":[5851,9941,14033,18598],"class_list":["post-1258960","post","type-post","status-publish","format-standard","has-post-thumbnail","hentry","category-noticias-destacadas","tag-claudia-sheinbaum","tag-hugo-lopez-gatell","tag-organizacion-mundial-de-la-salud-oms","tag-pandemia-covid-19-en-mexico"],"_links":{"self":[{"href":"https:\/\/www.acapulcopress.com\/index.php\/wp-json\/wp\/v2\/posts\/1258960","targetHints":{"allow":["GET"]}}],"collection":[{"href":"https:\/\/www.acapulcopress.com\/index.php\/wp-json\/wp\/v2\/posts"}],"about":[{"href":"https:\/\/www.acapulcopress.com\/index.php\/wp-json\/wp\/v2\/types\/post"}],"author":[{"embeddable":true,"href":"https:\/\/www.acapulcopress.com\/index.php\/wp-json\/wp\/v2\/users\/1"}],"replies":[{"embeddable":true,"href":"https:\/\/www.acapulcopress.com\/index.php\/wp-json\/wp\/v2\/comments?post=1258960"}],"version-history":[{"count":2,"href":"https:\/\/www.acapulcopress.com\/index.php\/wp-json\/wp\/v2\/posts\/1258960\/revisions"}],"predecessor-version":[{"id":1258965,"href":"https:\/\/www.acapulcopress.com\/index.php\/wp-json\/wp\/v2\/posts\/1258960\/revisions\/1258965"}],"wp:featuredmedia":[{"embeddable":true,"href":"https:\/\/www.acapulcopress.com\/index.php\/wp-json\/wp\/v2\/media\/1258961"}],"wp:attachment":[{"href":"https:\/\/www.acapulcopress.com\/index.php\/wp-json\/wp\/v2\/media?parent=1258960"}],"wp:term":[{"taxonomy":"category","embeddable":true,"href":"https:\/\/www.acapulcopress.com\/index.php\/wp-json\/wp\/v2\/categories?post=1258960"},{"taxonomy":"post_tag","embeddable":true,"href":"https:\/\/www.acapulcopress.com\/index.php\/wp-json\/wp\/v2\/tags?post=1258960"}],"curies":[{"name":"wp","href":"https:\/\/api.w.org\/{rel}","templated":true}]}}