{"id":1258966,"date":"2025-07-02T20:42:05","date_gmt":"2025-07-03T02:42:05","guid":{"rendered":"https:\/\/www.acapulcopress.com\/?p=1258966"},"modified":"2025-07-02T20:45:06","modified_gmt":"2025-07-03T02:45:06","slug":"politica-publica-estructurada-de-evelyn-salgado-disminuyo-feminicidios-en-guerrero","status":"publish","type":"post","link":"https:\/\/www.acapulcopress.com\/index.php\/2025\/07\/02\/politica-publica-estructurada-de-evelyn-salgado-disminuyo-feminicidios-en-guerrero\/","title":{"rendered":"Pol\u00edtica p\u00fablica estructurada de Evelyn Salgado disminuy\u00f3 feminicidios en Guerrero"},"content":{"rendered":"<p>CHILPANCINGO * 2 de julio 2025<br \/>\n<em>) Gobierno de Guerrero<br \/>\n<\/em>La disminuci\u00f3n de los indicadores de violencia contra las mujeres en Guerrero no es producto del azar. Detr\u00e1s de las cifras hay una pol\u00edtica p\u00fablica estructurada, con enfoque integral y visi\u00f3n de largo plazo, impulsada desde el inicio de la administraci\u00f3n de la gobernadora <strong>Evelyn Salgado Pineda<\/strong>.<\/p>\n<p>Con reformas legislativas de alto impacto, esquemas de atenci\u00f3n directa, fortalecimiento institucional y programas con perspectiva de g\u00e9nero, el gobierno estatal ha logrado sentar bases firmes para enfrentar y contener la violencia en todas sus expresiones.<\/p>\n<p><strong>Reformas clave promovidas desde el Ejecutivo<\/strong><\/p>\n<p>Durante este periodo, Guerrero ha sido pionero en impulsar cambios legislativos sustantivos:<\/p>\n<p><strong>Ley Camila<\/strong> (2023)<br \/>\nEndurece las sanciones contra agresores sexuales. Fue impulsada directamente por la gobernadora<strong> Evelyn Salgado<\/strong>, con respaldo de v\u00edctimas y organizaciones civiles.<\/p>\n<p><strong>Prohibici\u00f3n de la Cohabitaci\u00f3n Forzada<\/strong> (Decreto 241, nov. 2022)<br \/>\nReforma al C\u00f3digo Penal para proteger a ni\u00f1as y adolescentes de uniones impuestas o violentas.<\/p>\n<p><strong>Ley Ingrid Guerrero<\/strong> (Decreto 204, ene. 2025)<br \/>\nPenaliza la difusi\u00f3n no autorizada de im\u00e1genes de mujeres v\u00edctimas de violencia.<\/p>\n<p><strong>Reforma al art\u00edculo 5\u00ba de la Constituci\u00f3n local<\/strong><br \/>\nReconoce el derecho a la b\u00fasqueda inmediata de personas desaparecidas, agilizando la intervenci\u00f3n de autoridades.<\/p>\n<p><strong>Nueva Ley de Bienestar<\/strong> (2025)<br \/>\nIntegra un programa espec\u00edfico de apoyo econ\u00f3mico para madres jefas de familia, con enfoque en autonom\u00eda y protecci\u00f3n.<\/p>\n<p><strong>Programas y acciones con enfoque integral<\/strong><\/p>\n<p>El eje operativo de esta pol\u00edtica p\u00fablica se articula a trav\u00e9s de programas que combinan prevenci\u00f3n, respuesta inmediata y acompa\u00f1amiento integral:<\/p>\n<p>\ud83d\udfe3<strong> Protocolo Violeta<\/strong><\/p>\n<p><strong>Alerta Violeta<\/strong>:<br \/>\nReporta un 93% de efectividad en la localizaci\u00f3n de mujeres, adolescentes y ni\u00f1as desaparecidas reportadas al 911.<\/p>\n<p><strong>Transporte Violeta<\/strong>:<br \/>\nM\u00e1s de 70 mil mujeres usuarias al mes se benefician de 71 unidades exclusivas o preferentes en tres municipios. 5,449 operadores han sido capacitados en g\u00e9nero; el 100 % de los 271 asignados a estas unidades aprobaron los ex\u00e1menes de control y confianza.<\/p>\n<p><strong>Tarjeta Violeta<\/strong>:<br \/>\nHa otorgado atenci\u00f3n integral a m\u00e1s de 20,000 mujeres en las ocho regiones del estado, con \u00e9nfasis en salud mental, autonom\u00eda econ\u00f3mica y educaci\u00f3n.<\/p>\n<p>\ud83d\udfe3 <strong>Guerrero Act\u00faa<\/strong><\/p>\n<p>Mecanismo interinstitucional para atender y erradicar la violencia feminicida y los agravios estructurales que limitan el ejercicio pleno de los derechos de las mujeres.<\/p>\n<p>\ud83d\udfe3 <strong>Educaci\u00f3n para la igualdad<\/strong><\/p>\n<p><strong>Libros para la Igualdad en Guerrero<\/strong>:<\/p>\n<p>Distribuidos en 3,241 escuelas de nivel b\u00e1sico, especialmente en los nueve municipios con Alerta de Violencia de G\u00e9nero.<\/p>\n<p><em>Red de atenci\u00f3n a v\u00edctimas, cobertura y capacidad institucional<\/em><\/p>\n<p><em>El gobierno del estado ha fortalecido la infraestructura de atenci\u00f3n a mujeres v\u00edctimas de violencia:<\/em><\/p>\n<p><em>Centros de Apoyo Interdisciplinario en Chilpancingo y Acapulco.<\/em><\/p>\n<p><em>Centro de Justicia para Mujeres en la regi\u00f3n Monta\u00f1a.<\/em><\/p>\n<p><em>Refugio estatal para mujeres, hijas e hijos v\u00edctimas de violencia extrema.<\/em><\/p>\n<p><em>Defensor\u00edas y procuradur\u00edas especializadas en Iguala y otras regiones.<\/em><\/p>\n<p><em>Unidad Policial de G\u00e9nero capacitada como primer respondiente.<\/em><\/p>\n<p><em>L\u00ednea de atenci\u00f3n 24\/7 para acompa\u00f1amiento, denuncia y orientaci\u00f3n inmediata.<\/em><\/p>\n<p>Tambi\u00e9n destaca la estrategia para erradicar el matrimonio y embarazo infantil, particularmente en comunidades de la regi\u00f3n Monta\u00f1a, donde estos fen\u00f3menos tienen ra\u00edces socioculturales profundas.<\/p>\n<p><strong>Pol\u00edtica p\u00fablica que deja cimientos<\/strong><\/p>\n<p>Los resultados que hoy colocan a Guerrero entre los estados con menor incidencia en delitos como feminicidio, violaci\u00f3n y violencia familiar, son el reflejo de una estrategia estatal coherente, coordinada y sostenida en el tiempo.<\/p>\n<p>M\u00e1s all\u00e1 de los indicadores, lo que se ha consolidado es una nueva forma de gobernar con enfoque de g\u00e9nero, donde la prevenci\u00f3n, la justicia y el acompa\u00f1amiento a las mujeres se asumen como responsabilidades prioritarias del estado.<\/p>\n<p><img loading=\"lazy\" decoding=\"async\" class=\"alignleft size-full wp-image-1258968\" src=\"https:\/\/www.acapulcopress.com\/wp-content\/uploads\/2025\/07\/feminicidios-gro.jpg\" alt=\"\" width=\"1030\" height=\"1600\" srcset=\"https:\/\/www.acapulcopress.com\/wp-content\/uploads\/2025\/07\/feminicidios-gro.jpg 1030w, https:\/\/www.acapulcopress.com\/wp-content\/uploads\/2025\/07\/feminicidios-gro-193x300.jpg 193w, https:\/\/www.acapulcopress.com\/wp-content\/uploads\/2025\/07\/feminicidios-gro-659x1024.jpg 659w, https:\/\/www.acapulcopress.com\/wp-content\/uploads\/2025\/07\/feminicidios-gro-768x1193.jpg 768w, https:\/\/www.acapulcopress.com\/wp-content\/uploads\/2025\/07\/feminicidios-gro-989x1536.jpg 989w, https:\/\/www.acapulcopress.com\/wp-content\/uploads\/2025\/07\/feminicidios-gro-580x901.jpg 580w, https:\/\/www.acapulcopress.com\/wp-content\/uploads\/2025\/07\/feminicidios-gro-860x1336.jpg 860w\" sizes=\"auto, (max-width: 1030px) 100vw, 1030px\" \/><\/p>\n<p><em>) acapulcopress.com<\/em><\/p>\n","protected":false},"excerpt":{"rendered":"<p>CHILPANCINGO * 2 de julio 2025 ) Gobierno de Guerrero La disminuci\u00f3n de los indicadores de violencia contra las mujeres en Guerrero no es producto del azar. Detr\u00e1s de las cifras hay una pol\u00edtica p\u00fablica estructurada, con enfoque integral y visi\u00f3n de largo plazo, impulsada desde el inicio de la administraci\u00f3n de la gobernadora Evelyn&#8230;<\/p>\n","protected":false},"author":1,"featured_media":1258967,"comment_status":"closed","ping_status":"open","sticky":false,"template":"","format":"standard","meta":{"footnotes":""},"categories":[18457,2010],"tags":[3586,8245,8471,9302,15109,16994,17352],"class_list":["post-1258966","post","type-post","status-publish","format-standard","has-post-thumbnail","hentry","category-gestiones","category-sociedad","tag-alerta-violeta","tag-evelyn-salgado","tag-feminicidios","tag-gobierno-de-guerrero","tag-protocolo-violeta","tag-tarjeta-violeta","tag-transporte-violeta"],"_links":{"self":[{"href":"https:\/\/www.acapulcopress.com\/index.php\/wp-json\/wp\/v2\/posts\/1258966","targetHints":{"allow":["GET"]}}],"collection":[{"href":"https:\/\/www.acapulcopress.com\/index.php\/wp-json\/wp\/v2\/posts"}],"about":[{"href":"https:\/\/www.acapulcopress.com\/index.php\/wp-json\/wp\/v2\/types\/post"}],"author":[{"embeddable":true,"href":"https:\/\/www.acapulcopress.com\/index.php\/wp-json\/wp\/v2\/users\/1"}],"replies":[{"embeddable":true,"href":"https:\/\/www.acapulcopress.com\/index.php\/wp-json\/wp\/v2\/comments?post=1258966"}],"version-history":[{"count":3,"href":"https:\/\/www.acapulcopress.com\/index.php\/wp-json\/wp\/v2\/posts\/1258966\/revisions"}],"predecessor-version":[{"id":1258971,"href":"https:\/\/www.acapulcopress.com\/index.php\/wp-json\/wp\/v2\/posts\/1258966\/revisions\/1258971"}],"wp:featuredmedia":[{"embeddable":true,"href":"https:\/\/www.acapulcopress.com\/index.php\/wp-json\/wp\/v2\/media\/1258967"}],"wp:attachment":[{"href":"https:\/\/www.acapulcopress.com\/index.php\/wp-json\/wp\/v2\/media?parent=1258966"}],"wp:term":[{"taxonomy":"category","embeddable":true,"href":"https:\/\/www.acapulcopress.com\/index.php\/wp-json\/wp\/v2\/categories?post=1258966"},{"taxonomy":"post_tag","embeddable":true,"href":"https:\/\/www.acapulcopress.com\/index.php\/wp-json\/wp\/v2\/tags?post=1258966"}],"curies":[{"name":"wp","href":"https:\/\/api.w.org\/{rel}","templated":true}]}}