{"id":1258972,"date":"2025-07-02T21:01:23","date_gmt":"2025-07-03T03:01:23","guid":{"rendered":"https:\/\/www.acapulcopress.com\/?p=1258972"},"modified":"2025-07-02T21:08:45","modified_gmt":"2025-07-03T03:08:45","slug":"abasto-de-placas-vehiculares-garantizado-sefina","status":"publish","type":"post","link":"https:\/\/www.acapulcopress.com\/index.php\/2025\/07\/02\/abasto-de-placas-vehiculares-garantizado-sefina\/","title":{"rendered":"Abasto de placas vehiculares garantizado | SefinaGro"},"content":{"rendered":"<p>CHILPANCINGO * 2 de julio 2025<br \/>\n<em>) Secretar\u00eda de Finanzas Guerrero<\/em><br \/>\nEl gobierno del estado, a trav\u00e9s de la<em> Secretar\u00eda de Finanzas y Administraci\u00f3n<\/em> garantiza el abasto de placas vehiculares en agencias recaudadoras de todo el estado, por lo cual los contribuyentes no tendr\u00e1n contratiempo en sus tr\u00e1mites al cumplir con el pago de placas con lo cual se eficienta la atenci\u00f3n a los guerrerenses.<\/p>\n<p>Adem\u00e1s, se les invita a las y los propietarios de veh\u00edculos a aprovechar esta disponibilidad y realizar sus tr\u00e1mites correspondientes en cualquiera de las agencias recaudadoras, evitando as\u00ed aglomeraciones o esperas innecesarias.<\/p>\n<p>Asimismo, ofrece orientaci\u00f3n directa y resolver dudas espec\u00edficas sobre los tr\u00e1mites, la <em>Sefina<\/em> ha habilitado las siguientes l\u00edneas telef\u00f3nicas de atenci\u00f3n al p\u00fablico: 744 131 4784 y 800 907 33 46.<\/p>\n<p><img loading=\"lazy\" decoding=\"async\" class=\"alignleft size-full wp-image-1258976\" src=\"https:\/\/www.acapulcopress.com\/wp-content\/uploads\/2025\/07\/TENENCIA-VEHICULAR4-scaled.jpg\" alt=\"\" width=\"1920\" height=\"2560\" srcset=\"https:\/\/www.acapulcopress.com\/wp-content\/uploads\/2025\/07\/TENENCIA-VEHICULAR4-scaled.jpg 1920w, https:\/\/www.acapulcopress.com\/wp-content\/uploads\/2025\/07\/TENENCIA-VEHICULAR4-225x300.jpg 225w, https:\/\/www.acapulcopress.com\/wp-content\/uploads\/2025\/07\/TENENCIA-VEHICULAR4-768x1024.jpg 768w, https:\/\/www.acapulcopress.com\/wp-content\/uploads\/2025\/07\/TENENCIA-VEHICULAR4-1152x1536.jpg 1152w, https:\/\/www.acapulcopress.com\/wp-content\/uploads\/2025\/07\/TENENCIA-VEHICULAR4-1536x2048.jpg 1536w, https:\/\/www.acapulcopress.com\/wp-content\/uploads\/2025\/07\/TENENCIA-VEHICULAR4-580x773.jpg 580w, https:\/\/www.acapulcopress.com\/wp-content\/uploads\/2025\/07\/TENENCIA-VEHICULAR4-860x1147.jpg 860w, https:\/\/www.acapulcopress.com\/wp-content\/uploads\/2025\/07\/TENENCIA-VEHICULAR4-1160x1547.jpg 1160w, https:\/\/www.acapulcopress.com\/wp-content\/uploads\/2025\/07\/TENENCIA-VEHICULAR4-1320x1760.jpg 1320w\" sizes=\"auto, (max-width: 1920px) 100vw, 1920px\" \/> <img loading=\"lazy\" decoding=\"async\" class=\"alignleft size-full wp-image-1258975\" src=\"https:\/\/www.acapulcopress.com\/wp-content\/uploads\/2025\/07\/TENENCIA-VEHICULAR3-scaled.jpg\" alt=\"\" width=\"1920\" height=\"2560\" srcset=\"https:\/\/www.acapulcopress.com\/wp-content\/uploads\/2025\/07\/TENENCIA-VEHICULAR3-scaled.jpg 1920w, https:\/\/www.acapulcopress.com\/wp-content\/uploads\/2025\/07\/TENENCIA-VEHICULAR3-225x300.jpg 225w, https:\/\/www.acapulcopress.com\/wp-content\/uploads\/2025\/07\/TENENCIA-VEHICULAR3-768x1024.jpg 768w, https:\/\/www.acapulcopress.com\/wp-content\/uploads\/2025\/07\/TENENCIA-VEHICULAR3-1152x1536.jpg 1152w, https:\/\/www.acapulcopress.com\/wp-content\/uploads\/2025\/07\/TENENCIA-VEHICULAR3-1536x2048.jpg 1536w, https:\/\/www.acapulcopress.com\/wp-content\/uploads\/2025\/07\/TENENCIA-VEHICULAR3-580x773.jpg 580w, https:\/\/www.acapulcopress.com\/wp-content\/uploads\/2025\/07\/TENENCIA-VEHICULAR3-860x1147.jpg 860w, https:\/\/www.acapulcopress.com\/wp-content\/uploads\/2025\/07\/TENENCIA-VEHICULAR3-1160x1547.jpg 1160w, https:\/\/www.acapulcopress.com\/wp-content\/uploads\/2025\/07\/TENENCIA-VEHICULAR3-1320x1760.jpg 1320w\" sizes=\"auto, (max-width: 1920px) 100vw, 1920px\" \/> <img loading=\"lazy\" decoding=\"async\" class=\"alignleft size-full wp-image-1258974\" src=\"https:\/\/www.acapulcopress.com\/wp-content\/uploads\/2025\/07\/TENENCIA-VEHICULAR2.jpg\" alt=\"\" width=\"1280\" height=\"960\" srcset=\"https:\/\/www.acapulcopress.com\/wp-content\/uploads\/2025\/07\/TENENCIA-VEHICULAR2.jpg 1280w, https:\/\/www.acapulcopress.com\/wp-content\/uploads\/2025\/07\/TENENCIA-VEHICULAR2-300x225.jpg 300w, https:\/\/www.acapulcopress.com\/wp-content\/uploads\/2025\/07\/TENENCIA-VEHICULAR2-1024x768.jpg 1024w, https:\/\/www.acapulcopress.com\/wp-content\/uploads\/2025\/07\/TENENCIA-VEHICULAR2-768x576.jpg 768w, https:\/\/www.acapulcopress.com\/wp-content\/uploads\/2025\/07\/TENENCIA-VEHICULAR2-580x435.jpg 580w, https:\/\/www.acapulcopress.com\/wp-content\/uploads\/2025\/07\/TENENCIA-VEHICULAR2-860x645.jpg 860w, https:\/\/www.acapulcopress.com\/wp-content\/uploads\/2025\/07\/TENENCIA-VEHICULAR2-1160x870.jpg 1160w\" sizes=\"auto, (max-width: 1280px) 100vw, 1280px\" \/><\/p>\n<p><em>) acapulcopress.com<\/em><\/p>\n","protected":false},"excerpt":{"rendered":"<p>El gobierno del estado, a trav\u00e9s de la Secretar\u00eda de Finanzas y Administraci\u00f3n garantiza el abasto de placas vehiculares en agencias recaudadoras de todo el estado, por lo cual los contribuyentes no tendr\u00e1n contratiempo en sus tr\u00e1mites al cumplir con el pago de placas con lo cual se eficienta la atenci\u00f3n a las y los guerrerenses.<\/p>\n<p>Adem\u00e1s, se les invita a las y los propietarios de veh\u00edculos a aprovechar esta disponibilidad y realizar sus tr\u00e1mites correspondientes en cualquiera de las agencias recaudadoras, evitando as\u00ed aglomeraciones o esperas innecesarias.<\/p>\n<p>Asimismo, ofrece orientaci\u00f3n directa y resolver dudas espec\u00edficas sobre los tr\u00e1mites, la Sefina ha habilitado las siguientes l\u00edneas telef\u00f3nicas de<\/p>\n","protected":false},"author":1,"featured_media":1258973,"comment_status":"closed","ping_status":"open","sticky":false,"template":"","format":"standard","meta":{"footnotes":""},"categories":[18599,2009],"tags":[16182],"class_list":["post-1258972","post","type-post","status-publish","format-standard","has-post-thumbnail","hentry","category-generales-politics","category-politics","tag-secretaria-de-finanzas-y-administracion-de-guerrero-sefina"],"_links":{"self":[{"href":"https:\/\/www.acapulcopress.com\/index.php\/wp-json\/wp\/v2\/posts\/1258972","targetHints":{"allow":["GET"]}}],"collection":[{"href":"https:\/\/www.acapulcopress.com\/index.php\/wp-json\/wp\/v2\/posts"}],"about":[{"href":"https:\/\/www.acapulcopress.com\/index.php\/wp-json\/wp\/v2\/types\/post"}],"author":[{"embeddable":true,"href":"https:\/\/www.acapulcopress.com\/index.php\/wp-json\/wp\/v2\/users\/1"}],"replies":[{"embeddable":true,"href":"https:\/\/www.acapulcopress.com\/index.php\/wp-json\/wp\/v2\/comments?post=1258972"}],"version-history":[{"count":5,"href":"https:\/\/www.acapulcopress.com\/index.php\/wp-json\/wp\/v2\/posts\/1258972\/revisions"}],"predecessor-version":[{"id":1258985,"href":"https:\/\/www.acapulcopress.com\/index.php\/wp-json\/wp\/v2\/posts\/1258972\/revisions\/1258985"}],"wp:featuredmedia":[{"embeddable":true,"href":"https:\/\/www.acapulcopress.com\/index.php\/wp-json\/wp\/v2\/media\/1258973"}],"wp:attachment":[{"href":"https:\/\/www.acapulcopress.com\/index.php\/wp-json\/wp\/v2\/media?parent=1258972"}],"wp:term":[{"taxonomy":"category","embeddable":true,"href":"https:\/\/www.acapulcopress.com\/index.php\/wp-json\/wp\/v2\/categories?post=1258972"},{"taxonomy":"post_tag","embeddable":true,"href":"https:\/\/www.acapulcopress.com\/index.php\/wp-json\/wp\/v2\/tags?post=1258972"}],"curies":[{"name":"wp","href":"https:\/\/api.w.org\/{rel}","templated":true}]}}