{"id":1258990,"date":"2025-06-30T07:03:09","date_gmt":"2025-06-30T13:03:09","guid":{"rendered":"https:\/\/www.acapulcopress.com\/?p=1258990"},"modified":"2025-07-04T07:34:52","modified_gmt":"2025-07-04T13:34:52","slug":"proponer-modernizar-y-hacer-sustentables-escuelas-en-guerrero","status":"publish","type":"post","link":"https:\/\/www.acapulcopress.com\/index.php\/2025\/06\/30\/proponer-modernizar-y-hacer-sustentables-escuelas-en-guerrero\/","title":{"rendered":"Proponer modernizar y hacer sustentables escuelas en Guerrero"},"content":{"rendered":"<p>CHILPANCINGO * 30 de junio 2025<br \/>\n<em>) LXVI legislatura | Guerrero<\/em><br \/>\nEl diputado <strong>Marco Tulio S\u00e1nchez Alarc\u00f3n<\/strong> (Morena) propone reformas y adiciones a diversas disposiciones de la Ley que Regula la Infraestructura F\u00edsica Educativa para el Estado, para que sea una obligaci\u00f3n normativa la modernizaci\u00f3n tecnol\u00f3gica, estructural y sustentable de los planteles escolares, garantizando condiciones dignas, seguras e innovadoras que fortalezcan el derecho a una educaci\u00f3n de calidad en Guerrero.<\/p>\n<p>En la iniciativa, que analiza la Comisi\u00f3n de Educaci\u00f3n, Ciencia y Tecnolog\u00eda y a la que se adhiri\u00f3 la diputada <strong>Mar\u00eda de Jes\u00fas Galeana Radilla<\/strong>, el legislador explica que el sistema educativo guerrerense enfrenta m\u00faltiples desaf\u00edos asociados al rezago tecnol\u00f3gico, deterioro estructural de sus instalaciones y una limitada incorporaci\u00f3n de criterios de sostenibilidad, accesibilidad y conectividad digital.<\/p>\n<p>Asegura que estas carencias afectan directamente la calidad del aprendizaje, limitan la innovaci\u00f3n pedag\u00f3gica e impiden una formaci\u00f3n integral de las ni\u00f1as, ni\u00f1os y j\u00f3venes guerrerenses.<\/p>\n<p>Refiere que la infraestructura f\u00edsica educativa no debe limitarse a la edificaci\u00f3n de aulas y servicios b\u00e1sicos, sino que debe concebirse como un entorno integral de aprendizaje que facilite la ense\u00f1anza moderna, digital y segura, por ello propone incluir como obligaci\u00f3n normativa el proceso de modernizaci\u00f3n tecnol\u00f3gica, digital y estructural de los planteles; establecer la<\/p>\n<p>obligaci\u00f3n de que los planteles cuenten progresivamente con conectividad a internet, aulas digitales, mobiliario ergon\u00f3mico e instalaciones sustentables.<\/p>\n<p>Asimismo, integrar mecanismos de participaci\u00f3n comunitaria y evaluaci\u00f3n del impacto tecnol\u00f3gico y pedag\u00f3gico de las obras y fortalecer el marco normativo del Instituto Guerrerense de Infraestructura F\u00edsica Educativa, para que tenga atribuciones espec\u00edficas en materia de innovaci\u00f3n y sostenibilidad educativa.<\/p>\n<p>Tambi\u00e9n en la iniciativa de reformas a los art\u00edculos 2, 3, 19 y 30 de la Ley que Regula la Infraestructura F\u00edsica Educativa para el Estado, se propone incorporar expresamente como funci\u00f3n del Estado y del Instituto Guerrerense de Infraestructura F\u00edsica Educativa la modernizaci\u00f3n de la infraestructura educativa, as\u00ed como redefinir conceptos y atribuciones clave en concordancia con los avances tecnol\u00f3gicos y el enfoque de derechos.<\/p>\n<p>Y en las adiciones propone nuevas disposiciones en los art\u00edculos 3, 9 y 19 para establecer los criterios m\u00ednimos que deben reunir los planteles escolares como conectividad a internet de banda ancha, aulas digitales equipadas con herramientas interactivas, mobiliario ergon\u00f3mico adaptado a metodolog\u00edas pedag\u00f3gicas modernas e instalaciones sustentables con captaci\u00f3n de energ\u00eda renovable, agua pluvial e iluminaci\u00f3n eficiente.<\/p>\n<p><em>) acapulcopress.com<\/em><\/p>\n","protected":false},"excerpt":{"rendered":"<p>CHILPANCINGO * 30 de junio 2025 ) LXVI legislatura | Guerrero El diputado Marco Tulio S\u00e1nchez Alarc\u00f3n (Morena) propone reformas y adiciones a diversas disposiciones de la Ley que Regula la Infraestructura F\u00edsica Educativa para el Estado, para que sea una obligaci\u00f3n normativa la modernizaci\u00f3n tecnol\u00f3gica, estructural y sustentable de los planteles escolares, garantizando condiciones&#8230;<\/p>\n","protected":false},"author":1,"featured_media":1258991,"comment_status":"closed","ping_status":"open","sticky":false,"template":"","format":"standard","meta":{"footnotes":""},"categories":[2037,61],"tags":[18372,12491,12530],"class_list":["post-1258990","post","type-post","status-publish","format-standard","has-post-thumbnail","hentry","category-congreso-de-guerrero","category-legislacion","tag-lxvi-legislatura-guerrero","tag-marco-tulio-sanchez-alarcon","tag-maria-de-jesus-galeana-radilla"],"_links":{"self":[{"href":"https:\/\/www.acapulcopress.com\/index.php\/wp-json\/wp\/v2\/posts\/1258990","targetHints":{"allow":["GET"]}}],"collection":[{"href":"https:\/\/www.acapulcopress.com\/index.php\/wp-json\/wp\/v2\/posts"}],"about":[{"href":"https:\/\/www.acapulcopress.com\/index.php\/wp-json\/wp\/v2\/types\/post"}],"author":[{"embeddable":true,"href":"https:\/\/www.acapulcopress.com\/index.php\/wp-json\/wp\/v2\/users\/1"}],"replies":[{"embeddable":true,"href":"https:\/\/www.acapulcopress.com\/index.php\/wp-json\/wp\/v2\/comments?post=1258990"}],"version-history":[{"count":3,"href":"https:\/\/www.acapulcopress.com\/index.php\/wp-json\/wp\/v2\/posts\/1258990\/revisions"}],"predecessor-version":[{"id":1258997,"href":"https:\/\/www.acapulcopress.com\/index.php\/wp-json\/wp\/v2\/posts\/1258990\/revisions\/1258997"}],"wp:featuredmedia":[{"embeddable":true,"href":"https:\/\/www.acapulcopress.com\/index.php\/wp-json\/wp\/v2\/media\/1258991"}],"wp:attachment":[{"href":"https:\/\/www.acapulcopress.com\/index.php\/wp-json\/wp\/v2\/media?parent=1258990"}],"wp:term":[{"taxonomy":"category","embeddable":true,"href":"https:\/\/www.acapulcopress.com\/index.php\/wp-json\/wp\/v2\/categories?post=1258990"},{"taxonomy":"post_tag","embeddable":true,"href":"https:\/\/www.acapulcopress.com\/index.php\/wp-json\/wp\/v2\/tags?post=1258990"}],"curies":[{"name":"wp","href":"https:\/\/api.w.org\/{rel}","templated":true}]}}