{"id":1259006,"date":"2025-07-04T19:11:13","date_gmt":"2025-07-05T01:11:13","guid":{"rendered":"https:\/\/www.acapulcopress.com\/?p=1259006"},"modified":"2025-07-04T19:15:22","modified_gmt":"2025-07-05T01:15:22","slug":"rechaza-felix-salgado-pretension-de-cerrar-radiouagro","status":"publish","type":"post","link":"https:\/\/www.acapulcopress.com\/index.php\/2025\/07\/04\/rechaza-felix-salgado-pretension-de-cerrar-radiouagro\/","title":{"rendered":"Rechaza F\u00e9lix intenci\u00f3n de cerrar RadioUAGro"},"content":{"rendered":"<p>SENADO DE LA REP\u00daBLICA * 4 de julio 2025<br \/>\n<em>) Redacci\u00f3n | Aps<\/em><br \/>\nEl senador guerrerense por Morena<strong> F\u00e9lix Salgado Macedonio<\/strong> rechaz\u00f3, categ\u00f3rico, la falsa noticia donde se le involucra, junto con el <img loading=\"lazy\" decoding=\"async\" class=\"alignleft wp-image-1259008 size-cmsmasters-square-thumb\" src=\"https:\/\/www.acapulcopress.com\/wp-content\/uploads\/2025\/07\/toro-felix-360x360.jpg\" alt=\"\" width=\"360\" height=\"360\" srcset=\"https:\/\/www.acapulcopress.com\/wp-content\/uploads\/2025\/07\/toro-felix-360x360.jpg 360w, https:\/\/www.acapulcopress.com\/wp-content\/uploads\/2025\/07\/toro-felix-150x150.jpg 150w, https:\/\/www.acapulcopress.com\/wp-content\/uploads\/2025\/07\/toro-felix-70x70.jpg 70w\" sizes=\"auto, (max-width: 360px) 100vw, 360px\" \/>senador pri\u00edsta <strong>Manuel A\u00f1orve Ba\u00f1os<\/strong>, de pretender clausurar la <em>Radiodifusora<\/em> de la <em>Universidad Aut\u00f3noma de Guerrero<\/em> (RadioUAGro)<\/p>\n<p>En un comunicado publicado en su p\u00e1gina personal de Facebool, el senador por Guerrero aclar\u00f3 \u00aba la opini\u00f3n p\u00fablica\u00bb que respecto a la nota publicada en (la revista) <em>Proceso<\/em>, donde se le se\u00f1ala que junto a A\u00f1orve Ba\u00f1os pretender \u00abcerrar\u00bb<em> Radio UAGro, <\/em>Al respecto, rechaza &#8211;tajante&#8211; tal aseveraci\u00f3n sin sustento.<\/p>\n<p>No es mi intenci\u00f3n \u00abcerrar una radiodifusora que ha estado al servicio del pueblo desde 1982 y donde siempre he encontrado puertas abiertas\u00bb.<\/p>\n<p>\u00abRespeto y apoyo la libertad de expresi\u00f3n y reconozco a<em> Radio UAGro<\/em> como un canal de expresi\u00f3n leg\u00edtimo y que ha acompa\u00f1ado las luchas<br \/>\ndemocr\u00e1ticas del estado\u00bb, precis\u00f3 Salgado.<\/p>\n<p>\u00abLas versiones difundidas sobre un supuesto apoyo para cerrar la radio son una felon\u00eda para desacreditarme\u00bb.<\/p>\n<p>\u00abAl contrario, defiendo y apoyo a <em>Radio UAGro<\/em> y a sus trabajadores\u00bb, aclar\u00f3 el senador, dejando muy preciso que \u00abdesde el Senado apoyo a los medios que, como Radio UAGro, ayudan a la construcci\u00f3n de la democracia en el pa\u00eds\u00bb.<\/p>\n<p>) acapulcopress.com<\/p>\n","protected":false},"excerpt":{"rendered":"<p>El senador guerrerense por Morena F\u00e9lix Salgado Macedonio rechaz\u00f3, categ\u00f3rico, la falsa noticia donde se le involucra, junto con el<br \/>\nsenador pri\u00edsta Manuel A\u00f1orve Ba\u00f1os, de pretender clausurar la Radiodifusora de la Universidad Aut\u00f3noma de Guerrero (RadioUAGro)<\/p>\n","protected":false},"author":1,"featured_media":1259007,"comment_status":"closed","ping_status":"open","sticky":false,"template":"","format":"standard","meta":{"footnotes":""},"categories":[1972],"tags":[8467,12366,15202,17610],"class_list":["post-1259006","post","type-post","status-publish","format-standard","has-post-thumbnail","hentry","category-special","tag-felix-salgado-macedonio","tag-manuel-anorve-banos","tag-radio-uagro","tag-universidad-autonoma-de-guerrero-uagro"],"_links":{"self":[{"href":"https:\/\/www.acapulcopress.com\/index.php\/wp-json\/wp\/v2\/posts\/1259006","targetHints":{"allow":["GET"]}}],"collection":[{"href":"https:\/\/www.acapulcopress.com\/index.php\/wp-json\/wp\/v2\/posts"}],"about":[{"href":"https:\/\/www.acapulcopress.com\/index.php\/wp-json\/wp\/v2\/types\/post"}],"author":[{"embeddable":true,"href":"https:\/\/www.acapulcopress.com\/index.php\/wp-json\/wp\/v2\/users\/1"}],"replies":[{"embeddable":true,"href":"https:\/\/www.acapulcopress.com\/index.php\/wp-json\/wp\/v2\/comments?post=1259006"}],"version-history":[{"count":5,"href":"https:\/\/www.acapulcopress.com\/index.php\/wp-json\/wp\/v2\/posts\/1259006\/revisions"}],"predecessor-version":[{"id":1259017,"href":"https:\/\/www.acapulcopress.com\/index.php\/wp-json\/wp\/v2\/posts\/1259006\/revisions\/1259017"}],"wp:featuredmedia":[{"embeddable":true,"href":"https:\/\/www.acapulcopress.com\/index.php\/wp-json\/wp\/v2\/media\/1259007"}],"wp:attachment":[{"href":"https:\/\/www.acapulcopress.com\/index.php\/wp-json\/wp\/v2\/media?parent=1259006"}],"wp:term":[{"taxonomy":"category","embeddable":true,"href":"https:\/\/www.acapulcopress.com\/index.php\/wp-json\/wp\/v2\/categories?post=1259006"},{"taxonomy":"post_tag","embeddable":true,"href":"https:\/\/www.acapulcopress.com\/index.php\/wp-json\/wp\/v2\/tags?post=1259006"}],"curies":[{"name":"wp","href":"https:\/\/api.w.org\/{rel}","templated":true}]}}