{"id":1259018,"date":"2025-07-04T19:37:35","date_gmt":"2025-07-05T01:37:35","guid":{"rendered":"https:\/\/www.acapulcopress.com\/?p=1259018"},"modified":"2025-07-04T19:52:20","modified_gmt":"2025-07-05T01:52:20","slug":"prepara-trump-aranceles-de-hasta-el-70-por-ciento","status":"publish","type":"post","link":"https:\/\/www.acapulcopress.com\/index.php\/2025\/07\/04\/prepara-trump-aranceles-de-hasta-el-70-por-ciento\/","title":{"rendered":"Prepara Trump aranceles de hasta el 70 por ciento"},"content":{"rendered":"<p>CHILPANCINGO * 4 de julio 2025<br \/>\n<em>) <a href=\"https:\/\/es.euronews.com\/2025\/07\/04\/trump-prepara-un-nuevo-regimen-arancelario-para-que-los-paises-empiecen-a-pagar-el-1-de-ag?utm_source=newsletter&amp;utm_campaign=today_newsletter&amp;utm_medium=referral&amp;insEmail=1&amp;insNltCmpId=215&amp;insNltSldt=10080&amp;insPnName=euronewsfr&amp;insUuid=MjY5MjEzMTAtYzdiZi00YzYzLWJmNTUtN2JjMGEzOTM1NmZk&amp;isIns=1&amp;isInsNltCmp=1\" target=\"_blank\" rel=\"noopener\">Euronews<\/a><br \/>\n<\/em><strong>Donald Trump<\/strong> declar\u00f3 que el viernes se enviar\u00edan \u00ab10 o 12\u00bb cartas, a las que seguir\u00edan otras, antes de la fecha l\u00edmite del 9 de julio para que los pa\u00edses lleguen a acuerdos y eviten mayores costes de importaci\u00f3n.<\/p>\n<p>Se espera que el presidente de Estados Unidos comience a notificar formalmente a sus principales socios comerciales un nuevo r\u00e9gimen arancelario tan pronto como el viernes, seg\u00fan informan los medios de comunicaci\u00f3n. Los aranceles, que entrar\u00e1n en vigor el 1 de agosto, podr\u00edan suponer para algunos pa\u00edses grav\u00e1menes de hasta el 70% sobre las exportaciones a Estados Unidos.<\/p>\n<p>En declaraciones a la prensa en v\u00edsperas de la festividad del <em>D\u00eda de la Independencia<\/em>, Trump dijo que se emitir\u00e1n unas \u00ab10 \u00f3 12\u00bb cartas de forma inmediata, a las que seguir\u00e1n otras en los pr\u00f3ximos d\u00edas.<\/p>\n<p>\u00abPara el d\u00eda 9 estar\u00e1n totalmente cubiertos\u00bb, declar\u00f3, en referencia a la fecha l\u00edmite del 9 de julio que fij\u00f3 previamente para alcanzar acuerdos que pudieran evitar el aumento de los aranceles. El enfoque de Trump, ampliamente considerado como parte de su agenda comercial America First, deja poco margen para la negociaci\u00f3n.<\/p>\n<p>\u00abSu valor oscilar\u00e1 entre un 60 o 70% de aranceles y un 10 o 20%\u00bb, a\u00f1adi\u00f3, dejando claro que la escala de los nuevos grav\u00e1menesvariar\u00eda seg\u00fan el pa\u00eds. Estados Unidos mantiene actualmente conversaciones delicadas con varias econom\u00edas, entre ellas Corea del Sur, Indonesia, Suiza y la Uni\u00f3n Europea.<\/p>\n<p>Se entiende que las conversaciones se encuentran en una fase cr\u00edtica, en la que se est\u00e1n abordando cuestiones delicadas. La <em>Casa Blanca<\/em> anunci\u00f3 por primera vez el aumento de los aranceles rec\u00edprocos el 2 de abril, pero retras\u00f3 su plena aplicaci\u00f3n 90 d\u00edas para dar tiempo a las conversaciones.<\/p>\n<p>En caso de que se aplique la totalidad de los aranceles la pr\u00f3xima semana, &#8216;Bloomberg Economics&#8217; calcula que el arancel medio sobre las importaciones estadounidenses podr\u00eda aumentar hasta alrededor del 20%, lo que supondr\u00eda un fuerte incremento con respecto a la media anterior a Trump de aproximadamente el 3%.<\/p>\n<p>Este aumento supondr\u00eda una escalada significativa respecto al marco inicial presentado en abril, en el que los aranceles propuestos oscilaban entre el 10 y el 50%. El presidente a\u00fan no ha detallado qu\u00e9 pa\u00edses o bienes entrar\u00edan en los tramos de tipos m\u00e1s altos. Trump dijo que las medidas empezar\u00edan a generar ingresos a partir del mes que viene. \u00abLos pa\u00edses empezar\u00edan a pagar el 1 de agosto. El dinero empezar\u00e1 a entrar en Estados Unidos el 1 de agosto\u00bb, dijo.<\/p>\n<p>Aunque los aranceles los pagan oficialmente los importadores o sus intermediarios, los costes suelen repercutirse en los consumidores o ser absorbidos por las empresas a trav\u00e9s de la reducci\u00f3n de los m\u00e1rgenes de beneficio.<\/p>\n<p>Seg\u00fan los medios de comunicaci\u00f3n locales, los economistas han advertido de que el efecto retardado de los aranceles podr\u00eda complicar los esfuerzos de la Reserva Federal por controlar la inflaci\u00f3n. Algunos funcionarios de la Reserva Federal se muestran reticentes a recortar los tipos de inter\u00e9s mientras no est\u00e9n claros todos los efectos econ\u00f3micos de las medidas comerciales.<\/p>\n<p>Los nuevos aranceles han sacudido los mercados mundiales, con ca\u00eddas de las acciones en Asia y Europa y el debilitamiento del d\u00f3lar. Los mercados estadounidenses permanecieron cerrados el jueves por la festividad del 4 de julio.<\/p>\n<p><em>) acapulcopress.com<\/em><\/p>\n","protected":false},"excerpt":{"rendered":"<p>El presidente de Estados Unidos, Donald Trump, declar\u00f3 que prepara nuevos aranceles de hasta el 70% que entrar\u00e1n en vigor el 1 de agosto<\/p>\n","protected":false},"author":1,"featured_media":1259019,"comment_status":"closed","ping_status":"open","sticky":false,"template":"","format":"standard","meta":{"footnotes":""},"categories":[1989,2020],"tags":[4080,18601,7450],"class_list":["post-1259018","post","type-post","status-publish","format-standard","has-post-thumbnail","hentry","category-noticias-generales","category-world-news","tag-aranceles","tag-dia-de-la-independencia","tag-donald-trump"],"_links":{"self":[{"href":"https:\/\/www.acapulcopress.com\/index.php\/wp-json\/wp\/v2\/posts\/1259018","targetHints":{"allow":["GET"]}}],"collection":[{"href":"https:\/\/www.acapulcopress.com\/index.php\/wp-json\/wp\/v2\/posts"}],"about":[{"href":"https:\/\/www.acapulcopress.com\/index.php\/wp-json\/wp\/v2\/types\/post"}],"author":[{"embeddable":true,"href":"https:\/\/www.acapulcopress.com\/index.php\/wp-json\/wp\/v2\/users\/1"}],"replies":[{"embeddable":true,"href":"https:\/\/www.acapulcopress.com\/index.php\/wp-json\/wp\/v2\/comments?post=1259018"}],"version-history":[{"count":4,"href":"https:\/\/www.acapulcopress.com\/index.php\/wp-json\/wp\/v2\/posts\/1259018\/revisions"}],"predecessor-version":[{"id":1259023,"href":"https:\/\/www.acapulcopress.com\/index.php\/wp-json\/wp\/v2\/posts\/1259018\/revisions\/1259023"}],"wp:featuredmedia":[{"embeddable":true,"href":"https:\/\/www.acapulcopress.com\/index.php\/wp-json\/wp\/v2\/media\/1259019"}],"wp:attachment":[{"href":"https:\/\/www.acapulcopress.com\/index.php\/wp-json\/wp\/v2\/media?parent=1259018"}],"wp:term":[{"taxonomy":"category","embeddable":true,"href":"https:\/\/www.acapulcopress.com\/index.php\/wp-json\/wp\/v2\/categories?post=1259018"},{"taxonomy":"post_tag","embeddable":true,"href":"https:\/\/www.acapulcopress.com\/index.php\/wp-json\/wp\/v2\/tags?post=1259018"}],"curies":[{"name":"wp","href":"https:\/\/api.w.org\/{rel}","templated":true}]}}